{"id":52777,"date":"2014-12-14T16:38:44","date_gmt":"2014-12-14T15:38:44","guid":{"rendered":"http:\/\/stockportal.hu\/?p=52777"},"modified":"2014-12-14T15:26:08","modified_gmt":"2014-12-14T14:26:08","slug":"jonak-lenni-jo-tobb-mint-70-millio-forint-gyult-ossze-eddig","status":"publish","type":"post","link":"https:\/\/gazdasagportal.hu\/index.php\/jonak-lenni-jo-tobb-mint-70-millio-forint-gyult-ossze-eddig\/","title":{"rendered":"J\u00f3nak lenni j\u00f3! &#8211; T\u00f6bb mint 70 milli\u00f3 forint gy\u0171lt \u00f6ssze eddig"},"content":{"rendered":"<p><strong>T\u00f6bb mint 70 milli\u00f3 forint gy\u0171lt \u00f6ssze vas\u00e1rnap d\u00e9lig a k\u00f6zm\u00e9dia J\u00f3nak lenni j\u00f3! elnevez\u00e9s\u0171 j\u00f3t\u00e9konys\u00e1gi kamp\u00e1ny\u00e1ban, amelynek id\u00e9n az \u00d6kumenikus Seg\u00e9lyszervezet a kedvezm\u00e9nyezettje.<\/strong><!--more--><\/p>\n<div class=\"ads-in-post1\"><div id=\"gazdasagportal.hu_fullbanner_wideboard\"><\/div>\r\n<\/div>\n<p>    Csizm\u00e1r Edina, a M\u00e9diaszolg\u00e1ltat\u00e1s-t\u00e1mogat\u00f3 \u00e9s Vagyonkezel\u0151 Alap (MTVA) Nemzetis\u00e9gi, K\u00fclhoni \u00e9s Kiemelt Projektek F\u0151szerkeszt\u0151s\u00e9g\u00e9nek kiemelt szerkeszt\u0151je vas\u00e1rnap, a kamp\u00e1ny z\u00e1r\u00f3napj\u00e1n az MTI-nek elmondta: a vas\u00e1rnap d\u00e9lel\u0151tti adatok szerint az \u00f6sszegy\u0171lt adom\u00e1nyok \u00f6sszege meghaladta a 70 milli\u00f3 forintot.<br \/>\n    Hozz\u00e1tette: a mediaklikk.hu\/jonaklennijo honlapon tal\u00e1lhat\u00f3, m\u0171v\u00e9szek \u00e9s sportol\u00f3k \u00e1ltal felaj\u00e1nlott t\u00e1rgyak k\u00f6z\u00fcl m\u00e1r t\u00f6bb mindent megv\u00e1s\u00e1roltak a seg\u00edteni sz\u00e1nd\u00e9koz\u00f3 emberek. Gazd\u00e1ra tal\u00e1lt egyebek mellett Melocco Mikl\u00f3s szobr\u00e1szm\u0171v\u00e9sz bronz kisplasztik\u00e1ja, egy dedik\u00e1lt Fradi mez, Erdei Zsolt \u00f6k\u00f6lv\u00edv\u00f3 dedik\u00e1lt edz\u0151p\u00f3l\u00f3ja, a Magyar Nemzeti T\u00e1ncegy\u00fcttes \u00e1ltal felaj\u00e1nlott kuruc t\u00fal\u00e9l\u0151 felszerel\u00e9s, a F\u00e9rfi V\u00edzilabda V\u00e1logatott dedik\u00e1lt p\u00f3l\u00f3ja, dedik\u00e1lt Herta labda D\u00e1rdai P\u00e1l sz\u00f6vets\u00e9gi kapit\u00e1ny felaj\u00e1nl\u00e1s\u00e1ban, valamint Angelina Jolie \u00e9s Brad Pitt dedik\u00e1lt fot\u00f3ja.<br \/>\n    A honlapon tov\u00e1bbi t\u00e1rgyakat &#8211; melyek k\u00f6z\u00f6tt Masat-1 csomag, K\u00e9kedi L\u00e1szl\u00f3 fafarag\u00f3 alkot\u00e1sa, Huszti P\u00e9ter cilindere, Kassai Viktor labdar\u00fag\u00f3-j\u00e1t\u00e9kvezet\u0151 dedik\u00e1lt meze, \u00e9s Heimann Zolt\u00e1n bor\u00e1sz exkluz\u00edv bork\u00fcl\u00f6nlegess\u00e9gei is megtal\u00e1lhat\u00f3k &#8211; v\u00e1s\u00e1rolhatnak az \u00e9rdekl\u0151d\u0151k, emellett h\u00e1rom t\u00e1rgyra licit\u00e1lhatnak m\u00e9g a mai napon: Bud Spencer olasz sz\u00ednm\u0171v\u00e9sz csukl\u00f3v\u00e9d\u0151j\u00e9re, Tim Howard t\u00f6bb mint sz\u00e1zszoros amerikai v\u00e1logatott labdar\u00fag\u00f3 mez\u00e9re \u00e9s a Herendi Porcel\u00e1nmanufakt\u00fara felaj\u00e1nlott t\u00e1rgy\u00e1ra. Folyamatosan \u00e9l a 1353-as adom\u00e1nyvonal is, ezen h\u00edv\u00e1sonk\u00e9nt 250 forinttal lehet t\u00e1mogatni a seg\u00e9lyszervezet munk\u00e1j\u00e1t.<br \/>\n    A k\u00f6zm\u00e9dia csatorn\u00e1in reggelt\u0151l estig t\u00f6bbek k\u00f6z\u00f6tt riportok, st\u00fadi\u00f3besz\u00e9lget\u00e9sek \u00e9s k\u00fcl\u00f6nb\u00f6z\u0151 \u00f6ssze\u00e1ll\u00edt\u00e1sok ismertetik meg a k\u00f6z\u00f6ns\u00e9ggel az \u00f6nk\u00e9ntesek munk\u00e1j\u00e1t, a seg\u00e9lyszervezet \u00e1tmeneti otthonait. Megsz\u00f3lalnak seg\u00edts\u00e9gre szorul\u00f3 emberek, valamint azok a m\u0171v\u00e9szek \u00e9s sportol\u00f3k, akik felaj\u00e1nlottak a kamp\u00e1nyban egy-egy t\u00e1rgyat elad\u00e1sra.<br \/>\n    A m\u0171sor vend\u00e9ge Lehel L\u00e1szl\u00f3, a szeretetszolg\u00e1lat eln\u00f6k-igazgat\u00f3ja, a szervezetet \u00e9vek \u00f3ta t\u00e1mogat\u00f3 Tesco \u00e9s az FTC k\u00e9pvisel\u0151i. Az \u00e9rdekl\u0151d\u0151k interj\u00fat hallhatnak L\u00e9vai Anik\u00f3val, a minisztereln\u00f6k feles\u00e9g\u00e9vel, a szeretetszolg\u00e1lat j\u00f3szolg\u00e1lati nagyk\u00f6vet\u00e9vel, valamint \u00f6ssze\u00e1ll\u00edt\u00e1st arr\u00f3l, hogy mit jelent az embereknek a szeretet.<br \/>\n    A m\u0171sorban k\u00f6zrem\u0171k\u00f6dik m\u00e1sok mellett Wolf Kati, Zsur\u00e1fszky Zolt\u00e1n Kossuth-d\u00edjas koreogr\u00e1fus-rendez\u0151 \u00e9s a Magyar Nemzeti T\u00e1ncegy\u00fcttes, Cs\u00e9zy, Keresztes Ildik\u00f3, Gryllus D\u00e1niel \u00e9s a Kal\u00e1ka egy\u00fcttes.<br \/>\n    A st\u00fadi\u00f3helysz\u00edn mellett a k\u00f6z\u00f6ns\u00e9g betekint\u00e9st nyerhet a Szent Istv\u00e1n-bazilik\u00e1n\u00e1l zajl\u00f3 esem\u00e9nyekbe is, ahol a seg\u00e9lyszervezet adom\u00e1nygy\u0171jt\u0151 pontot \u00e1ll\u00edtott fel. A k\u00f6zm\u00e9dia munkat\u00e1rsai a seg\u00e9lyszervezet \u00e1ltal fenntartott szolnoki \u00e9s a miskolci Csal\u00e1dok \u00c1tmeneti Otthon\u00e1b\u00f3l is tud\u00f3s\u00edtanak, bemutatj\u00e1k az ott m\u0171k\u00f6d\u0151 programokat, a k\u00e9sz\u00fcl\u0151d\u00e9st az \u00fcnnepre, emellett k\u00e9t hat\u00e1ron t\u00fali &#8211; Erd\u00e9ly \u00e9s K\u00e1rp\u00e1talja &#8211; adom\u00e1nyoz\u00e1sr\u00f3l is \u00e9rtes\u00fclhetnek az \u00e9rdekl\u0151d\u0151k.<br \/>\n    A k\u00f6zm\u00e9dia harmadik alkalommal ind\u00edtott gy\u0171jt\u00e9st: 2012-ben a B\u00f6jte Csaba szerzetes alap\u00edtotta D\u00e9vai Szent Ferenc Alap\u00edtv\u00e1nyt mintegy 100 milli\u00f3 forinttal, tavaly pedig a Katolikus Karit\u00e1szt csaknem 120 milli\u00f3 forinttal siker\u00fclt t\u00e1mogatni a befolyt adom\u00e1nyokb\u00f3l. M\u00e9g Ausztr\u00e1li\u00e1b\u00f3l is jelentkeztek magyarok, hogy az \u00f3haza r\u00e1szorul\u00f3it t\u00e1mogass\u00e1k.<br \/>\n    A m\u0171sor telefonsz\u00e1mai: 06-1-759-6000 \u00e9s 06\/30-759-600<\/p>\n<p>(MTI)<\/p><div id=\"gazda-1557638508\" class=\"gazda-tartalomban gazda-entity-placement\"><script async src=\"https:\/\/pagead2.googlesyndication.com\/pagead\/js\/adsbygoogle.js\"><\/script>\r\n<ins class=\"adsbygoogle\"\r\n     style=\"display:block\"\r\n     data-ad-format=\"fluid\"\r\n     data-ad-layout-key=\"-6t+ed+2i-1n-4w\"\r\n     data-ad-client=\"ca-pub-1959107119989764\"\r\n     data-ad-slot=\"4008251320\"><\/ins>\r\n<script>\r\n     (adsbygoogle = window.adsbygoogle || []).push({});\r\n<\/script><\/div>\n","protected":false},"excerpt":{"rendered":"<p>T\u00f6bb mint 70 milli\u00f3 forint gy\u0171lt \u00f6ssze vas\u00e1rnap d\u00e9lig a k\u00f6zm\u00e9dia J\u00f3nak lenni j\u00f3! elnevez\u00e9s\u0171 j\u00f3t\u00e9konys\u00e1gi kamp\u00e1ny\u00e1ban, amelynek id\u00e9n az \u00d6kumenikus Seg\u00e9lyszervezet a kedvezm\u00e9nyezettje.<\/p>\n","protected":false},"author":1,"featured_media":0,"comment_status":"open","ping_status":"closed","sticky":false,"template":"","format":"standard","meta":[],"categories":[4],"tags":[],"_links":{"self":[{"href":"https:\/\/gazdasagportal.hu\/index.php\/wp-json\/wp\/v2\/posts\/52777"}],"collection":[{"href":"https:\/\/gazdasagportal.hu\/index.php\/wp-json\/wp\/v2\/posts"}],"about":[{"href":"https:\/\/gazdasagportal.hu\/index.php\/wp-json\/wp\/v2\/types\/post"}],"author":[{"embeddable":true,"href":"https:\/\/gazdasagportal.hu\/index.php\/wp-json\/wp\/v2\/users\/1"}],"replies":[{"embeddable":true,"href":"https:\/\/gazdasagportal.hu\/index.php\/wp-json\/wp\/v2\/comments?post=52777"}],"version-history":[{"count":1,"href":"https:\/\/gazdasagportal.hu\/index.php\/wp-json\/wp\/v2\/posts\/52777\/revisions"}],"predecessor-version":[{"id":52778,"href":"https:\/\/gazdasagportal.hu\/index.php\/wp-json\/wp\/v2\/posts\/52777\/revisions\/52778"}],"wp:attachment":[{"href":"https:\/\/gazdasagportal.hu\/index.php\/wp-json\/wp\/v2\/media?parent=52777"}],"wp:term":[{"taxonomy":"category","embeddable":true,"href":"https:\/\/gazdasagportal.hu\/index.php\/wp-json\/wp\/v2\/categories?post=52777"},{"taxonomy":"post_tag","embeddable":true,"href":"https:\/\/gazdasagportal.hu\/index.php\/wp-json\/wp\/v2\/tags?post=52777"}],"curies":[{"name":"wp","href":"https:\/\/api.w.org\/{rel}","templated":true}]}}