{"id":52775,"date":"2014-12-14T14:56:31","date_gmt":"2014-12-14T13:56:31","guid":{"rendered":"http:\/\/stockportal.hu\/?p=52775"},"modified":"2014-12-14T08:57:57","modified_gmt":"2014-12-14T07:57:57","slug":"szantai-ferenc-vegyes-viragmeze-nyerte-az-ev-meze-2014-dijat","status":"publish","type":"post","link":"https:\/\/gazdasagportal.hu\/index.php\/szantai-ferenc-vegyes-viragmeze-nyerte-az-ev-meze-2014-dijat\/","title":{"rendered":"Sz\u00e1ntai Ferenc vegyes vir\u00e1gm\u00e9ze nyerte Az \u00e9v m\u00e9ze 2014 d\u00edjat"},"content":{"rendered":"<p><strong>A VII. Gyulai M\u00e9z- \u00e9s M\u00e9zeskal\u00e1cs Nemzetk\u00f6zi Fesztiv\u00e1lon hirdett\u00e9k ki a fajtam\u00e9zek verseny\u00e9nek eredm\u00e9ny\u00e9t \u00e9s az idei \u00e9v legjobb m\u00e9z\u00e9t szombaton.<\/strong><!--more--><\/p>\n<div class=\"ads-in-post1\"><div id=\"gazdasagportal.hu_fullbanner_wideboard\"><\/div>\r\n<\/div>\n<p>    Ha\u00e1sz Ferenc, a B\u00e9k\u00e9s Megyei M\u00e9h\u00e9sz Egyes\u00fclet eln\u00f6ke az MTI-nek elmondta: 216 mint\u00e1t k\u00fcldtek be a versenyre, valamennyit bevizsg\u00e1lta egy f\u00fcggetlen labor, a legjobbakat k\u00e9tk\u00f6r\u00f6s zs\u0171riz\u00e9s alkalm\u00e1val v\u00e1lasztott\u00e1k ki.<br \/>\n    A szentm\u00e1rtonk\u00e1tai Sz\u00e1ntai Ferenc m\u00e9h\u00e9sz vegyes vir\u00e1gm\u00e9ze Az \u00e9v m\u00e9ze 2014 d\u00edja mellett a legjobb vegyes vir\u00e1gm\u00e9z kateg\u00f3ria els\u0151 helyezettje is lett. A legjobb ak\u00e1cm\u00e9zet a l\u0151k\u00f6sh\u00e1zi Turbucz S\u00e1ndor k\u00fcldte be, a napraforg\u00f3m\u00e9z kateg\u00f3ria els\u0151 helyezettje a mez\u0151ber\u00e9nyi Zsibrita P\u00e1l lett, a repcem\u00e9z kateg\u00f3ri\u00e1ban a gyulai Petrucza Tivadar diadalmaskodott.<br \/>\n    Ha\u00e1sz Ferenc elmondta: \u00f6t \u00e9ve rendezik meg a versenyt, az eredeti c\u00e9l az volt, hogy a m\u00e9zek beltartalmi \u00e9rt\u00e9k\u00e9nek jav\u00edt\u00e1sa mellett a m\u00e9h\u00e9szek ford\u00edtsanak nagyobb gondot a c\u00edmk\u00e9kre, a designra is. \u201e\u00d3ri\u00e1si v\u00e1ltoz\u00e1st \u00e9rt\u00fcnk el ezen a t\u00e9ren\u201d \u2013 fogalmazott az egyes\u00fcleti eln\u00f6k.<br \/>\n    A verseny rangj\u00e1r\u00f3l sz\u00f3lva elmondta: a budapesti Maj\u00e1lis-M\u00e9hek Napja rendezv\u00e9nyen csak azok \u00e1rus\u00edthatj\u00e1k a m\u00e9z\u00fcket, akik a gyulai versenyen els\u0151 helyez\u00e9st \u00e9rnek el.(MTI)<\/p>\n","protected":false},"excerpt":{"rendered":"<p>A VII. Gyulai M\u00e9z- \u00e9s M\u00e9zeskal\u00e1cs Nemzetk\u00f6zi Fesztiv\u00e1lon hirdett\u00e9k ki a fajtam\u00e9zek verseny\u00e9nek eredm\u00e9ny\u00e9t \u00e9s az idei \u00e9v legjobb m\u00e9z\u00e9t szombaton.<\/p>\n","protected":false},"author":1,"featured_media":0,"comment_status":"open","ping_status":"closed","sticky":false,"template":"","format":"standard","meta":[],"categories":[4],"tags":[],"_links":{"self":[{"href":"https:\/\/gazdasagportal.hu\/index.php\/wp-json\/wp\/v2\/posts\/52775"}],"collection":[{"href":"https:\/\/gazdasagportal.hu\/index.php\/wp-json\/wp\/v2\/posts"}],"about":[{"href":"https:\/\/gazdasagportal.hu\/index.php\/wp-json\/wp\/v2\/types\/post"}],"author":[{"embeddable":true,"href":"https:\/\/gazdasagportal.hu\/index.php\/wp-json\/wp\/v2\/users\/1"}],"replies":[{"embeddable":true,"href":"https:\/\/gazdasagportal.hu\/index.php\/wp-json\/wp\/v2\/comments?post=52775"}],"version-history":[{"count":1,"href":"https:\/\/gazdasagportal.hu\/index.php\/wp-json\/wp\/v2\/posts\/52775\/revisions"}],"predecessor-version":[{"id":52776,"href":"https:\/\/gazdasagportal.hu\/index.php\/wp-json\/wp\/v2\/posts\/52775\/revisions\/52776"}],"wp:attachment":[{"href":"https:\/\/gazdasagportal.hu\/index.php\/wp-json\/wp\/v2\/media?parent=52775"}],"wp:term":[{"taxonomy":"category","embeddable":true,"href":"https:\/\/gazdasagportal.hu\/index.php\/wp-json\/wp\/v2\/categories?post=52775"},{"taxonomy":"post_tag","embeddable":true,"href":"https:\/\/gazdasagportal.hu\/index.php\/wp-json\/wp\/v2\/tags?post=52775"}],"curies":[{"name":"wp","href":"https:\/\/api.w.org\/{rel}","templated":true}]}}