{"id":52773,"date":"2014-12-14T13:35:16","date_gmt":"2014-12-14T12:35:16","guid":{"rendered":"http:\/\/stockportal.hu\/?p=52773"},"modified":"2014-12-14T08:56:22","modified_gmt":"2014-12-14T07:56:22","slug":"bekes-megyeben-38-ezer-hektar-var-megmuvelesre-otezer-hektar-kukorica-betakaritasra","status":"publish","type":"post","link":"https:\/\/gazdasagportal.hu\/index.php\/bekes-megyeben-38-ezer-hektar-var-megmuvelesre-otezer-hektar-kukorica-betakaritasra\/","title":{"rendered":"B\u00e9k\u00e9s megy\u00e9ben 38 ezer hekt\u00e1r v\u00e1r megm\u0171vel\u00e9sre, \u00f6tezer hekt\u00e1r kukorica betakar\u00edt\u00e1sra"},"content":{"rendered":"<p><strong>B\u00e9k\u00e9s megy\u00e9ben az es\u0151z\u00e9sek \u00e9s a belv\u00edz miatt t\u00f6bb mint 38 ezer hekt\u00e1rt nem tudnak megm\u0171velni a gazd\u00e1k az \u0151sszel, a ter\u00fclet jelent\u0151s h\u00e1nyad\u00e1n a tarl\u00f3h\u00e1nt\u00e1s sem t\u00f6rt\u00e9nt meg, \u00f6tezer hekt\u00e1rr\u00f3l pedig nem tudt\u00e1k betakar\u00edtani a kukoric\u00e1t &#8211; t\u00e1j\u00e9koztatta a Nemzeti Agr\u00e1rgazdas\u00e1gi Kamara B\u00e9k\u00e9s Megyei eln\u00f6ke az MTI-t szombaton.<\/strong><!--more--><\/p>\n<div class=\"ads-in-post1\"><div id=\"gazdasagportal.hu_fullbanner_wideboard\"><\/div>\r\n<\/div>\n<p>    Kulcs\u00e1r L\u00e1szl\u00f3 elmondta: a kamara 2014-es decemberi z\u00e1r\u00f3jelent\u00e9se szerint a tervezett 155 ezer hekt\u00e1r helyett decemberig 116 250 hekt\u00e1rt m\u0171veltek meg, a ter\u00fclet 25 sz\u00e1zal\u00e9k\u00e1n nem tudt\u00e1k elv\u00e9gezni a gazd\u00e1k az \u0151szi talajforgat\u00e1st \u00e9s sz\u00e1nt\u00e1st. A talajmunk\u00e1latok folytat\u00e1s\u00e1ra a fagyos id\u0151szakban ny\u00edlik \u00fajra lehet\u0151s\u00e9g.<br \/>\n    Az elm\u00falt k\u00e9t \u00e9s f\u00e9l h\u00e9tben B\u00e9k\u00e9s megye t\u00e9rs\u00e9geiben 50-170 millim\u00e9ter k\u00f6z\u00f6tti csapad\u00e9k hullott, a talajok mostanra szinte mindenhol sz\u00e1z sz\u00e1zal\u00e9kig tel\u00edt\u0151dtek, nem lehet dolgozni rajtuk. Kritikus a helyzet \u00c9szak-B\u00e9k\u00e9sben, ahol nagy belv\u00edzfoltok alakultak ki a sz\u00e1nt\u00f3kon, a legel\u0151k\u00f6n, a gy\u00fcm\u00f6lcs\u00f6s\u00f6kben, a ter\u00fcletek egy r\u00e9sze megk\u00f6zel\u00edthetetlen, \u00edgy a k\u00e1rokat sem lehet pontosan felm\u00e9rni. Az \u0151szi vet\u00e9s\u0171 kal\u00e1szosok \u00e9s az \u0151szi k\u00e1posztarepce egy r\u00e9sze is v\u00edz al\u00e1 ker\u00fclt a k\u00f6t\u00f6ttebb \u00e9szak-b\u00e9k\u00e9si talajon.<br \/>\n    Kulcs\u00e1r L\u00e1szl\u00f3 elmondta azt is, hogy a belv\u00edz miatt 5242 hekt\u00e1ron, a megyei vet\u00e9ster\u00fclet n\u00e9gy sz\u00e1zal\u00e9k\u00e1n a f\u00f6ldeken maradt a kukorica. Gondot jelent, hogy d\u00f6nt\u0151en a kisebb ter\u00fcleteken gazd\u00e1lkod\u00f3k nem tudt\u00e1k a term\u00e9st betakar\u00edtani. \u00c9szak-B\u00e9k\u00e9sben a nagyobb gazdas\u00e1gokn\u00e1l is maradt talpon kukorica. A ter\u00fcletekr\u0151l a term\u00e9st m\u00e1r csak jelent\u0151s min\u0151s\u00e9gi roml\u00e1s mellett lehet majd betakar\u00edtani, ha az id\u0151 engedi &#8211; tette hozz\u00e1.<br \/>\n    Az eln\u00f6k t\u00e1j\u00e9koztat\u00e1sa szerint ugyanakkor a kukorica \u00e1gazat rekord \u00e9vet z\u00e1rt a 2014-es gazdas\u00e1gi \u00e9vben B\u00e9k\u00e9s megy\u00e9ben, 125 808 hekt\u00e1r ter\u00fcletr\u0151l \u00f6sszesen 993 ezer 883 tonna j\u00f3 min\u0151s\u00e9g\u0171 term\u00e9st takar\u00edtottak be, hekt\u00e1ronk\u00e9nt \u00e1tlagosan 7,9 tonn\u00e1t.(MTI)<\/p>\n","protected":false},"excerpt":{"rendered":"<p>B\u00e9k\u00e9s megy\u00e9ben az es\u0151z\u00e9sek \u00e9s a belv\u00edz miatt t\u00f6bb mint 38 ezer hekt\u00e1rt nem tudnak megm\u0171velni a gazd\u00e1k az \u0151sszel, a ter\u00fclet jelent\u0151s h\u00e1nyad\u00e1n a tarl\u00f3h\u00e1nt\u00e1s sem t\u00f6rt\u00e9nt meg, \u00f6tezer hekt\u00e1rr\u00f3l pedig nem tudt\u00e1k betakar\u00edtani a kukoric\u00e1t &#8211; t\u00e1j\u00e9koztatta a Nemzeti Agr\u00e1rgazdas\u00e1gi Kamara B\u00e9k\u00e9s Megyei eln\u00f6ke az MTI-t szombaton.<\/p>\n","protected":false},"author":1,"featured_media":0,"comment_status":"open","ping_status":"closed","sticky":false,"template":"","format":"standard","meta":[],"categories":[19],"tags":[],"_links":{"self":[{"href":"https:\/\/gazdasagportal.hu\/index.php\/wp-json\/wp\/v2\/posts\/52773"}],"collection":[{"href":"https:\/\/gazdasagportal.hu\/index.php\/wp-json\/wp\/v2\/posts"}],"about":[{"href":"https:\/\/gazdasagportal.hu\/index.php\/wp-json\/wp\/v2\/types\/post"}],"author":[{"embeddable":true,"href":"https:\/\/gazdasagportal.hu\/index.php\/wp-json\/wp\/v2\/users\/1"}],"replies":[{"embeddable":true,"href":"https:\/\/gazdasagportal.hu\/index.php\/wp-json\/wp\/v2\/comments?post=52773"}],"version-history":[{"count":1,"href":"https:\/\/gazdasagportal.hu\/index.php\/wp-json\/wp\/v2\/posts\/52773\/revisions"}],"predecessor-version":[{"id":52774,"href":"https:\/\/gazdasagportal.hu\/index.php\/wp-json\/wp\/v2\/posts\/52773\/revisions\/52774"}],"wp:attachment":[{"href":"https:\/\/gazdasagportal.hu\/index.php\/wp-json\/wp\/v2\/media?parent=52773"}],"wp:term":[{"taxonomy":"category","embeddable":true,"href":"https:\/\/gazdasagportal.hu\/index.php\/wp-json\/wp\/v2\/categories?post=52773"},{"taxonomy":"post_tag","embeddable":true,"href":"https:\/\/gazdasagportal.hu\/index.php\/wp-json\/wp\/v2\/tags?post=52773"}],"curies":[{"name":"wp","href":"https:\/\/api.w.org\/{rel}","templated":true}]}}