{"id":52765,"date":"2014-12-14T07:42:58","date_gmt":"2014-12-14T06:42:58","guid":{"rendered":"http:\/\/stockportal.hu\/?p=52765"},"modified":"2014-12-14T07:42:58","modified_gmt":"2014-12-14T06:42:58","slug":"kover-az-amerikaiakon-mulik-a-ket-orszag-viszonya","status":"publish","type":"post","link":"https:\/\/gazdasagportal.hu\/index.php\/kover-az-amerikaiakon-mulik-a-ket-orszag-viszonya\/","title":{"rendered":"K\u00f6v\u00e9r: az amerikaiakon m\u00falik a k\u00e9t orsz\u00e1g viszonya"},"content":{"rendered":"<p><strong>Az Orsz\u00e1ggy\u0171l\u00e9s eln\u00f6ke szerint \u00fagy jav\u00edthat\u00f3k az amerikai-magyar kapcsolatok, ha az Egyes\u00fclt \u00c1llamok abbahagyja a Magyarorsz\u00e1ggal szemben gyakorolt, sz\u00f6vets\u00e9gesek k\u00f6z\u00f6tt mer\u0151ben szokatlan \u00e9s bar\u00e1ts\u00e1gtalan magatart\u00e1st, valamint politik\u00e1t. K\u00f6v\u00e9r L\u00e1szl\u00f3 az MTI-nek adott \u00e9v\u00e9rt\u00e9kel\u0151 nyilatkozat\u00e1ban utalt arra: tiltakoz\u00e1sul k\u00fcld\u00f6tt levelet az Amerikai Egyes\u00fclt \u00c1llamok Szen\u00e1tusa eln\u00f6k\u00e9nek.<\/strong><!--more--><\/p>\n<div class=\"ads-in-post1\"><div id=\"gazdasagportal.hu_fullbanner_wideboard\"><\/div>\r\n<\/div>\n<p>    &#8222;Az amerikaiak nem csak Magyarorsz\u00e1ggal szemben alkalmazz\u00e1k ezt a politik\u00e1t. Geopolitikai j\u00e1tszm\u00e1ikban benn\u00fcnket, a cseheket, a rom\u00e1nokat, a szlov\u00e1kokat eszk\u00f6zk\u00e9nt haszn\u00e1lnak \u00e9s kihaszn\u00e1lnak annak \u00e9rdek\u00e9ben, hogy a maguk szempontjai szerint &#8222;rendet csin\u00e1ljanak&#8221; a frontvonal m\u00f6g\u00f6tti k\u00f6zvetlen h\u00e1torsz\u00e1gban&#8221; &#8211; jelentette ki.<br \/>\n    K\u00f6v\u00e9r L\u00e1szl\u00f3 lesz\u00f6gezte: a helyzet rosszabb, mint amilyennek l\u00e1tszik, mert az amerikai k\u00fcl\u00fcgyi d\u00f6nt\u00e9shozatal appar\u00e1tus\u00e1nak k\u00f6z\u00e9pszintj\u00e9n nagyon r\u00e9g\u00f3ta vannak Magyarorsz\u00e1gnak, illetve a Fidesz-KDNP sz\u00f6vets\u00e9gnek ellenfelei \u00e9s ellens\u00e9gei.<br \/>\n    Az amerikai d\u00f6nt\u00e9shoz\u00f3k pedig, mivel egy Magyarorsz\u00e1g m\u00e9ret\u0171 orsz\u00e1g a legritk\u00e1bb esetben \u00fcti meg ingerk\u00fcsz\u00f6b\u00fcket, az appar\u00e1tusban b\u00edzva, az \u0151 v\u00e9lem\u00e9ny\u00fcket saj\u00e1tjukk\u00e1 t\u00e9ve kommunik\u00e1lnak &#8211; mondta a h\u00e1zeln\u00f6k, aki \u00fagy l\u00e1tja: ez az appar\u00e1tusi k\u00f6z\u00e9pszint az elm\u00falt 25 \u00e9vben mindig negat\u00edv k\u00f6rnyezetet igyekezett teremteni, amikor polg\u00e1ri er\u0151k voltak korm\u00e1nyon Magyarorsz\u00e1gon.<br \/>\n    &#8222;Tal\u00e1n a hangv\u00e9tel most szokatlanabb, irracion\u00e1lisabb, mint kor\u00e1bban volt. El tudjuk viselni a szeretetlens\u00e9get, de sz\u00f6vets\u00e9gesk\u00e9nt legal\u00e1bb a korrekt \u00e1ll\u00e1spontra ig\u00e9nyt tartunk Amerik\u00e1t\u00f3l&#8221; &#8211; tette hozz\u00e1 a politikus. K\u00f6v\u00e9r L\u00e1szl\u00f3 kijelentette: &#8222;Nem a mi kez\u00fcnkben van a kulcs a k\u00e9toldal\u00fa viszony normaliz\u00e1l\u00e1s\u00e1hoz&#8221;.<br \/>\n    K\u00f6v\u00e9r L\u00e1szl\u00f3 a korm\u00e1nyp\u00e1rtok n\u00e9pszer\u0171s\u00e9gveszt\u00e9s\u00e9t figyelmeztet\u0151 jelnek nevezte, amellyel foglalkozni kell, de &#8222;p\u00e1nikra semmi ok&#8221;, mivel a parlament\u00e1ris demokr\u00e1cia t\u00f6rv\u00e9nyszer\u0171s\u00e9ge a k\u00f6zv\u00e9lem\u00e9ny ciklikus v\u00e1ltoz\u00e1sa. A k\u00f6zv\u00e9lem\u00e9ny-kutat\u00e1sok adatai k\u00e9t v\u00e1laszt\u00e1s k\u00f6z\u00f6tt &#8222;vajmi keveset haszn\u00e1lhat\u00f3k&#8221;, azokb\u00f3l nem lehet k\u00f6vetkeztet\u00e9seket levonni a k\u00f6vetkez\u0151 v\u00e1laszt\u00e1sra n\u00e9zve. Ezeket a sz\u00e1mokat csak a voksol\u00e1s el\u0151tti \u00e9vben szabad komolyabban \u00e9rt\u00e9kelni &#8211; mondta.<br \/>\n    Az okokat firtat\u00f3 k\u00e9rd\u00e9sre azzal felelt, hogy elm\u00falt a kamp\u00e1ny, amelyben a Fidesz-KDNP p\u00e1rtsz\u00f6vets\u00e9g folyamatosan fenn tudta tartani a kommunik\u00e1ci\u00f3s kezdem\u00e9nyez\u0151 poz\u00edci\u00f3j\u00e1t.<br \/>\n    &#8222;Most, hogy t\u00fal vagyunk a v\u00e1laszt\u00e1sokon, \u00e9s mindenkinek a korm\u00e1nyzati munk\u00e1ra kell \u00f6sszpontos\u00edtania &#8211; amely sor\u00e1n k\u00f6vett\u00fcnk el elker\u00fclhet\u0151 hib\u00e1kat \u00e9s hoztunk n\u00e9pszer\u0171tlen, de sz\u00fcks\u00e9gszer\u0171 d\u00f6nt\u00e9seket is -, sokkal nagyobb teret kapnak az ellenz\u00e9ki \u00e9s orsz\u00e1gon k\u00edv\u00fcli politikai er\u0151k, amelyek kit\u0171zt\u00e9k a c\u00e9lt a 2018-as v\u00e1laszt\u00e1sokra: a Fidesz ne tudja, vagy legal\u00e1bbis egyed\u00fcl ne tudja folytatni a korm\u00e1nyz\u00e1st&#8221; &#8211; jelentette ki K\u00f6v\u00e9r L\u00e1szl\u00f3.<br \/>\n    A h\u00e1zeln\u00f6k, hab\u00e1r elmond\u00e1sa szerint a maga r\u00e9sz\u00e9r\u0151l ink\u00e1bb befel\u00e9, s az \u00e9rintetteknek szem\u00e9lyesen szereti elmondani a v\u00e9lem\u00e9ny\u00e9t, \u00fagy v\u00e9lekedett: nem volt haszontalan Pokorni Zolt\u00e1n fideszes aleln\u00f6k \u00f6nkorl\u00e1toz\u00e1sra int\u0151, az &#8222;uriz\u00e1l\u00e1st&#8221; elutas\u00edt\u00f3 megsz\u00f3lal\u00e1sa, mert \u00e9rz\u00e9keltette a p\u00e1rttal szimpatiz\u00e1l\u00f3, de a n\u00e9pszer\u0171s\u00e9gveszt\u00e9s miatt riadalmat \u00e9rz\u0151kkel, hogy &#8222;nem vesztett\u00fck el teljesen az esz\u00fcnket \u00e9s a talajt a l\u00e1bunk al\u00f3l&#8221;.<br \/>\n    \u00c9rdemes lenne ugyanakkor arr\u00f3l is higgadtan, nyugodtan besz\u00e9lni, hogy 25 \u00e9vvel a &#8222;f\u00e9lresiker\u00fclt&#8221; rendszerv\u00e1ltoz\u00e1s ut\u00e1n mi\u00e9rt \u00edt\u00e9li meg \u00fagy a k\u00f6zv\u00e9lem\u00e9ny, hogy tehet\u0151ss\u00e9 lenni eleve csak tisztess\u00e9gtelen\u00fcl lehet. &#8222;Vetem fel ezt \u00fagy, hogy politikus l\u00e9temre nem tartozom azon kisebbs\u00e9gbe, amely vagyonokat halmozott fel&#8221; &#8211; mondta.<br \/>\n    Arra a k\u00e9rd\u00e9sre, hogy mi lesz, ha a Fidesz a veszpr\u00e9mi id\u0151k\u00f6zi v\u00e1laszt\u00e1sok nyom\u00e1n elvesz\u00edti k\u00e9tharmados t\u00f6bbs\u00e9g\u00e9t, K\u00f6v\u00e9r L\u00e1szl\u00f3 kijelentette: &#8222;semmi nem lesz, legfeljebb nagy csinnadratta, t\u0171zij\u00e1t\u00e9k, pet\u00e1rdadurrogtat\u00e1s \u00e9s az amerikai \u00fcgyviv\u0151 a demokr\u00e1cia gy\u0151zelm\u00e9r\u0151l fog besz\u00e9lni. Azt\u00e1n a karav\u00e1n megy tov\u00e1bb, merthogy a k\u00e9tharmadnak ebben a parlamenti ciklusban semmilyen jelent\u0151s\u00e9ge nincsen&#8221;. Mindez nem jelenti azt, hogy ne venn\u00e9k nagyon is komolyan a veszpr\u00e9mi id\u0151k\u00f6zi v\u00e1laszt\u00e1st, amelyet j\u00f3 es\u00e9ly\u00fck van megnyerni.<br \/>\n    A k\u00e9tharmados t\u00f6bbs\u00e9g k\u00e9nyelmet biztos\u00edt a korm\u00e1nyz\u00f3 er\u0151knek, hogy ha baj van, akkor tudjanak \u00f6n\u00e1ll\u00f3an, &#8222;mindenf\u00e9le elvtelen kompromisszum megk\u00f6t\u00e9se n\u00e9lk\u00fcl, meggy\u0151z\u0151d\u00e9s\u00fck szerint&#8221; cselekedni &#8211; k\u00f6z\u00f6lte az Orsz\u00e1ggy\u0171l\u00e9s eln\u00f6ke. Hozz\u00e1tette: ha a &#8222;gondvisel\u00e9st\u0151l&#8221; m\u00e1sodszor is megkapt\u00e1k a k\u00e9tharmados t\u00f6bbs\u00e9gi korm\u00e1nyz\u00e1s lehet\u0151s\u00e9g\u00e9t, akkor azt igyekeznek is megtartani.(MTI)<\/p>\n","protected":false},"excerpt":{"rendered":"<p>Az Orsz\u00e1ggy\u0171l\u00e9s eln\u00f6ke szerint \u00fagy jav\u00edthat\u00f3k az amerikai-magyar kapcsolatok, ha az Egyes\u00fclt \u00c1llamok abbahagyja a Magyarorsz\u00e1ggal szemben gyakorolt, sz\u00f6vets\u00e9gesek k\u00f6z\u00f6tt mer\u0151ben szokatlan \u00e9s bar\u00e1ts\u00e1gtalan magatart\u00e1st, valamint politik\u00e1t. K\u00f6v\u00e9r L\u00e1szl\u00f3 az MTI-nek adott \u00e9v\u00e9rt\u00e9kel\u0151 nyilatkozat\u00e1ban utalt arra: tiltakoz\u00e1sul k\u00fcld\u00f6tt levelet az Amerikai Egyes\u00fclt \u00c1llamok Szen\u00e1tusa eln\u00f6k\u00e9nek.<\/p>\n","protected":false},"author":1,"featured_media":0,"comment_status":"open","ping_status":"closed","sticky":false,"template":"","format":"standard","meta":[],"categories":[18],"tags":[],"_links":{"self":[{"href":"https:\/\/gazdasagportal.hu\/index.php\/wp-json\/wp\/v2\/posts\/52765"}],"collection":[{"href":"https:\/\/gazdasagportal.hu\/index.php\/wp-json\/wp\/v2\/posts"}],"about":[{"href":"https:\/\/gazdasagportal.hu\/index.php\/wp-json\/wp\/v2\/types\/post"}],"author":[{"embeddable":true,"href":"https:\/\/gazdasagportal.hu\/index.php\/wp-json\/wp\/v2\/users\/1"}],"replies":[{"embeddable":true,"href":"https:\/\/gazdasagportal.hu\/index.php\/wp-json\/wp\/v2\/comments?post=52765"}],"version-history":[{"count":1,"href":"https:\/\/gazdasagportal.hu\/index.php\/wp-json\/wp\/v2\/posts\/52765\/revisions"}],"predecessor-version":[{"id":52766,"href":"https:\/\/gazdasagportal.hu\/index.php\/wp-json\/wp\/v2\/posts\/52765\/revisions\/52766"}],"wp:attachment":[{"href":"https:\/\/gazdasagportal.hu\/index.php\/wp-json\/wp\/v2\/media?parent=52765"}],"wp:term":[{"taxonomy":"category","embeddable":true,"href":"https:\/\/gazdasagportal.hu\/index.php\/wp-json\/wp\/v2\/categories?post=52765"},{"taxonomy":"post_tag","embeddable":true,"href":"https:\/\/gazdasagportal.hu\/index.php\/wp-json\/wp\/v2\/tags?post=52765"}],"curies":[{"name":"wp","href":"https:\/\/api.w.org\/{rel}","templated":true}]}}