{"id":52763,"date":"2014-12-14T02:12:58","date_gmt":"2014-12-14T01:12:58","guid":{"rendered":"http:\/\/stockportal.hu\/?p=52763"},"modified":"2014-12-13T21:44:05","modified_gmt":"2014-12-13T20:44:05","slug":"mccain-kijelentes-az-egyesult-allamok-szenatusi-elnokehez-fordult-a-hazelnok","status":"publish","type":"post","link":"https:\/\/gazdasagportal.hu\/index.php\/mccain-kijelentes-az-egyesult-allamok-szenatusi-elnokehez-fordult-a-hazelnok\/","title":{"rendered":"McCain-kijelent\u00e9s &#8211; Az Egyes\u00fclt \u00c1llamok szen\u00e1tusi eln\u00f6k\u00e9hez fordult a h\u00e1zeln\u00f6k"},"content":{"rendered":"<p><strong>Az Egyes\u00fclt \u00c1llamok szen\u00e1tusi eln\u00f6k\u00e9hez c\u00edmzett level\u00e9ben fejeztet ki tiltakoz\u00e1s\u00e1t K\u00f6v\u00e9r L\u00e1szl\u00f3 h\u00e1zeln\u00f6k John McCain szen\u00e1tornak a magyar minisztereln\u00f6kkel kapcsolatos &#8222;durva, szinte hidegh\u00e1bor\u00fas id\u0151k hangv\u00e9tel\u00e9t id\u0151z\u0151 kijelent\u00e9s\u00e9vel kapcsolatban&#8221;, egyben arra k\u00e9rte Joe Bident &#8211; aki az Egyes\u00fclt \u00c1llamok aleln\u00f6kek\u00e9nt t\u00f6lti be a szen\u00e1tusi eln\u00f6ki posztot -, seg\u00edtsen, hogy a t\u00f6rv\u00e9nyhoz\u00f3k \u00e9s a korm\u00e1nyzati tiszts\u00e9gvisel\u0151k Magyarorsz\u00e1gr\u00f3l sz\u00f3l\u00f3 megnyilatkoz\u00e1sai visszat\u00e9rjenek a nyugodt mederbe.<\/strong><!--more--><\/p>\n<div class=\"ads-in-post1\"><div id=\"gazdasagportal.hu_fullbanner_wideboard\"><\/div>\r\n<\/div>\n<p>    Az Orsz\u00e1ggy\u0171l\u00e9s eln\u00f6ke level\u00e9ben &#8211; amelyet szombaton az MTI-hez is eljuttatott &#8211; hat\u00e1rozottan visszautas\u00edtotta a szen\u00e1tor \u00e1ltal mondottakat.<br \/>\n    Azt \u00edrta: John McCain minden val\u00f3s\u00e1galapot n\u00e9lk\u00fcl\u00f6z\u0151 szavaival megs\u00e9rti Magyarorsz\u00e1g szuverenit\u00e1s\u00e1t, lebecs\u00fcli Magyarorsz\u00e1g v\u00e1laszt\u00f3polg\u00e1rait, \u00e9s figyelmen k\u00edv\u00fcl hagyja az emberi m\u00e9lt\u00f3s\u00e1g tisztelet\u00e9nek k\u00f6telezetts\u00e9g\u00e9t, mely tisztelet a magyar minisztereln\u00f6k\u00f6t is megilleti.<br \/>\n    K\u00f6v\u00e9r L\u00e1szl\u00f3 k\u00f6z\u00f6lte: a kijelent\u00e9s elfogadhatatlan b\u00e1rmely szuver\u00e9n demokratikus orsz\u00e1ggal szemben, azzal a szen\u00e1tor \u00e1tl\u00e9pett egy hat\u00e1rt, amely a h\u00e1zeln\u00f6k szerint \u00f6nmag\u00e1ban is aggaszt\u00f3 atekintetben, hogy hogyan is \u00e9rtelmezi egy nagytekint\u00e9ly\u0171 \u00e9s befoly\u00e1sos amerikai t\u00f6rv\u00e9nyhoz\u00f3 az Egyes\u00fclt \u00c1llamok szerep\u00e9t a transzatlanti sz\u00f6vets\u00e9gen bel\u00fcl, \u00e9s mennyire tiszteli az Egyes\u00fclt \u00c1llamok egyik sz\u00f6vets\u00e9ges\u00e9t.<br \/>\n    Mindez azonban az Orsz\u00e1ggy\u0171l\u00e9s eln\u00f6ke sz\u00e1m\u00e1ra nem lett volna el\u00e9gs\u00e9ges indok, hogy megsz\u00f3l\u00edtsa a szen\u00e1tus eln\u00f6k\u00e9t &#8211; \u00edrta. &#8222;Levelem meg\u00edr\u00e1s\u00e1ra az k\u00e9sztetett, hogy \u00fagy l\u00e1tom: John McCain szen\u00e1tor magatart\u00e1sa brut\u00e1lis megnyilv\u00e1nul\u00e1sa annak a folyamatnak, melyet egyes politikusok korm\u00e1nyzati tiszts\u00e9gvisel\u0151k \u00e9s a korm\u00e1nyzattal nyilv\u00e1nval\u00f3 kapcsolatban \u00e1ll\u00f3 szem\u00e9lyis\u00e9gek nyilatkozatai, gesztusai, illetve magatart\u00e1sa &#8211; k\u00fcl\u00f6n\u00f6sen az ut\u00f3bbi id\u0151kben &#8211; felrajzolnak&#8221; &#8211; szerepel a lev\u00e9lben.<br \/>\n    Ha a folyamat tov\u00e1bb halad, az a h\u00e1zeln\u00f6k megl\u00e1t\u00e1sa szerint al\u00e1\u00e1shatja nemcsak a k\u00e9t sz\u00f6vets\u00e9ges orsz\u00e1g korm\u00e1nyzata k\u00f6z\u00f6tti sz\u00fcks\u00e9ges bizalmat, de a magyar polg\u00e1rok hagyom\u00e1nyos tisztelet\u00e9t \u00e9s szimp\u00e1ti\u00e1j\u00e1t is az Egyes\u00fclt \u00c1llamok \u00e9s annak n\u00e9pe ir\u00e1nt.<br \/>\n    A h\u00e1zeln\u00f6k arra k\u00e9rte Joe Bident, hogy tekint\u00e9ly\u00e9t latba vetve seg\u00edtsen abban, hogy a t\u00f6rv\u00e9nyhoz\u00f3k \u00e9s korm\u00e1nyzati tiszts\u00e9gvisel\u0151k k\u00f6r\u00e9ben a Magyarorsz\u00e1gr\u00f3l sz\u00f3l\u00f3 megnyilatkoz\u00e1sok visszat\u00e9rjenek abba a nyugodt mederbe, amely biztos\u00edtja a k\u00f6lcs\u00f6n\u00f6s tisztelet \u00e9s bizalom l\u00e9gk\u00f6r\u00e9t.<br \/>\n    K\u00f6v\u00e9r L\u00e1szl\u00f3 a lev\u00e9lben felid\u00e9zi, hogy a szen\u00e1tor &#8211; v\u00e1laszul a magyar k\u00fclgazdas\u00e1gi \u00e9s k\u00fcl\u00fcgyminiszt\u00e9rium reakci\u00f3j\u00e1ra &#8211; k\u00f6zlem\u00e9nyben pr\u00f3b\u00e1lta meg al\u00e1t\u00e1masztani kijelent\u00e9s\u00e9t, amelyben \u00f6sszekapcsolta azt az amerikai korm\u00e1ny \u00e9s Andr\u00e9 Goodfrend budapesti amerikai \u00fcgyviv\u0151 v\u00e9lem\u00e9ny\u00e9vel.<br \/>\n    K\u00f6v\u00e9r L\u00e1szl\u00f3 utalt Magyarorsz\u00e1g t\u00f6rt\u00e9nelmi m\u00faltj\u00e1ra is, arr\u00f3l biztos\u00edtva a szen\u00e1tus eln\u00f6k\u00e9t, hogy a magyar nemzet &#8211; mik\u00e9nt 1956-ban \u00e9s 1989-ben is egy\u00e9rtelm\u0171en kifejez\u00e9sre juttatta &#8211; szabads\u00e1g\u00e1t \u00e9s f\u00fcggetlens\u00e9g\u00e9t a j\u00f6v\u0151ben is mindenkit\u0151l \u00e9s minden lehets\u00e9ges eszk\u00f6zzel meg fogja v\u00e9deni.<br \/>\n    Eml\u00e9keztetett arra is, hogy 2010-ben Orb\u00e1n Viktor minisztereln\u00f6k korm\u00e1nya s\u00falyos v\u00e1ls\u00e1gban vette \u00e1t az orsz\u00e1got, a &#8222;posztkommunist\u00e1k \u00e9s liber\u00e1lisok \u00e1ltal h\u00e1trahagyott&#8221; \u00f6r\u00f6ks\u00e9g felsz\u00e1mol\u00e1s\u00e1t pedig idegenked\u00e9s fogadta. Azt \u00edrta: a v\u00e1ls\u00e1gkezel\u00e9s n\u00e9gy esztendeje alatt Magyarorsz\u00e1g \u00e9s annak nagy t\u00f6bbs\u00e9ggel megv\u00e1lasztott korm\u00e1nya folyamatos t\u00e1mad\u00e1sok, r\u00e1galmaz\u00e1sok \u00e9s p\u00e9nz\u00fcgyi manipul\u00e1ci\u00f3s k\u00eds\u00e9rletek nyom\u00e1sa alatt \u00e1llt.<br \/>\n    Az orsz\u00e1g konstrukt\u00edvan m\u0171k\u00f6d\u00f6tt egy\u00fctt az Eur\u00f3pai Bizotts\u00e1ggal \u00e9s az Eur\u00f3pa Tan\u00e1ccsal &#8211; \u00edrta, a h\u00e1zeln\u00f6k ugyanakkor nyomat\u00e9kos\u00edtotta: &#8222;csak mint egyenjog\u00fa \u00e9s egyenrang\u00fa partnerek vagyunk hajland\u00f3k a vit\u00e1kban r\u00e9szt venni \u00e9s azok felold\u00e1s\u00e1ban k\u00f6zrem\u0171k\u00f6dni&#8221;.<br \/>\n    K\u00f6v\u00e9r L\u00e1szl\u00f3 k\u00f6sz\u00f6netet mondott mindazon amerikai t\u00f6rv\u00e9nyhoz\u00f3knak \u00e9s k\u00f6z\u00e9leti szerepl\u0151knek, akik t\u00e1rgyilagos \u00e9s j\u00f3hiszem\u0171 hozz\u00e1\u00e1ll\u00e1sukkal mutatt\u00e1k ki Magyarorsz\u00e1g ir\u00e1nti tisztelet\u00fcket \u00e9s bar\u00e1ti \u00e9rzelmeiket.(MTI)<\/p>\n","protected":false},"excerpt":{"rendered":"<p>Az Egyes\u00fclt \u00c1llamok szen\u00e1tusi eln\u00f6k\u00e9hez c\u00edmzett level\u00e9ben fejeztet ki tiltakoz\u00e1s\u00e1t K\u00f6v\u00e9r L\u00e1szl\u00f3 h\u00e1zeln\u00f6k John McCain szen\u00e1tornak a magyar minisztereln\u00f6kkel kapcsolatos &#8222;durva, szinte hidegh\u00e1bor\u00fas id\u0151k hangv\u00e9tel\u00e9t id\u0151z\u0151 kijelent\u00e9s\u00e9vel kapcsolatban&#8221;, egyben arra k\u00e9rte Joe Bident &#8211; aki az Egyes\u00fclt \u00c1llamok aleln\u00f6kek\u00e9nt t\u00f6lti be a szen\u00e1tusi eln\u00f6ki posztot -, seg\u00edtsen, hogy a t\u00f6rv\u00e9nyhoz\u00f3k \u00e9s a korm\u00e1nyzati tiszts\u00e9gvisel\u0151k Magyarorsz\u00e1gr\u00f3l &#8230;<\/p>\n","protected":false},"author":1,"featured_media":0,"comment_status":"open","ping_status":"closed","sticky":false,"template":"","format":"standard","meta":[],"categories":[18],"tags":[],"_links":{"self":[{"href":"https:\/\/gazdasagportal.hu\/index.php\/wp-json\/wp\/v2\/posts\/52763"}],"collection":[{"href":"https:\/\/gazdasagportal.hu\/index.php\/wp-json\/wp\/v2\/posts"}],"about":[{"href":"https:\/\/gazdasagportal.hu\/index.php\/wp-json\/wp\/v2\/types\/post"}],"author":[{"embeddable":true,"href":"https:\/\/gazdasagportal.hu\/index.php\/wp-json\/wp\/v2\/users\/1"}],"replies":[{"embeddable":true,"href":"https:\/\/gazdasagportal.hu\/index.php\/wp-json\/wp\/v2\/comments?post=52763"}],"version-history":[{"count":1,"href":"https:\/\/gazdasagportal.hu\/index.php\/wp-json\/wp\/v2\/posts\/52763\/revisions"}],"predecessor-version":[{"id":52764,"href":"https:\/\/gazdasagportal.hu\/index.php\/wp-json\/wp\/v2\/posts\/52763\/revisions\/52764"}],"wp:attachment":[{"href":"https:\/\/gazdasagportal.hu\/index.php\/wp-json\/wp\/v2\/media?parent=52763"}],"wp:term":[{"taxonomy":"category","embeddable":true,"href":"https:\/\/gazdasagportal.hu\/index.php\/wp-json\/wp\/v2\/categories?post=52763"},{"taxonomy":"post_tag","embeddable":true,"href":"https:\/\/gazdasagportal.hu\/index.php\/wp-json\/wp\/v2\/tags?post=52763"}],"curies":[{"name":"wp","href":"https:\/\/api.w.org\/{rel}","templated":true}]}}