{"id":52757,"date":"2014-12-14T03:11:27","date_gmt":"2014-12-14T02:11:27","guid":{"rendered":"http:\/\/stockportal.hu\/?p=52757"},"modified":"2014-12-13T21:36:56","modified_gmt":"2014-12-13T20:36:56","slug":"torlodasok-varhatok-hetfon-budapesten-a-forgalomlassito-demonstracio-miatt","status":"publish","type":"post","link":"https:\/\/gazdasagportal.hu\/index.php\/torlodasok-varhatok-hetfon-budapesten-a-forgalomlassito-demonstracio-miatt\/","title":{"rendered":"Torl\u00f3d\u00e1sok v\u00e1rhat\u00f3k h\u00e9tf\u0151n Budapesten a forgalomlass\u00edt\u00f3 demonstr\u00e1ci\u00f3 miatt"},"content":{"rendered":"<p><strong>H\u00e9tf\u0151n 7 \u00f3r\u00e1t\u00f3l 17 \u00f3r\u00e1ig forgalomlass\u00edt\u00f3 demonstr\u00e1ci\u00f3t tartanak az M3-as \u00e9s az M5-\u00f6s aut\u00f3p\u00e1lya f\u0151v\u00e1rosi bevezet\u0151 szakaszain, a III. ker\u00fcleti 11-es f\u0151\u00faton, a XI. ker\u00fcleti Eg\u00e9r \u00faton, az Andr\u00e1ssy \u00faton, a budai als\u00f3 rakparton \u00e9s a rakpartr\u00f3l a Margit h\u00eddon \u00e1t a Kossuth Lajos t\u00e9rre vezet\u0151 \u00fatvonalon. Torl\u00f3d\u00e1sok v\u00e1rhat\u00f3k, a Budapesti K\u00f6zleked\u00e9si K\u00f6zpont (BKK) a k\u00f6t\u00f6ttp\u00e1ly\u00e1s k\u00f6z\u00f6ss\u00e9gi k\u00f6zleked\u00e9st aj\u00e1nlja.<\/strong><!--more--><\/p>\n<div class=\"ads-in-post1\"><div id=\"gazdasagportal.hu_fullbanner_wideboard\"><\/div>\r\n<\/div>\n<p>    A BKK szombati, az MTI-hez eljuttatott k\u00f6zlem\u00e9nye szerint a t\u00fcntet\u00e9s miatt a legnagyobb torl\u00f3d\u00e1sok a Krisztina k\u00f6r\u00faton, az Attila \u00faton \u00e9s a Margit k\u00f6r\u00faton v\u00e1rhat\u00f3k, de forgalmi dug\u00f3ra kell sz\u00e1m\u00edtani a f\u0151v\u00e1rosi bevezet\u0151 \u00fatvonalakon, valamint a k\u00f6z\u00e9p- \u00e9s \u00e9szak-budai utakon is, ez\u00e9rt azt k\u00e9rik, hogy aki teheti, aut\u00f3 helyett H\u00c9V-vel vagy vonattal utazzon a f\u0151v\u00e1rosba, Budapesten pedig haszn\u00e1lja a k\u00f6t\u00f6ttp\u00e1ly\u00e1s k\u00f6zleked\u00e9si j\u00e1ratokat, a metr\u00f3t, a H\u00c9V-et \u00e9s a villamosokat. Hozz\u00e1tett\u00e9k: aki m\u00e9gis aut\u00f3ba \u00fcl, k\u00f6z\u00e9p- vagy \u00e9szak-budai \u00fati c\u00e9lj\u00e1t D\u00e9l-Buda fel\u0151l az M0-s aut\u00f3\u00faton vagy a pesti rakpartokon kereszt\u00fcl k\u00f6zel\u00edtheti meg.<br \/>\n    A k\u00f6zlem\u00e9ny szerint 7 \u00e9s 16 \u00f3ra k\u00f6z\u00f6tt lez\u00e1rnak egy s\u00e1vot az M3-as aut\u00f3p\u00e1ly\u00e1n (a Szilas pihen\u0151 \u00e9s a Szentmih\u00e1lyi \u00fat k\u00f6z\u00f6tt), a III. ker\u00fcletben, a 11-es f\u0151\u00faton \u00e9s az Andr\u00e1ssy \u00faton.<br \/>\n    Reggel 7 \u00e9s 8 \u00f3ra k\u00f6z\u00f6tt lez\u00e1rnak egy-egy s\u00e1vot az M3-as \u00e9s az M5-\u00f6t aut\u00f3p\u00e1lya bevezet\u0151 szakasz\u00e1n, valamint a XI. ker\u00fcleti Eg\u00e9r \u00faton.<br \/>\n    Ut\u00f3bbi h\u00e1rom helysz\u00ednr\u0151l reggel 8 \u00f3rakor a budai als\u00f3 rakpart L\u00e1nch\u00edd \u00e9s Margit h\u00edd k\u00f6z\u00f6tti r\u00e9sz\u00e9re aut\u00f3znak a demonstr\u00e1l\u00f3k, ez\u00e9rt a rend\u0151rs\u00e9g eltereli a budai als\u00f3 rakpart \u00e9szaki ir\u00e1ny\u00fa forgalm\u00e1t a D\u00f6brentei t\u00e9rn\u00e9l a Krisztina k\u00f6r\u00fat \u00e9s az Attila \u00fat fel\u00e9 &#8211; \u00edrt\u00e1k. Nagyobb torl\u00f3d\u00e1s eset\u00e9n a M\u0171egyetem rakparti, illetve a R\u00e1k\u00f3czi h\u00eddi lehajt\u00f3kat is lez\u00e1rj\u00e1k. A t\u00fcntet\u0151k g\u00e9pkocsijukat az als\u00f3 rakparton hagyva, gyalogosan a Parlamenthez vonulnak k\u00f6r\u00fclbel\u00fcl 11 \u00f3rakor az Angelo Rotta rakpart-Margit h\u00edd-Balassi B\u00e1lint utca \u00fatvonalon, majd pet\u00edci\u00f3t adnak \u00e1t, ezut\u00e1n ugyanezen az \u00fatvonalon visszat\u00e9rnek a budai als\u00f3 rakpartra. A demonstr\u00e1ci\u00f3 17 \u00f3rakor \u00e9r v\u00e9get.<br \/>\n    A szakszervezetek h\u00e9tf\u0151n orsz\u00e1gos f\u00e9lp\u00e1ly\u00e1s \u00fatlez\u00e1r\u00e1ssal tiltakoznak a korm\u00e1ny munkav\u00e1llal\u00f3kat h\u00e1tr\u00e1nyosan \u00e9rint\u0151 int\u00e9zked\u00e9sei, k\u00f6zt\u00fck a korkedvezm\u00e9nyes nyugd\u00edj elt\u00f6rl\u00e9se \u00e9s a cafeteria t\u00f6bbletad\u00f3terhei ellen &#8211; ezt Gask\u00f3 Istv\u00e1n, a tiltakoz\u00f3 akci\u00f3t szervez\u0151 Liga Szakszervezetek eln\u00f6ke jelentette be szerd\u00e1n.(MTI)<\/p>\n","protected":false},"excerpt":{"rendered":"<p>H\u00e9tf\u0151n 7 \u00f3r\u00e1t\u00f3l 17 \u00f3r\u00e1ig forgalomlass\u00edt\u00f3 demonstr\u00e1ci\u00f3t tartanak az M3-as \u00e9s az M5-\u00f6s aut\u00f3p\u00e1lya f\u0151v\u00e1rosi bevezet\u0151 szakaszain, a III. ker\u00fcleti 11-es f\u0151\u00faton, a XI. ker\u00fcleti Eg\u00e9r \u00faton, az Andr\u00e1ssy \u00faton, a budai als\u00f3 rakparton \u00e9s a rakpartr\u00f3l a Margit h\u00eddon \u00e1t a Kossuth Lajos t\u00e9rre vezet\u0151 \u00fatvonalon. Torl\u00f3d\u00e1sok v\u00e1rhat\u00f3k, a Budapesti K\u00f6zleked\u00e9si K\u00f6zpont (BKK) a &#8230;<\/p>\n","protected":false},"author":1,"featured_media":0,"comment_status":"open","ping_status":"closed","sticky":false,"template":"","format":"standard","meta":[],"categories":[4,151],"tags":[],"_links":{"self":[{"href":"https:\/\/gazdasagportal.hu\/index.php\/wp-json\/wp\/v2\/posts\/52757"}],"collection":[{"href":"https:\/\/gazdasagportal.hu\/index.php\/wp-json\/wp\/v2\/posts"}],"about":[{"href":"https:\/\/gazdasagportal.hu\/index.php\/wp-json\/wp\/v2\/types\/post"}],"author":[{"embeddable":true,"href":"https:\/\/gazdasagportal.hu\/index.php\/wp-json\/wp\/v2\/users\/1"}],"replies":[{"embeddable":true,"href":"https:\/\/gazdasagportal.hu\/index.php\/wp-json\/wp\/v2\/comments?post=52757"}],"version-history":[{"count":1,"href":"https:\/\/gazdasagportal.hu\/index.php\/wp-json\/wp\/v2\/posts\/52757\/revisions"}],"predecessor-version":[{"id":52758,"href":"https:\/\/gazdasagportal.hu\/index.php\/wp-json\/wp\/v2\/posts\/52757\/revisions\/52758"}],"wp:attachment":[{"href":"https:\/\/gazdasagportal.hu\/index.php\/wp-json\/wp\/v2\/media?parent=52757"}],"wp:term":[{"taxonomy":"category","embeddable":true,"href":"https:\/\/gazdasagportal.hu\/index.php\/wp-json\/wp\/v2\/categories?post=52757"},{"taxonomy":"post_tag","embeddable":true,"href":"https:\/\/gazdasagportal.hu\/index.php\/wp-json\/wp\/v2\/tags?post=52757"}],"curies":[{"name":"wp","href":"https:\/\/api.w.org\/{rel}","templated":true}]}}