{"id":52749,"date":"2014-12-14T02:17:50","date_gmt":"2014-12-14T01:17:50","guid":{"rendered":"http:\/\/stockportal.hu\/?p=52749"},"modified":"2014-12-13T21:18:48","modified_gmt":"2014-12-13T20:18:48","slug":"kozeledik-az-adofeltoltes-hatarideje","status":"publish","type":"post","link":"https:\/\/gazdasagportal.hu\/index.php\/kozeledik-az-adofeltoltes-hatarideje\/","title":{"rendered":"K\u00f6zeledik az ad\u00f3felt\u00f6lt\u00e9s hat\u00e1rideje"},"content":{"rendered":"<p><strong>K\u00f6zeledik december 20-a, az ad\u00f3felt\u00f6lt\u00e9si k\u00f6telezetts\u00e9g hat\u00e1rideje &#8211; h\u00edvja fel a figyelmet a PwC h\u00edrlevel\u00e9ben.<\/strong><!--more--><\/p>\n<div class=\"ads-in-post1\"><div id=\"gazdasagportal.hu_fullbanner_wideboard\"><\/div>\r\n<\/div>\n<p>    A besz\u00e1mol\u00f3jukat a napt\u00e1ri \u00e9v alapj\u00e1n k\u00e9sz\u00edt\u0151 v\u00e1llalkoz\u00e1soknak december 20-i hat\u00e1llyal &#8211; 2014-ben december 22-\u00e9n, h\u00e9tf\u0151n &#8211; kell az \u00e9ves v\u00e1rhat\u00f3 ad\u00f3 \u00f6sszeg\u00e9re kieg\u00e9sz\u00edteni\u00fck a 2014-ben m\u00e1r megfizetett t\u00e1rsas\u00e1gi- \u00e9s ipar\u0171z\u00e9siad\u00f3-el\u0151legeket, innov\u00e1ci\u00f3s j\u00e1rul\u00e9kot, valamint a rekl\u00e1mad\u00f3t \u00e9s a szektorokra jellemz\u0151 k\u00fcl\u00f6nad\u00f3kat.<br \/>\n    A t\u00e1rsas\u00e1giad\u00f3-el\u0151leget tov\u00e1bbra is azoknak a t\u00e1rsas\u00e1goknak kell kieg\u00e9sz\u00edteni\u00fck, felt\u00f6lteni\u00fck, amelyeknek a t\u00e1rgy\u00e9vet megel\u0151z\u0151 ad\u00f3\u00e9vben az \u00e9ves szinten sz\u00e1m\u00edtott nett\u00f3 \u00e1rbev\u00e9tel\u00fck meghaladta a 100 milli\u00f3 forintot. A t\u00e1rsas\u00e1giad\u00f3el\u0151leg-kieg\u00e9sz\u00edt\u00e9s bevall\u00e1s\u00e1t 2014-ben a 1401-es nyomtatv\u00e1nyon kell beny\u00fajtani a Nemzeti Ad\u00f3- \u00e9s V\u00e1mhivatalnak (NAV). A k\u00fcl\u00f6nb\u00f6z\u0151 ad\u00f3nemek bevall\u00e1s\u00e1t az elt\u00e9r\u0151 bevall\u00e1si id\u0151szak miatt nem lehet \u00f6sszevonni.<br \/>\n    Az ipar\u0171z\u00e9siad\u00f3el\u0151leg-kieg\u00e9sz\u00edt\u00e9sr\u0151l az el\u0151z\u0151 \u00e9vhez hasonl\u00f3an 2014-ben is bevall\u00e1st kell tenni az \u00f6nkorm\u00e1nyzati ad\u00f3hat\u00f3s\u00e1g \u00e1ltal rendszeres\u00edtett nyomtatv\u00e1nyon. A f\u0151v\u00e1rosi \u00f6nkorm\u00e1nyzat r\u00e9sz\u00e9re a 2014-40. sz\u00e1m\u00fa bevall\u00e1son kell teljes\u00edteni a felt\u00f6lt\u00e9si k\u00f6telezetts\u00e9get. A t\u00f6bb \u00f6nkorm\u00e1nyzati telephellyel rendelkez\u0151 v\u00e1llalatoknak minden \u00f6nkorm\u00e1nyzat fel\u00e9 k\u00fcl\u00f6n-k\u00fcl\u00f6n eleget kell tenni\u00fck e bevall\u00e1si, illetve esetleges befizet\u00e9si k\u00f6telezetts\u00e9g\u00fcknek. Az ipar\u0171z\u00e9si ad\u00f3felt\u00f6lt\u00e9si k\u00f6telezetts\u00e9ggel tov\u00e1bbra is a t\u00e1rsas\u00e1giad\u00f3el\u0151leg\u2013kieg\u00e9sz\u00edt\u00e9sre k\u00f6telezett v\u00e1llalatoknak kell sz\u00e1molniuk.<br \/>\n    A m\u00e9diaszolg\u00e1ltat\u00e1st ny\u00fajt\u00f3 t\u00e1rsas\u00e1gokat a 2014. augusztus 15-\u00e9n \u00e9letbe l\u00e9pett rekl\u00e1mad\u00f3r\u00f3l sz\u00f3l\u00f3 t\u00f6rv\u00e9ny alapj\u00e1n felt\u00f6lt\u00e9si k\u00f6telezetts\u00e9g terheli enn\u00e9l az ad\u00f3nemn\u00e9l is, december 20-i hat\u00e1rid\u0151vel. A m\u00e9diaszolg\u00e1ltat\u00e1s ig\u00e9nybevev\u0151inek a t\u00f6rv\u00e9ny szerinti bevall\u00e1si k\u00f6telezetts\u00e9gen \u00e9s a nyilatkozatok megfelel\u0151 beszerz\u00e9s\u00e9n k\u00edv\u00fcl m\u00e1s teend\u0151j\u00fck ebben az id\u0151szakban nincs.<br \/>\n    Amennyiben a 2014. december 20-\u00e1ig teljes\u00edtett ad\u00f3el\u0151legek, illetve a kieg\u00e9sz\u00edt\u0151 felt\u00f6lt\u00e9s egy\u00fcttes \u00f6sszege nem \u00e9ri el az ad\u00f3\u00e9vi v\u00e1rhat\u00f3 ad\u00f3 90 sz\u00e1zal\u00e9k\u00e1t, a v\u00e1llalkoz\u00e1snak a befizetett el\u0151leg \u00e9s az ad\u00f3 90 sz\u00e1zal\u00e9k\u00e1nak k\u00fcl\u00f6nb\u00f6zete ut\u00e1n 20 sz\u00e1zal\u00e9k mulaszt\u00e1si b\u00edrs\u00e1got kell fizetnie m\u00e1r egynapos mulaszt\u00e1s eset\u00e9n is &#8211; figyelmeztet a tan\u00e1csad\u00f3 c\u00e9g. Az ad\u00f3hat\u00f3s\u00e1g azonban 2014. janu\u00e1r 1-j\u00e9t\u0151l a felt\u00f6lt\u00e9si k\u00f6telezetts\u00e9g nem teljes\u00edt\u00e9s\u00e9nek vizsg\u00e1lata sor\u00e1n figyelmen k\u00edv\u00fcl hagyja az \u00e1rfolyam-k\u00fcl\u00f6nb\u00f6zetb\u0151l sz\u00e1rmaz\u00f3 elt\u00e9r\u00e9st.<br \/>\n    A v\u00e1llalkoz\u00e1soknak az ad\u00f3\u00e9v v\u00e9g\u00e9n, szint\u00e9n december 20-i hat\u00e1rid\u0151vel a szektorokra jellemz\u0151 k\u00fcl\u00f6nad\u00f3 felt\u00f6lt\u00e9si k\u00f6telezetts\u00e9g\u00fck is keletkezik. Ezek k\u00f6z\u00e9 tartozik t\u00f6bbek k\u00f6z\u00f6tt az energiaell\u00e1t\u00f3k j\u00f6vedelemad\u00f3ja, a hitelint\u00e9zetek \u00e9s p\u00e9nz\u00fcgyi v\u00e1llalkoz\u00e1sok j\u00e1rad\u00e9ka, a t\u00e1vk\u00f6zl\u00e9si ad\u00f3 \u00e9s a t\u00e1vh\u0151ad\u00f3.(MTI)<\/p>\n","protected":false},"excerpt":{"rendered":"<p>K\u00f6zeledik december 20-a, az ad\u00f3felt\u00f6lt\u00e9si k\u00f6telezetts\u00e9g hat\u00e1rideje &#8211; h\u00edvja fel a figyelmet a PwC h\u00edrlevel\u00e9ben.<\/p>\n","protected":false},"author":1,"featured_media":0,"comment_status":"open","ping_status":"closed","sticky":false,"template":"","format":"standard","meta":[],"categories":[20],"tags":[],"_links":{"self":[{"href":"https:\/\/gazdasagportal.hu\/index.php\/wp-json\/wp\/v2\/posts\/52749"}],"collection":[{"href":"https:\/\/gazdasagportal.hu\/index.php\/wp-json\/wp\/v2\/posts"}],"about":[{"href":"https:\/\/gazdasagportal.hu\/index.php\/wp-json\/wp\/v2\/types\/post"}],"author":[{"embeddable":true,"href":"https:\/\/gazdasagportal.hu\/index.php\/wp-json\/wp\/v2\/users\/1"}],"replies":[{"embeddable":true,"href":"https:\/\/gazdasagportal.hu\/index.php\/wp-json\/wp\/v2\/comments?post=52749"}],"version-history":[{"count":1,"href":"https:\/\/gazdasagportal.hu\/index.php\/wp-json\/wp\/v2\/posts\/52749\/revisions"}],"predecessor-version":[{"id":52750,"href":"https:\/\/gazdasagportal.hu\/index.php\/wp-json\/wp\/v2\/posts\/52749\/revisions\/52750"}],"wp:attachment":[{"href":"https:\/\/gazdasagportal.hu\/index.php\/wp-json\/wp\/v2\/media?parent=52749"}],"wp:term":[{"taxonomy":"category","embeddable":true,"href":"https:\/\/gazdasagportal.hu\/index.php\/wp-json\/wp\/v2\/categories?post=52749"},{"taxonomy":"post_tag","embeddable":true,"href":"https:\/\/gazdasagportal.hu\/index.php\/wp-json\/wp\/v2\/tags?post=52749"}],"curies":[{"name":"wp","href":"https:\/\/api.w.org\/{rel}","templated":true}]}}