{"id":52710,"date":"2014-12-13T10:12:52","date_gmt":"2014-12-13T09:12:52","guid":{"rendered":"http:\/\/stockportal.hu\/?p=52710"},"modified":"2014-12-13T10:16:39","modified_gmt":"2014-12-13T09:16:39","slug":"ukran-valsag-ukrajna-megketszerezte-gazimportjat-europabol","status":"publish","type":"post","link":"https:\/\/gazdasagportal.hu\/index.php\/ukran-valsag-ukrajna-megketszerezte-gazimportjat-europabol\/","title":{"rendered":"Ukr\u00e1n v\u00e1ls\u00e1g &#8211; Ukrajna megk\u00e9tszerezte g\u00e1zimportj\u00e1t Eur\u00f3p\u00e1b\u00f3l"},"content":{"rendered":"<p><strong>Ukrajna 4 milli\u00e1rd k\u00f6bm\u00e9ter f\u00f6ldg\u00e1zt v\u00e1s\u00e1rolt Eur\u00f3p\u00e1b\u00f3l az idei els\u0151 11 h\u00f3napban, ami csaknem k\u00e9tszerese az egy \u00e9vvel kor\u00e1bbinak.<\/strong><!--more--><\/p>\n<div class=\"ads-in-post1\"><div id=\"gazdasagportal.hu_fullbanner_wideboard\"><\/div>\r\n<\/div>\n<p>Az Ukrtransgaz ukr\u00e1n g\u00e1zforgalmaz\u00f3 honlapj\u00e1ra felker\u00fclt adatok szerint Ukrajna a tavalyi els\u0151 11 h\u00f3napban 2,1 milli\u00e1rd k\u00f6bm\u00e9ter, egy \u00e9vvel kor\u00e1bban 0,1 milli\u00e1rd k\u00f6bm\u00e9ter f\u00f6ldg\u00e1zt import\u00e1lt Eur\u00f3pa fel\u00f6l.<br \/>\nA<strong> legt\u00f6bb f\u00f6ldg\u00e1z Szlov\u00e1ki\u00e1n kereszt\u00fcl \u00e1ramlott Ukrajn\u00e1ba<\/strong> az idei csaknem egy \u00e9vben. <strong>Magyarorsz\u00e1g szeptember 25-e \u00f3ta \u00e1tmenetileg sz\u00fcnetelteti a g\u00e1zsz\u00e1ll\u00edt\u00e1st Ukrajna fel\u00e9.<\/strong><br \/>\n<strong>A Gazprom j\u00fanius k\u00f6zep\u00e9n \u00e1ll\u00edtotta le a g\u00e1zsz\u00e1ll\u00edt\u00e1st Ukrajn\u00e1nak<\/strong>, mert a szomsz\u00e9dos \u00e1llam moszkvai sz\u00e1m\u00edt\u00e1sok szerint 5,3 milli\u00e1rd doll\u00e1rral tartozott a kor\u00e1bban lesz\u00e1ll\u00edtott energiahordoz\u00f3\u00e9rt.<br \/>\n<strong>Ukrajna az\u00f3ta rendezte ad\u00f3ss\u00e1g\u00e1nak egy r\u00e9sz\u00e9t<\/strong>. A k\u00e9t orsz\u00e1g k\u00f6z\u00f6tt okt\u00f3berben l\u00e9trej\u00f6tt meg\u00e1llapod\u00e1s szerint Oroszorsz\u00e1g hajland\u00f3 \u00fajraind\u00edtani a g\u00e1zexportot Ukrajn\u00e1ba, <strong>de csak annyit sz\u00e1ll\u00edt, amennyit el\u0151re kifizet Kijev<\/strong>. Ukrajna december elej\u00e9n 378 milli\u00f3 doll\u00e1rt utalt \u00e1t Oroszorsz\u00e1gnak, amely december 9-\u00e9n megkezdte a sz\u00e1ll\u00edt\u00e1st.<br \/>\n<strong>Ukrajna g\u00e1zfogyaszt\u00e1sa \u00e9vi mintegy 50 milli\u00e1rd k\u00f6bm\u00e9ter, ebb\u0151l h\u00faszmilli\u00e1rd k\u00f6bm\u00e9tert maga termel<\/strong>. Ukrajna kor\u00e1bban kiz\u00e1r\u00f3lag Oroszorsz\u00e1gb\u00f3l import\u00e1lt f\u00f6ldg\u00e1zt, m\u00e1ra az orosz g\u00e1zimportnak a 60 sz\u00e1zal\u00e9k\u00e1t m\u00e1r kiv\u00e1ltotta.(MTI)<\/p>\n","protected":false},"excerpt":{"rendered":"<p>Ukrajna 4 milli\u00e1rd k\u00f6bm\u00e9ter f\u00f6ldg\u00e1zt v\u00e1s\u00e1rolt Eur\u00f3p\u00e1b\u00f3l az idei els\u0151 11 h\u00f3napban, ami csaknem k\u00e9tszerese az egy \u00e9vvel kor\u00e1bbinak.<\/p>\n","protected":false},"author":1,"featured_media":0,"comment_status":"open","ping_status":"closed","sticky":false,"template":"","format":"standard","meta":[],"categories":[139],"tags":[413],"_links":{"self":[{"href":"https:\/\/gazdasagportal.hu\/index.php\/wp-json\/wp\/v2\/posts\/52710"}],"collection":[{"href":"https:\/\/gazdasagportal.hu\/index.php\/wp-json\/wp\/v2\/posts"}],"about":[{"href":"https:\/\/gazdasagportal.hu\/index.php\/wp-json\/wp\/v2\/types\/post"}],"author":[{"embeddable":true,"href":"https:\/\/gazdasagportal.hu\/index.php\/wp-json\/wp\/v2\/users\/1"}],"replies":[{"embeddable":true,"href":"https:\/\/gazdasagportal.hu\/index.php\/wp-json\/wp\/v2\/comments?post=52710"}],"version-history":[{"count":3,"href":"https:\/\/gazdasagportal.hu\/index.php\/wp-json\/wp\/v2\/posts\/52710\/revisions"}],"predecessor-version":[{"id":52713,"href":"https:\/\/gazdasagportal.hu\/index.php\/wp-json\/wp\/v2\/posts\/52710\/revisions\/52713"}],"wp:attachment":[{"href":"https:\/\/gazdasagportal.hu\/index.php\/wp-json\/wp\/v2\/media?parent=52710"}],"wp:term":[{"taxonomy":"category","embeddable":true,"href":"https:\/\/gazdasagportal.hu\/index.php\/wp-json\/wp\/v2\/categories?post=52710"},{"taxonomy":"post_tag","embeddable":true,"href":"https:\/\/gazdasagportal.hu\/index.php\/wp-json\/wp\/v2\/tags?post=52710"}],"curies":[{"name":"wp","href":"https:\/\/api.w.org\/{rel}","templated":true}]}}