{"id":52708,"date":"2014-12-13T08:46:23","date_gmt":"2014-12-13T07:46:23","guid":{"rendered":"http:\/\/stockportal.hu\/?p=52708"},"modified":"2014-12-13T08:46:23","modified_gmt":"2014-12-13T07:46:23","slug":"orban-viktor-megteremtettuk-es-folytatjuk-a-nemzeti-szuveren-politikat","status":"publish","type":"post","link":"https:\/\/gazdasagportal.hu\/index.php\/orban-viktor-megteremtettuk-es-folytatjuk-a-nemzeti-szuveren-politikat\/","title":{"rendered":"Orb\u00e1n Viktor: megteremtett\u00fck \u00e9s folytatjuk a nemzeti, szuver\u00e9n politik\u00e1t"},"content":{"rendered":"<p><strong>A k\u00f6vetkez\u0151 id\u0151szak feladata egy gazdas\u00e1gilag stagn\u00e1l\u00f3 Eur\u00f3p\u00e1ban, egy geopolitikailag ki\u00e9lezett helyzetben megv\u00e9deni Magyarorsz\u00e1g politikai szuverenit\u00e1s\u00e1t \u00e9s b\u0151v\u00edteni gazdas\u00e1gi szuverenit\u00e1s\u00e1t &#8211; mondta Orb\u00e1n Viktor minisztereln\u00f6k a Sz\u00e9ll K\u00e1lm\u00e1n Alap\u00edtv\u00e1ny \u00e9vz\u00e1r\u00f3 rendezv\u00e9ny\u00e9n p\u00e9ntek este Budapesten.     A korm\u00e1nyf\u0151 el\u0151ad\u00e1s\u00e1r\u00f3l sajt\u00f3f\u0151n\u00f6ke, Havasi Bertalan sz\u00e1molt be az MTI-nek.<\/strong><!--more--><\/p>\n<div class=\"ads-in-post1\"><div id=\"gazdasagportal.hu_fullbanner_wideboard\"><\/div>\r\n<\/div>\n<p>    Orb\u00e1n Viktor arr\u00f3l besz\u00e9lt, hogy 2010 \u00e9s 2014 k\u00f6z\u00f6tt megteremtett\u00e9k egy nemzeti, szuver\u00e9n politika alkotm\u00e1nyos \u00e9s p\u00e9nz\u00fcgyi alapjait.<br \/>\n    Siker\u00fclt beind\u00edtani a magyar gazdas\u00e1got, a n\u00f6veked\u00e9s ma m\u00e1r az egyik leger\u0151teljesebb Eur\u00f3p\u00e1ban. Magyarorsz\u00e1g kit\u00f6rt a megszor\u00edt\u00e1s-elenged\u00e9s gazdas\u00e1gi k\u00f6rforg\u00e1s\u00e1b\u00f3l. Munk\u00e1ba \u00e1ll\u00edtottuk Magyarorsz\u00e1got &#8211; hangs\u00falyozta a minisztereln\u00f6k, kifejtve: 2010-ben 1,8 milli\u00f3 ad\u00f3fizet\u0151 volt haz\u00e1nkban, ma viszont m\u00e1r 4,2 milli\u00f3an j\u00e1rulnak hozz\u00e1 a k\u00f6zterhekhez, 400 ezerrel t\u00f6bben dolgoznak, mint n\u00e9gy \u00e9ve, \u00edgy teljes\u00edthet\u0151 a korm\u00e1nyp\u00e1rtok \u00e1ltal kor\u00e1bban kit\u0171z\u00f6tt &#8222;t\u00edz \u00e9v alatt egymilli\u00f3 \u00faj munkahely&#8221; program.<br \/>\n    Orb\u00e1n Viktor kiemelte: eur\u00f3pai \u00f6sszevet\u00e9sben a legnagyobb ar\u00e1nyban Magyarorsz\u00e1gon cs\u00f6kkent a munkan\u00e9lk\u00fclis\u00e9g, \u00e9s ez\u00e1ltal v\u00e1lt lehet\u0151v\u00e9 a szeg\u00e9nys\u00e9g cs\u00f6kkent\u00e9se is haz\u00e1nkban. Mint mondta: a szeg\u00e9nys\u00e9g ellen munkahelyteremt\u00e9ssel lehet a legeredm\u00e9nyesebben k\u00fczdeni.<br \/>\n    Cs\u00f6kkent az \u00e1llamad\u00f3ss\u00e1g, m\u00e9ghozz\u00e1 \u00fagy, hogy k\u00f6zben impoz\u00e1ns m\u00e9rt\u00e9kben n\u00f6velt\u00fck a k\u00f6z\u00f6ss\u00e9gi c\u00e9lokat szolg\u00e1l\u00f3 nemzeti vagyont &#8211; sz\u00f6gezte le.<br \/>\n    Az infl\u00e1ci\u00f3 null\u00e1ra cs\u00f6kkent; n\u0151tt a h\u00e1ztart\u00e1sok megtakar\u00edt\u00e1sa; k\u00f6zben cs\u00f6kkentett\u00fck az ad\u00f3kat, k\u00f6sz\u00f6nhet\u0151en az egyed\u00fcl\u00e1ll\u00f3an alacsony egykulcsos j\u00f6vedelemad\u00f3t a csal\u00e1di kedvezm\u00e9nyekkel \u00f6tv\u00f6z\u0151 ad\u00f3rendszernek &#8211; sorolta az eredm\u00e9nyeket a minisztereln\u00f6k.<br \/>\n    A bankok elsz\u00e1moltat\u00e1s\u00e1nak eredm\u00e9nye az, hogy 1000 milli\u00e1rd forint ker\u00fcl \u00e1t a bankokt\u00f3l a magyar csal\u00e1dokhoz, az int\u00e9zked\u00e9ssorozat hozz\u00e1vet\u0151legesen 5,2 milli\u00f3 ember \u00e9let\u00e9t k\u00f6nny\u00edti meg &#8211; tette hozz\u00e1.<br \/>\n    2015-t\u0151l kezd\u0151d\u0151en nem kisebb c\u00e9ljaink \u00e9s feladataink vannak &#8211; folytatta Orb\u00e1n Viktor.<br \/>\n    Meg kell v\u00e9deni a gazdas\u00e1gi szuverenit\u00e1sunk kiterjeszt\u00e9s\u00e9vel el\u00e9rt eredm\u00e9nyeinket, a rezsics\u00f6kkent\u00e9st, az energiapolitik\u00e1nkat csak\u00fagy, mint a versenyel\u0151ny\u00fcnket biztos\u00edt\u00f3 Munkahelyv\u00e9delmi Akci\u00f3tervet, amit els\u0151sorban az eur\u00f3pai ad\u00f3harmoniz\u00e1ci\u00f3s t\u00f6rekv\u00e9sek vesz\u00e9lyeztetnek. Eredm\u00e9nyeket kell el\u00e9rn\u00fcnk az energiasz\u00e1ll\u00edt\u00e1si \u00fatvonalak diverzifik\u00e1ci\u00f3ja ter\u00e9n, \u00e9s 2015 elej\u00e9n be kell ind\u00edtanunk a rendszerv\u00e1lt\u00e1s \u00f3ta legnagyobb gazdas\u00e1gfejleszt\u00e9si programunkat, ami elhozza a teljes foglalkoztatotts\u00e1got \u00e9s k\u00f6zben meger\u0151s\u00edti a nemzeti gazdas\u00e1gi szerepl\u0151ket is &#8211; jelentette ki.<br \/>\n    V\u00e9gezet\u00fcl a k\u00fclkereskedelemr\u0151l besz\u00e9lt a minisztereln\u00f6k, kiemelve: annak s\u00falypontj\u00e1n m\u00f3dos\u00edtani kell, nagyobb figyelmet ford\u00edtunk a felt\u00f6rekv\u0151, dinamikus, keleti piacokon val\u00f3 r\u00e9szv\u00e9telre.(MTI)<\/p>\n","protected":false},"excerpt":{"rendered":"<p>A k\u00f6vetkez\u0151 id\u0151szak feladata egy gazdas\u00e1gilag stagn\u00e1l\u00f3 Eur\u00f3p\u00e1ban, egy geopolitikailag ki\u00e9lezett helyzetben megv\u00e9deni Magyarorsz\u00e1g politikai szuverenit\u00e1s\u00e1t \u00e9s b\u0151v\u00edteni gazdas\u00e1gi szuverenit\u00e1s\u00e1t &#8211; mondta Orb\u00e1n Viktor minisztereln\u00f6k a Sz\u00e9ll K\u00e1lm\u00e1n Alap\u00edtv\u00e1ny \u00e9vz\u00e1r\u00f3 rendezv\u00e9ny\u00e9n p\u00e9ntek este Budapesten. A korm\u00e1nyf\u0151 el\u0151ad\u00e1s\u00e1r\u00f3l sajt\u00f3f\u0151n\u00f6ke, Havasi Bertalan sz\u00e1molt be az MTI-nek.<\/p>\n","protected":false},"author":1,"featured_media":0,"comment_status":"open","ping_status":"closed","sticky":false,"template":"","format":"standard","meta":[],"categories":[254],"tags":[236],"_links":{"self":[{"href":"https:\/\/gazdasagportal.hu\/index.php\/wp-json\/wp\/v2\/posts\/52708"}],"collection":[{"href":"https:\/\/gazdasagportal.hu\/index.php\/wp-json\/wp\/v2\/posts"}],"about":[{"href":"https:\/\/gazdasagportal.hu\/index.php\/wp-json\/wp\/v2\/types\/post"}],"author":[{"embeddable":true,"href":"https:\/\/gazdasagportal.hu\/index.php\/wp-json\/wp\/v2\/users\/1"}],"replies":[{"embeddable":true,"href":"https:\/\/gazdasagportal.hu\/index.php\/wp-json\/wp\/v2\/comments?post=52708"}],"version-history":[{"count":1,"href":"https:\/\/gazdasagportal.hu\/index.php\/wp-json\/wp\/v2\/posts\/52708\/revisions"}],"predecessor-version":[{"id":52709,"href":"https:\/\/gazdasagportal.hu\/index.php\/wp-json\/wp\/v2\/posts\/52708\/revisions\/52709"}],"wp:attachment":[{"href":"https:\/\/gazdasagportal.hu\/index.php\/wp-json\/wp\/v2\/media?parent=52708"}],"wp:term":[{"taxonomy":"category","embeddable":true,"href":"https:\/\/gazdasagportal.hu\/index.php\/wp-json\/wp\/v2\/categories?post=52708"},{"taxonomy":"post_tag","embeddable":true,"href":"https:\/\/gazdasagportal.hu\/index.php\/wp-json\/wp\/v2\/tags?post=52708"}],"curies":[{"name":"wp","href":"https:\/\/api.w.org\/{rel}","templated":true}]}}