{"id":52692,"date":"2014-12-13T06:54:54","date_gmt":"2014-12-13T05:54:54","guid":{"rendered":"http:\/\/stockportal.hu\/?p=52692"},"modified":"2014-12-12T21:55:35","modified_gmt":"2014-12-12T20:55:35","slug":"megvonta-bulgariatol-a-befektetesi-ajanlasu-minositest-az-sp","status":"publish","type":"post","link":"https:\/\/gazdasagportal.hu\/index.php\/megvonta-bulgariatol-a-befektetesi-ajanlasu-minositest-az-sp\/","title":{"rendered":"Megvonta Bulg\u00e1ri\u00e1t\u00f3l a befektet\u00e9si aj\u00e1nl\u00e1s\u00fa min\u0151s\u00edt\u00e9st az S&#038;P"},"content":{"rendered":"<p><strong>Megvonta Bulg\u00e1ri\u00e1t\u00f3l a befektet\u00e9si aj\u00e1nl\u00e1s\u00fa min\u0151s\u00edt\u00e9st p\u00e9nteken a Standard &#038; Poor&#8217;s, els\u0151sorban a banki kock\u00e1zatokkal \u00e9s a tart\u00f3s defl\u00e1ci\u00f3 negat\u00edv n\u00f6veked\u00e9si hat\u00e1saival indokolva a l\u00e9p\u00e9st.<\/strong><!--more--><\/p>\n<div class=\"ads-in-post1\"><div id=\"gazdasagportal.hu_fullbanner_wideboard\"><\/div>\r\n<\/div>\n<p>    A nemzetk\u00f6zi hitelmin\u0151s\u00edt\u0151 p\u00e9ntek este Londonban bejelentette, hogy az eddigi &#8222;BBB m\u00ednusz\/A-3&#8221;-r\u00f3l egy fokozattal &#8222;BB plusz\/B&#8221;-re rontotta Bulg\u00e1ria hossz\u00fa \u00e9s r\u00f6vid lej\u00e1rat\u00fa szuver\u00e9n ad\u00f3ss\u00e1gk\u00f6telezetts\u00e9geinek oszt\u00e1lyzatait.<br \/>\n    A &#8222;BB plusz&#8221; hossz\u00fa t\u00e1v\u00fa besorol\u00e1s egy fokozattal elmarad a befektet\u00e9sre aj\u00e1nlott &#8222;BBB&#8221; kateg\u00f3ria als\u00f3 sz\u00e9l\u00e9t\u0151l, vagyis a bolg\u00e1r \u00e1llamad\u00f3ss\u00e1gra az S&#038;P \u00e1ltal eddig \u00e9rv\u00e9nyben tartott &#8222;BBB m\u00ednusz&#8221;-t\u00f3l.<br \/>\n    A m\u00e1sik k\u00e9t nagy nemzetk\u00f6zi hitelmin\u0151s\u00edt\u0151, a Moody&#8217;s Investors Service \u00e9s a Fitch Ratings egyar\u00e1nt a befektet\u00e9si aj\u00e1nl\u00e1s\u00fa s\u00e1vban tartja nyilv\u00e1n Bulg\u00e1ria szuver\u00e9n ad\u00f3ss\u00e1g\u00e1t, a Moody&#8217;s &#8222;Baa2&#8221;, a Fitch enn\u00e9l eggyel gyeng\u00e9bb, &#8222;BBB m\u00ednusz&#8221; besorol\u00e1ssal.<br \/>\n    Az S&#038;P a p\u00e9nteki bolg\u00e1r oszt\u00e1lyzatront\u00e1s indokai k\u00f6z\u00fcl kiemelte, hogy az id\u00e9n k\u00e9t bolg\u00e1r nagybankb\u00f3l is nagyar\u00e1ny\u00fa bet\u00e9tmenek\u00edt\u00e9s indult, \u00e9s a bolg\u00e1r p\u00e9nz\u00fcgyi rendszernek ny\u00fajtott idei k\u00f6lts\u00e9gvet\u00e9si t\u00e1mogat\u00e1s \u00e9rt\u00e9ke el\u00e9rte a hazai \u00f6sszterm\u00e9k (GDP) 3,5 sz\u00e1zal\u00e9k\u00e1t.<br \/>\n    A hitelmin\u0151s\u00edt\u0151 el\u0151rejelz\u00e9se szerint a GDP-ar\u00e1nyos bolg\u00e1r \u00e1llamh\u00e1ztart\u00e1si hi\u00e1ny is 3,5 sz\u00e1zal\u00e9kra n\u00f6vekszik 2014-ben a tavaly m\u00e9rt 1,2 sz\u00e1zal\u00e9kr\u00f3l. Az S&#038;P elemz\u0151i azzal sz\u00e1molnak, hogy a bolg\u00e1r korm\u00e1ny az id\u00e9n a GDP 11 sz\u00e1zal\u00e9k\u00e1nak megfelel\u0151 \u00faj ad\u00f3ss\u00e1got bocs\u00e1t ki, ami a brutt\u00f3 \u00e1llamad\u00f3ss\u00e1g 1997 \u00f3ta nem tapasztalt n\u00f6veked\u00e9s\u00e9t jelenten\u00e9.<br \/>\n    A Standard &#038; Poor&#8217;s rontotta a bolg\u00e1r gazdas\u00e1g n\u00f6veked\u00e9s\u00e9re adott k\u00f6z\u00e9pt\u00e1v\u00fa el\u0151rejelz\u00e9s\u00e9t is. A c\u00e9g fel\u00fclvizsg\u00e1lt v\u00e1rakoz\u00e1sa szerint a bolg\u00e1r hazai \u00f6sszterm\u00e9k 2014 \u00e9s 2017 k\u00f6z\u00f6tt \u00e9ves \u00e1tlagban mind\u00f6ssze 1 sz\u00e1zal\u00e9kkal b\u0151v\u00fcl re\u00e1l\u00e9rt\u00e9ken az S&#038;P \u00e1ltal eddig v\u00e1rt, valamivel 2 sz\u00e1zal\u00e9k alatti \u00e9ves \u00e1tlagos \u00fctem helyett.<br \/>\n    A hitelmin\u0151s\u00edt\u0151 meg\u00e1llap\u00edtja, hogy a p\u00e9nz\u00fcgyi v\u00e1ls\u00e1g elhatalmasod\u00e1sa \u00f3ta a bolg\u00e1r j\u00f6vedelmi konvergencia-folyamat lelassult. Az S&#038;P v\u00e1rakoz\u00e1sa szerint az egy f\u0151re jut\u00f3 bolg\u00e1r GDP-\u00e9rt\u00e9k az el\u0151rejelz\u00e9si t\u00e1vlat eg\u00e9sz\u00e9ben is a jelenlegi 5500 eur\u00f3 k\u00f6rny\u00e9k\u00e9n marad, ami azt jelenti, hogy Bulg\u00e1ria fejenk\u00e9nti hazai \u00f6sszterm\u00e9ke nem \u00e9ri el a n\u00e9metorsz\u00e1gi \u00e9rt\u00e9k hatod\u00e1t sem.<br \/>\n    A helyzetet s\u00falyosb\u00edtja a tart\u00f3s defl\u00e1ci\u00f3 is. A fogyaszt\u00f3i \u00e1rindex okt\u00f3berben 1,5 sz\u00e1zal\u00e9kkal cs\u00f6kkent \u00e9ves \u00f6sszevet\u00e9sben &#8211; hangs\u00falyozza p\u00e9nteki elemz\u00e9s\u00e9ben a Standard &#038; Poor&#8217;s.(MTI)<\/p>\n","protected":false},"excerpt":{"rendered":"<p>Megvonta Bulg\u00e1ri\u00e1t\u00f3l a befektet\u00e9si aj\u00e1nl\u00e1s\u00fa min\u0151s\u00edt\u00e9st p\u00e9nteken a Standard &#038; Poor&#8217;s, els\u0151sorban a banki kock\u00e1zatokkal \u00e9s a tart\u00f3s defl\u00e1ci\u00f3 negat\u00edv n\u00f6veked\u00e9si hat\u00e1saival indokolva a l\u00e9p\u00e9st.<\/p>\n","protected":false},"author":1,"featured_media":0,"comment_status":"open","ping_status":"closed","sticky":false,"template":"","format":"standard","meta":[],"categories":[246],"tags":[],"_links":{"self":[{"href":"https:\/\/gazdasagportal.hu\/index.php\/wp-json\/wp\/v2\/posts\/52692"}],"collection":[{"href":"https:\/\/gazdasagportal.hu\/index.php\/wp-json\/wp\/v2\/posts"}],"about":[{"href":"https:\/\/gazdasagportal.hu\/index.php\/wp-json\/wp\/v2\/types\/post"}],"author":[{"embeddable":true,"href":"https:\/\/gazdasagportal.hu\/index.php\/wp-json\/wp\/v2\/users\/1"}],"replies":[{"embeddable":true,"href":"https:\/\/gazdasagportal.hu\/index.php\/wp-json\/wp\/v2\/comments?post=52692"}],"version-history":[{"count":1,"href":"https:\/\/gazdasagportal.hu\/index.php\/wp-json\/wp\/v2\/posts\/52692\/revisions"}],"predecessor-version":[{"id":52693,"href":"https:\/\/gazdasagportal.hu\/index.php\/wp-json\/wp\/v2\/posts\/52692\/revisions\/52693"}],"wp:attachment":[{"href":"https:\/\/gazdasagportal.hu\/index.php\/wp-json\/wp\/v2\/media?parent=52692"}],"wp:term":[{"taxonomy":"category","embeddable":true,"href":"https:\/\/gazdasagportal.hu\/index.php\/wp-json\/wp\/v2\/categories?post=52692"},{"taxonomy":"post_tag","embeddable":true,"href":"https:\/\/gazdasagportal.hu\/index.php\/wp-json\/wp\/v2\/tags?post=52692"}],"curies":[{"name":"wp","href":"https:\/\/api.w.org\/{rel}","templated":true}]}}