{"id":52556,"date":"2014-12-11T15:35:04","date_gmt":"2014-12-11T14:35:04","guid":{"rendered":"http:\/\/stockportal.hu\/?p=52556"},"modified":"2014-12-11T15:35:04","modified_gmt":"2014-12-11T14:35:04","slug":"magyar-telekom-valtozas-az-iranyitasi-strukturaban-es-a-menedzsment-osztonzesben","status":"publish","type":"post","link":"https:\/\/gazdasagportal.hu\/index.php\/magyar-telekom-valtozas-az-iranyitasi-strukturaban-es-a-menedzsment-osztonzesben\/","title":{"rendered":"Magyar Telekom: v\u00e1ltoz\u00e1s az ir\u00e1ny\u00edt\u00e1si strukt\u00far\u00e1ban \u00e9s a menedzsment \u00f6szt\u00f6nz\u00e9sben"},"content":{"rendered":"<p><strong>A Magyar Telekomn\u00e1l megsz\u0171nik az \u00fczletfejleszt\u00e9si vez\u00e9rigazgat\u00f3-helyettesi poz\u00edci\u00f3 2015. janu\u00e1r 1-jei hat\u00e1llyal &#8211; k\u00f6z\u00f6lte a t\u00e1rsas\u00e1g cs\u00fct\u00f6rt\u00f6k\u00f6n a Budapesti \u00c9rt\u00e9kt\u0151zsde honlapj\u00e1n.<\/strong><!--more--><\/p>\n<div class=\"ads-in-post1\"><div id=\"gazdasagportal.hu_fullbanner_wideboard\"><\/div>\r\n<\/div>\n<p>    A t\u00e1rsas\u00e1g igazgat\u00f3s\u00e1g\u00e1nak d\u00f6nt\u00e9se \u00e9rtelm\u00e9ben ezt k\u00f6vet\u0151en az \u00fczletfejleszt\u00e9si ter\u00fclet a t\u00e1rsas\u00e1g vez\u00e9rigazgat\u00f3j\u00e1nak k\u00f6zvetlen\u00fcl tartozik majd besz\u00e1mol\u00e1si k\u00f6telezetts\u00e9ggel.<br \/>\n    Az \u00fczletfejleszt\u00e9si vez\u00e9rigazgat\u00f3-helyettesi poz\u00edci\u00f3t kor\u00e1bban Pataki R\u00f3bert t\u00f6lt\u00f6tte be, aki november 6-i hat\u00e1llyal t\u00e1vozott a t\u00e1rsas\u00e1gt\u00f3l.<br \/>\n    A Telekom m\u00e1sik k\u00f6zlem\u00e9nye szerint v\u00e1ltoz\u00e1s lesz a menedzsment \u00f6szt\u00f6nz\u00e9si programban is a vez\u00e9rigazgat\u00f3ra vonatkoz\u00f3an.<br \/>\n    A program l\u00e9nyege, hogy a t\u00e1rsas\u00e1g vez\u00e9rigazgat\u00f3ja k\u00f6teles az \u00e9ves brutt\u00f3 pr\u00e9miuma minimum 10 sz\u00e1zal\u00e9k\u00e1nak megfelel\u0151 \u00f6sszeget Magyar Telekom r\u00e9szv\u00e9nyekbe fektetni, amely \u00f6nk\u00e9ntesen maximum 33,3 sz\u00e1zal\u00e9kig n\u00f6velhet\u0151. A  m\u00f3dos\u00edt\u00e1sok \u00e9rtelm\u00e9ben, \u00f6sszhangban a Deutsche Telekom Csoport szint\u0171 gyakorlat\u00e1val, 2015-t\u0151l a Magyar Telekom vez\u00e9rigazgat\u00f3ja Magyar Telekom r\u00e9szv\u00e9nyek helyett Deutsche Telekom r\u00e9szv\u00e9nyekbe k\u00f6teles fektetni.<br \/>\n    A v\u00e1ltoz\u00e1st a Magyar Telekom soron k\u00f6vetkez\u0151 \u00e9ves rendes k\u00f6zgy\u0171l\u00e9s\u00e9nek is el kell fogadnia.(MTI)<\/p>\n","protected":false},"excerpt":{"rendered":"<p>A Magyar Telekomn\u00e1l megsz\u0171nik az \u00fczletfejleszt\u00e9si vez\u00e9rigazgat\u00f3-helyettesi poz\u00edci\u00f3 2015. janu\u00e1r 1-jei hat\u00e1llyal &#8211; k\u00f6z\u00f6lte a t\u00e1rsas\u00e1g cs\u00fct\u00f6rt\u00f6k\u00f6n a Budapesti \u00c9rt\u00e9kt\u0151zsde honlapj\u00e1n.<\/p>\n","protected":false},"author":1,"featured_media":0,"comment_status":"open","ping_status":"closed","sticky":false,"template":"","format":"standard","meta":[],"categories":[7],"tags":[85],"_links":{"self":[{"href":"https:\/\/gazdasagportal.hu\/index.php\/wp-json\/wp\/v2\/posts\/52556"}],"collection":[{"href":"https:\/\/gazdasagportal.hu\/index.php\/wp-json\/wp\/v2\/posts"}],"about":[{"href":"https:\/\/gazdasagportal.hu\/index.php\/wp-json\/wp\/v2\/types\/post"}],"author":[{"embeddable":true,"href":"https:\/\/gazdasagportal.hu\/index.php\/wp-json\/wp\/v2\/users\/1"}],"replies":[{"embeddable":true,"href":"https:\/\/gazdasagportal.hu\/index.php\/wp-json\/wp\/v2\/comments?post=52556"}],"version-history":[{"count":1,"href":"https:\/\/gazdasagportal.hu\/index.php\/wp-json\/wp\/v2\/posts\/52556\/revisions"}],"predecessor-version":[{"id":52557,"href":"https:\/\/gazdasagportal.hu\/index.php\/wp-json\/wp\/v2\/posts\/52556\/revisions\/52557"}],"wp:attachment":[{"href":"https:\/\/gazdasagportal.hu\/index.php\/wp-json\/wp\/v2\/media?parent=52556"}],"wp:term":[{"taxonomy":"category","embeddable":true,"href":"https:\/\/gazdasagportal.hu\/index.php\/wp-json\/wp\/v2\/categories?post=52556"},{"taxonomy":"post_tag","embeddable":true,"href":"https:\/\/gazdasagportal.hu\/index.php\/wp-json\/wp\/v2\/tags?post=52556"}],"curies":[{"name":"wp","href":"https:\/\/api.w.org\/{rel}","templated":true}]}}