{"id":52542,"date":"2014-12-11T14:17:28","date_gmt":"2014-12-11T13:17:28","guid":{"rendered":"http:\/\/stockportal.hu\/?p=52542"},"modified":"2014-12-11T14:17:28","modified_gmt":"2014-12-11T13:17:28","slug":"az-mnv-zrt-reszvetelevel-tartottak-ujabb-nagysikeru-szakkonferenciat-a-bgf-en","status":"publish","type":"post","link":"https:\/\/gazdasagportal.hu\/index.php\/az-mnv-zrt-reszvetelevel-tartottak-ujabb-nagysikeru-szakkonferenciat-a-bgf-en\/","title":{"rendered":"Az MNV Zrt. r\u00e9szv\u00e9tel\u00e9vel tartottak \u00fajabb nagysiker\u0171 szakkonferenci\u00e1t a BGF-en"},"content":{"rendered":"<p><strong><em>Az emberi er\u0151forr\u00e1sok fejleszt\u00e9s\u00e9nek szerepe a felel\u0151s v\u00e1llalatir\u00e1ny\u00edt\u00e1sban<\/em><\/strong><strong> c\u00edmmel szervezett konferenci\u00e1t a Budapesti Gazdas\u00e1gi F\u0151iskola P\u00e9nz\u00fcgyi \u00e9s Sz\u00e1mviteli Kar Tov\u00e1bbk\u00e9pz\u00e9si \u00e9s Szakk\u00e9pz\u00e9si K\u00f6zpontja \u00e9s a Magyar K\u00f6zgazdas\u00e1gi T\u00e1rsas\u00e1g Felel\u0151s V\u00e1llalatir\u00e1ny\u00edt\u00e1si Szakoszt\u00e1lya december 11-\u00e9n. Az esem\u00e9nyen el\u0151ad\u00f3k\u00e9nt r\u00e9szt vett Seb\u0151k Marianna, a Magyar Nemzeti Vagyonkezel\u0151 Zrt. hum\u00e1npolitikai \u00e9s szervezetfejleszt\u00e9si igazgat\u00f3ja is.<\/strong><!--more--><\/p>\n<div class=\"ads-in-post1\"><div id=\"gazdasagportal.hu_fullbanner_wideboard\"><\/div>\r\n<\/div>\n<p>A szakkonferencia a k\u00f6z\u00e9p-eur\u00f3pai t\u00e9rs\u00e9g egyik legr\u00e9gebbi kereskedelmi \u00e9s gazdas\u00e1gi akad\u00e9mi\u00e1j\u00e1nak jogut\u00f3djak\u00e9nt m\u0171k\u00f6d\u0151, az \u201ealkalmazott tudom\u00e1nyok f\u0151iskol\u00e1ja\u201d min\u0151s\u00edt\u00e9ssel \u00e9s az orsz\u00e1g legnagyobb hallgat\u00f3i l\u00e9tsz\u00e1m\u00fa fels\u0151oktat\u00e1si kar\u00e1val rendelkez\u0151 Budapesti Gazdas\u00e1gi F\u0151iskola Mark\u00f3 utcai Aul\u00e1j\u00e1ban ker\u00fclt lebonyol\u00edt\u00e1sra.<\/p>\n<p>A rendezv\u00e9ny c\u00e9lja az volt, hogy felh\u00edvja a figyelmet a magyarorsz\u00e1gi nagy- \u00e9s k\u00f6z\u00e9pv\u00e1llalati vezet\u0151k gazdas\u00e1gi vonatkoz\u00e1s\u00fa tov\u00e1bbk\u00e9pz\u00e9s\u00e9nek fontoss\u00e1g\u00e1ra, figyelembe v\u00e9ve az egyes kompetencia ter\u00fcleteken felmer\u00fcl\u0151 egyedi ig\u00e9nyeket \u00e9s fejleszt\u00e9si lehet\u0151s\u00e9geket. A konferencia programj\u00e1ban a tov\u00e1bbk\u00e9pz\u00e9si szolg\u00e1ltat\u00e1sokat ig\u00e9nybe vev\u0151 gazdas\u00e1gi szerepl\u0151ket \u00e9s a f\u0151iskola egyed\u00fcl\u00e1ll\u00f3 p\u00e9nz\u00fcgyi-, sz\u00e1mviteli, hum\u00e1ner\u0151forr\u00e1s menedzsel\u00e9si, valamint v\u00e1llalatir\u00e1ny\u00edt\u00e1si k\u00e9pz\u00e9si k\u00edn\u00e1lat\u00e1t k\u00e9pvisel\u0151 el\u0151ad\u00f3k osztott\u00e1k meg tapasztalataikat \u00e9s elk\u00e9pzel\u00e9seiket.<\/p><div id=\"gazda-646058486\" class=\"gazda-tartalomban gazda-entity-placement\"><script async src=\"https:\/\/pagead2.googlesyndication.com\/pagead\/js\/adsbygoogle.js\"><\/script>\r\n<ins class=\"adsbygoogle\"\r\n     style=\"display:block\"\r\n     data-ad-format=\"fluid\"\r\n     data-ad-layout-key=\"-6t+ed+2i-1n-4w\"\r\n     data-ad-client=\"ca-pub-1959107119989764\"\r\n     data-ad-slot=\"4008251320\"><\/ins>\r\n<script>\r\n     (adsbygoogle = window.adsbygoogle || []).push({});\r\n<\/script><\/div>\n<p>Ivanyos J\u00e1nos, a Budapesti Gazdas\u00e1gi F\u0151iskola P\u00e9nz\u00fcgyi \u00e9s Sz\u00e1mviteli Kar\u00e1nak tov\u00e1bbk\u00e9pz\u00e9si igazgat\u00f3ja, a rendezv\u00e9ny szervez\u0151je az esem\u00e9nyen elmondta: <em>\u201eA nemzeti v\u00e1llalatok gazdas\u00e1gi \u00e9s v\u00e1llalatir\u00e1ny\u00edt\u00e1si ter\u00fcletekre vonatkoz\u00f3 k\u00e9pz\u00e9si ig\u00e9nyeinek mind teljesebb k\u00f6r\u0171 lefed\u00e9se mellett a Tov\u00e1bbk\u00e9pz\u00e9si \u00e9s Szakk\u00e9pz\u00e9si K\u00f6zpont a lehets\u00e9ges hazai \u00e9s nemzetk\u00f6zi egy\u00fcttm\u0171k\u00f6d\u00e9si keretek kisz\u00e9les\u00edt\u00e9s\u00e9re is nagy hangs\u00falyt fektet.\u201d<\/em><\/p>\n<p>A szakkonferencia megh\u00edvott el\u0151ad\u00f3ja volt Seb\u0151k Marianna, a Magyar Nemzeti Vagyonkezel\u0151 Zrt. hum\u00e1npolitikai \u00e9s szervezetfejleszt\u00e9si igazgat\u00f3ja is, aki <em>\u201eA k\u00e9pz\u00e9s szerepe a nemzeti v\u00e1llalatok k\u00f6r\u00e9ben\u201d<\/em> c\u00edmmel tartott el\u0151ad\u00e1st.<\/p>\n<p>Hangs\u00falyozta, hogy az MNV Zrt., mint nemzeti nagyv\u00e1llalat nemcsak a hat\u00e1sk\u00f6r\u00e9be tartoz\u00f3 feladatok ell\u00e1t\u00e1s\u00e1ra, hanem a koll\u00e9g\u00e1inak k\u00e9pz\u00e9s\u00e9re is nagy hangs\u00falyt fektet. Bemutatta az MNV Zrt. k\u00e9pz\u00e9si rendszer\u00e9t, \u00e9rintve egyes kiemelt t\u00e1rsas\u00e1gok speci\u00e1lis ig\u00e9nyeit. Ismertette tov\u00e1bb\u00e1 az MNV Zrt. vagyonkezel\u00e9s\u00e9be tartoz\u00f3 nemzeti t\u00e1rsas\u00e1gok vezet\u0151 tiszts\u00e9gvisel\u0151ivel szemben elv\u00e1rt kompetenci\u00e1kat, \u00e9s kit\u00e9rt a nemzeti v\u00e1llalatok k\u00f6z\u00f6tti tud\u00e1smegoszt\u00e1s fontoss\u00e1g\u00e1ra, az ennek megfelel\u0151 f\u00f3rumot biztos\u00edt\u00f3 MNV Tud\u00e1sklub rendezv\u00e9nyei sor\u00e1n szerzett tapasztalataira. El\u0151ad\u00e1s\u00e1ban kiemelte, hogy az MNV Zrt. portf\u00f3li\u00f3j\u00e1ba tartoz\u00f3 nemzeti t\u00e1rsas\u00e1gok vezet\u0151i k\u00f6z\u00f6tt rendk\u00edv\u00fcl j\u00f3 az egy\u00fcttm\u0171k\u00f6d\u00e9s, amely m\u00e9g hat\u00e9konyabb\u00e1 teszi a mindennapi munkafolyamatokat.<\/p>\n","protected":false},"excerpt":{"rendered":"<p>Az emberi er\u0151forr\u00e1sok fejleszt\u00e9s\u00e9nek szerepe a felel\u0151s v\u00e1llalatir\u00e1ny\u00edt\u00e1sban c\u00edmmel szervezett konferenci\u00e1t a Budapesti Gazdas\u00e1gi F\u0151iskola P\u00e9nz\u00fcgyi \u00e9s Sz\u00e1mviteli Kar Tov\u00e1bbk\u00e9pz\u00e9si \u00e9s Szakk\u00e9pz\u00e9si K\u00f6zpontja \u00e9s a Magyar K\u00f6zgazdas\u00e1gi T\u00e1rsas\u00e1g Felel\u0151s V\u00e1llalatir\u00e1ny\u00edt\u00e1si Szakoszt\u00e1lya december 11-\u00e9n. Az esem\u00e9nyen el\u0151ad\u00f3k\u00e9nt r\u00e9szt vett Seb\u0151k Marianna, a Magyar Nemzeti Vagyonkezel\u0151 Zrt. hum\u00e1npolitikai \u00e9s szervezetfejleszt\u00e9si igazgat\u00f3ja is.<\/p>\n","protected":false},"author":1,"featured_media":0,"comment_status":"open","ping_status":"closed","sticky":false,"template":"","format":"standard","meta":[],"categories":[19],"tags":[],"_links":{"self":[{"href":"https:\/\/gazdasagportal.hu\/index.php\/wp-json\/wp\/v2\/posts\/52542"}],"collection":[{"href":"https:\/\/gazdasagportal.hu\/index.php\/wp-json\/wp\/v2\/posts"}],"about":[{"href":"https:\/\/gazdasagportal.hu\/index.php\/wp-json\/wp\/v2\/types\/post"}],"author":[{"embeddable":true,"href":"https:\/\/gazdasagportal.hu\/index.php\/wp-json\/wp\/v2\/users\/1"}],"replies":[{"embeddable":true,"href":"https:\/\/gazdasagportal.hu\/index.php\/wp-json\/wp\/v2\/comments?post=52542"}],"version-history":[{"count":1,"href":"https:\/\/gazdasagportal.hu\/index.php\/wp-json\/wp\/v2\/posts\/52542\/revisions"}],"predecessor-version":[{"id":52543,"href":"https:\/\/gazdasagportal.hu\/index.php\/wp-json\/wp\/v2\/posts\/52542\/revisions\/52543"}],"wp:attachment":[{"href":"https:\/\/gazdasagportal.hu\/index.php\/wp-json\/wp\/v2\/media?parent=52542"}],"wp:term":[{"taxonomy":"category","embeddable":true,"href":"https:\/\/gazdasagportal.hu\/index.php\/wp-json\/wp\/v2\/categories?post=52542"},{"taxonomy":"post_tag","embeddable":true,"href":"https:\/\/gazdasagportal.hu\/index.php\/wp-json\/wp\/v2\/tags?post=52542"}],"curies":[{"name":"wp","href":"https:\/\/api.w.org\/{rel}","templated":true}]}}