{"id":52483,"date":"2014-12-11T02:24:33","date_gmt":"2014-12-11T01:24:33","guid":{"rendered":"http:\/\/stockportal.hu\/?p=52483"},"modified":"2014-12-12T10:11:44","modified_gmt":"2014-12-12T09:11:44","slug":"megszunik-az-m0-s-altalanos-dijmentessege-uj-matricakat-vezetnek-be","status":"publish","type":"post","link":"https:\/\/gazdasagportal.hu\/index.php\/megszunik-az-m0-s-altalanos-dijmentessege-uj-matricakat-vezetnek-be\/","title":{"rendered":"Megsz\u0171nik az M0-s \u00e1ltal\u00e1nos d\u00edjmentess\u00e9ge, \u00faj matric\u00e1kat vezetnek be"},"content":{"rendered":"<p><strong>Megsz\u0171nik janu\u00e1rt\u00f3l az M0-s \u00e1ltal\u00e1nos d\u00edjmentess\u00e9ge &#8211; er\u0151s\u00edtette meg szerd\u00e1n a Nemzeti Fejleszt\u00e9si Miniszt\u00e9rium (NFM) kommunik\u00e1ci\u00f3s f\u0151oszt\u00e1lya a nol.hu \u00e9rtes\u00fcl\u00e9s\u00e9t az MTI-nek. A t\u00e1rca tudatta: \u00fajfajta, megyei matric\u00e1kat vezetnek be, amelyek egy \u00e9vre \u00f6tezer forintba ker\u00fclnek majd.<\/strong><!--more--><\/p>\n<div class=\"ads-in-post1\"><div id=\"gazdasagportal.hu_fullbanner_wideboard\"><\/div>\r\n<\/div>\n<p>    &#8222;Az ar\u00e1nyos k\u00f6ztehervisel\u00e9s \u00e9rdek\u00e9ben az M0-s egyes szakaszai \u00e9s a teljes M31 kiv\u00e9tel\u00e9vel megsz\u0171nik az idei \u00e9v v\u00e9g\u00e9ig m\u00e9g ingyenesen ig\u00e9nybe vehet\u0151 szakaszok d\u00edjmentess\u00e9ge&#8221; &#8211; k\u00f6z\u00f6lte a t\u00e1rca.<br \/>\n    Az NFM k\u00f6zlem\u00e9nye szerint a k\u00f6rgy\u0171r\u0171 M5-\u00f6s aut\u00f3p\u00e1lya \u00e9s M4-es aut\u00f3\u00fat (4. sz. f\u0151\u00fat), valamint M3-as aut\u00f3p\u00e1lya \u00e9s 11. sz. f\u0151\u00fat k\u00f6z\u00f6tti szakaszai, \u00e9s a gyorsforgalmi \u00fath\u00e1l\u00f3zat M0-s aut\u00f3p\u00e1ly\u00e1n bel\u00fcli r\u00e9szei (p\u00e9ld\u00e1ul M1-es \u00e9s M7-es bevezet\u0151 a Budapest t\u00e1bl\u00e1t\u00f3l) janu\u00e1rt\u00f3l csak matric\u00e1val haszn\u00e1lhat\u00f3k.<br \/>\n    \u00cdgy az azonos szolg\u00e1ltat\u00e1si sz\u00ednvonal\u00fa utak haszn\u00e1lat\u00e1\u00e9rt az orsz\u00e1g minden r\u00e9sz\u00e9ben egyform\u00e1n kell fizetni\u00fck a j\u00e1rm\u0171vezet\u0151knek &#8211; \u00edrt\u00e1k.<br \/>\n    Hozz\u00e1tett\u00e9k: mivel az M0-s k\u00f6rgy\u0171r\u0171 egyes elemei uni\u00f3s forr\u00e1sb\u00f3l \u00e9p\u00fcltek vagy \u00fajultak meg, ezeken a szakaszokon a d\u00edj bevezet\u00e9s\u00e9t az EU t\u00e1mogat\u00e1si szab\u00e1lyai nem teszik lehet\u0151v\u00e9.<br \/>\n    A t\u00e1j\u00e9koztat\u00e1s szerint a j\u00f6v\u0151ben teh\u00e1t az aut\u00f3p\u00e1ly\u00e1t vagy aut\u00f3utat jelz\u0151 t\u00e1bla szinte kiv\u00e9tel n\u00e9lk\u00fcl a fizet\u0151s szakasz kezdet\u00e9t is jel\u00f6li.<br \/>\n     Kit\u00e9rtek arra is, hogy a kialakult k\u00f6zleked\u00e9si szok\u00e1sokra tekintettel a v\u00e1ltoz\u00e1sokat t\u00fcrelmi id\u0151vel vezetik be: aki az \u00fajonnan d\u00edjas\u00edtott szakaszra matrica n\u00e9lk\u00fcl hajt fel, mentes\u00fclhet a p\u00f3td\u00edj megfizet\u00e9se al\u00f3l, ha m\u00e9g janu\u00e1rban \u00e9ves megyei vagy orsz\u00e1gos matric\u00e1t v\u00e1lt. Ha m\u00e9gis kapna p\u00f3td\u00edjfizet\u00e9si felsz\u00f3l\u00edt\u00e1st, az a N\u00daSZ Zrt. \u00fcgyf\u00e9lszolg\u00e1lati irod\u00e1iban a sz\u00fcks\u00e9ges jogosults\u00e1g megv\u00e1lt\u00e1s\u00e1nak igazol\u00e1s\u00e1val janu\u00e1r v\u00e9g\u00e9ig visszavonathat\u00f3.<br \/>\n    Az NFM k\u00f6zlem\u00e9nye szerint janu\u00e1rt\u00f3l egy-egy megye d\u00edjk\u00f6teles \u00fatjait \u00fajfajta, \u00e9ves e-matric\u00e1kkal is haszn\u00e1lhatj\u00e1k majd az aut\u00f3sok, amelyek \u00f6tezer forintba ker\u00fclnek majd.<br \/>\n    Felh\u00edvj\u00e1k a figyelmet arra, hogy az \u00faj, \u00e9ves megyei matric\u00e1k haszn\u00e1lat\u00e1val a rendszeresen nagyobb t\u00e1vols\u00e1gra, t\u00f6bb megyehat\u00e1rt \u00e1tl\u00e9pve utaz\u00f3k is jelent\u0151sen cs\u00f6kkenthetik k\u00f6lts\u00e9geiket. Az \u00faj lehet\u0151s\u00e9ggel \u00e9lve p\u00e9ld\u00e1ul a Gy\u0151r-Budapest vagy a Budapest-D\u00e9l-Balaton viszonylaton gyakran aut\u00f3z\u00f3k a n\u00e9gy megyei jogosults\u00e1g megv\u00e1s\u00e1rl\u00e1s\u00e1val a 42 ezer forintos \u00e9ves matrica \u00e1r\u00e1nak kevesebb mint fel\u00e9\u00e9rt, 20 ezer forint\u00e9rt juthatnak el \u00fati c\u00e9ljukhoz, tetsz\u0151leges sz\u00e1m\u00fa alkalommal.<br \/>\n    A miniszt\u00e9rium hangs\u00falyozta: &#8222;A szem\u00e9lyg\u00e9pkocsik a kor\u00e1bbi jogosults\u00e1gi kateg\u00f3ri\u00e1k szerint is v\u00e1ltozatlan \u00e1ron vehetik ig\u00e9nybe a fizet\u0151s gyorsforgalmi szakaszokat. A fejleszt\u00e9si t\u00e1rca a vas\u00fati \u00e9s aut\u00f3buszos helyk\u00f6zi k\u00f6z\u00f6ss\u00e9gi k\u00f6zleked\u00e9s tarif\u00e1iban sem tervez emel\u00e9st.&#8221;<br \/>\n    Megjegyzik, hogy az \u00e1llami tulajdon\u00fa buszv\u00e1llalatok \u00e9s vas\u00fatt\u00e1rsas\u00e1gok alaptarif\u00e1i a 2010-es korm\u00e1nyv\u00e1lt\u00e1s \u00f3ta nem emelkedtek.<br \/>\n    V\u00e1ltoz\u00e1sk\u00e9nt eml\u00edtik, hogy a legfeljebb 3,5 tonna legnagyobb megengedett \u00f6sszt\u00f6meg\u0171 g\u00e9pj\u00e1rm\u0171vek D1 d\u00edjkateg\u00f3ri\u00e1j\u00e1t a j\u00f6v\u0151 \u00e9vt\u0151l m\u00e9ret szerint k\u00e9tfel\u00e9 osztj\u00e1k. A maximum 5+2 \u00fcl\u00e9ses szem\u00e9lyg\u00e9pkocsik v\u00e1ltozatlan \u00e1ron v\u00e1lthatnak e-matric\u00e1t. Az enn\u00e9l t\u00f6bb utas sz\u00e1ll\u00edt\u00e1s\u00e1ra is alkalmas kisbuszokat, lak\u00f3aut\u00f3kat \u00e9s a haszong\u00e9pj\u00e1rm\u0171veket a D2 d\u00edjkateg\u00f3ri\u00e1ba sorolj\u00e1k \u00e1t. Az ut\u00f3bbi k\u00f6rbe tartoz\u00f3 j\u00e1rm\u0171vek sz\u00e1m\u00e1ra a heti (10 napos) \u00e9s a havi e-matric\u00e1k \u00e1ra a k\u00e9tszeres\u00e9re n\u0151, de az \u00e9ves matric\u00e1k\u00e9 nem emelkedik. Ha nem szem\u00e9lyg\u00e9pkocsi ut\u00e1n k\u00f6tik, akkor a j\u00f6v\u0151ben az ut\u00e1nfut\u00f3k \u00fathaszn\u00e1lat\u00e1\u00e9rt is fizetni kell a d\u00edjk\u00f6teles szakaszokon. Az erre a c\u00e9lra kialak\u00edtott \u00faj U-kateg\u00f3ria d\u00edjt\u00e9telei megegyeznek majd a D1 kateg\u00f3ria d\u00edjaival.<br \/>\n     A teheraut\u00f3k sz\u00e1m\u00e1ra k\u00f6telez\u0151 e-\u00fatd\u00edj rendszerben 5 sz\u00e1zal\u00e9kkal magasabb d\u00edjakat kell fizetni 2015 janu\u00e1rj\u00e1t\u00f3l. Az M0 d\u00edjfizet\u00e9sbe bevont szakaszainak ingyeness\u00e9ge a kamionok sz\u00e1m\u00e1ra is megsz\u0171nik.(MTI)<\/p>\n","protected":false},"excerpt":{"rendered":"<p>Megsz\u0171nik janu\u00e1rt\u00f3l az M0-s \u00e1ltal\u00e1nos d\u00edjmentess\u00e9ge &#8211; er\u0151s\u00edtette meg szerd\u00e1n a Nemzeti Fejleszt\u00e9si Miniszt\u00e9rium (NFM) kommunik\u00e1ci\u00f3s f\u0151oszt\u00e1lya a nol.hu \u00e9rtes\u00fcl\u00e9s\u00e9t az MTI-nek. A t\u00e1rca tudatta: \u00fajfajta, megyei matric\u00e1kat vezetnek be, amelyek egy \u00e9vre \u00f6tezer forintba ker\u00fclnek majd.<\/p>\n","protected":false},"author":1,"featured_media":52487,"comment_status":"open","ping_status":"closed","sticky":false,"template":"","format":"standard","meta":[],"categories":[146,19],"tags":[],"_links":{"self":[{"href":"https:\/\/gazdasagportal.hu\/index.php\/wp-json\/wp\/v2\/posts\/52483"}],"collection":[{"href":"https:\/\/gazdasagportal.hu\/index.php\/wp-json\/wp\/v2\/posts"}],"about":[{"href":"https:\/\/gazdasagportal.hu\/index.php\/wp-json\/wp\/v2\/types\/post"}],"author":[{"embeddable":true,"href":"https:\/\/gazdasagportal.hu\/index.php\/wp-json\/wp\/v2\/users\/1"}],"replies":[{"embeddable":true,"href":"https:\/\/gazdasagportal.hu\/index.php\/wp-json\/wp\/v2\/comments?post=52483"}],"version-history":[{"count":1,"href":"https:\/\/gazdasagportal.hu\/index.php\/wp-json\/wp\/v2\/posts\/52483\/revisions"}],"predecessor-version":[{"id":52484,"href":"https:\/\/gazdasagportal.hu\/index.php\/wp-json\/wp\/v2\/posts\/52483\/revisions\/52484"}],"wp:featuredmedia":[{"embeddable":true,"href":"https:\/\/gazdasagportal.hu\/index.php\/wp-json\/wp\/v2\/media\/52487"}],"wp:attachment":[{"href":"https:\/\/gazdasagportal.hu\/index.php\/wp-json\/wp\/v2\/media?parent=52483"}],"wp:term":[{"taxonomy":"category","embeddable":true,"href":"https:\/\/gazdasagportal.hu\/index.php\/wp-json\/wp\/v2\/categories?post=52483"},{"taxonomy":"post_tag","embeddable":true,"href":"https:\/\/gazdasagportal.hu\/index.php\/wp-json\/wp\/v2\/tags?post=52483"}],"curies":[{"name":"wp","href":"https:\/\/api.w.org\/{rel}","templated":true}]}}