{"id":52468,"date":"2014-12-10T19:21:48","date_gmt":"2014-12-10T18:21:48","guid":{"rendered":"http:\/\/stockportal.hu\/?p=52468"},"modified":"2014-12-10T17:29:11","modified_gmt":"2014-12-10T16:29:11","slug":"bemutatta-a-francia-kormany-a-gazdasag-beinditasara-osszeallitott-reformcsomagjat","status":"publish","type":"post","link":"https:\/\/gazdasagportal.hu\/index.php\/bemutatta-a-francia-kormany-a-gazdasag-beinditasara-osszeallitott-reformcsomagjat\/","title":{"rendered":"Bemutatta a francia korm\u00e1ny a gazdas\u00e1g beind\u00edt\u00e1s\u00e1ra \u00f6ssze\u00e1ll\u00edtott reformcsomagj\u00e1t"},"content":{"rendered":"<p><strong>A francia korm\u00e1ny t\u00edz tagj\u00e1val \u00e9s Manuel Valls minisztereln\u00f6kkel k\u00f6z\u00f6sen mutatta be Emmanuel Macron gazdas\u00e1gi miniszter szerd\u00e1n a gazdas\u00e1g beind\u00edt\u00e1s\u00e1ra \u00f6ssze\u00e1ll\u00edtott reformprogramj\u00e1t, amelynek legvitatottabb pontjai a vas\u00e1rnapi nyitva tart\u00e1s kiterjeszt\u00e9se \u00e9s az eddig szigor\u00faan szab\u00e1lyozott foglalkoz\u00e1si \u00e1gak liberaliz\u00e1l\u00e1sa.<\/strong><!--more--><\/p>\n<div class=\"ads-in-post1\"><div id=\"gazdasagportal.hu_fullbanner_wideboard\"><\/div>\r\n<\/div>\n<p>&nbsp;<\/p>\n<blockquote><p><strong>&#8222;Ha a letargi\u00e1t v\u00e1lasztjuk, t\u00edz \u00e9v m\u00falva Franciaorsz\u00e1g ott fog tartani, ahol az Osztr\u00e1k-Magyar Monarchia sz\u00e1z \u00e9vvel ezel\u0151tt&#8221;<\/strong><\/p><\/blockquote>\n<p>&#8211; \u00edrta a Twitteren n\u00e9h\u00e1ny napja a javaslatr\u00f3l a gazdas\u00e1gi miniszter.<br \/>\nA korm\u00e1ny legfiatalabb, 36 \u00e9ves tagj\u00e1nak, a p\u00e9nz\u00fcgyi Mozartnak is bec\u00e9zett Macron t\u0171zkereszts\u00e9ge a korm\u00e1ny szoci\u00e1lliber\u00e1lis ir\u00e1nyv\u00e1lt\u00e1s\u00e1t meger\u0151s\u00edt\u0151 reformcsomag, amelyr\u0151l a korm\u00e1nyf\u0151 a sajt\u00f3t\u00e1j\u00e9koztat\u00f3n azt mondta: arra szolg\u00e1l, hogy konkr\u00e9tan \u00e9s gyorsan jav\u00edtson a franci\u00e1k \u00e9let\u00e9n. Az int\u00e9zked\u00e9scsomag egyik legf\u0151bb c\u00e9lja a munkahelyteremt\u00e9s az \u00e9vek \u00f3ta t\u00f6bb mint t\u00edz sz\u00e1zal\u00e9kos munkan\u00e9lk\u00fclis\u00e9ggel k\u00fczd\u0151 orsz\u00e1gban.<br \/>\nA beterjesztett int\u00e9zked\u00e9sek legvitatottabb pontja a vas\u00e1rnapi nyitva tart\u00e1s b\u0151v\u00edt\u00e9se.<\/p><div id=\"gazda-1197543430\" class=\"gazda-tartalomban gazda-entity-placement\"><script async src=\"https:\/\/pagead2.googlesyndication.com\/pagead\/js\/adsbygoogle.js\"><\/script>\r\n<ins class=\"adsbygoogle\"\r\n     style=\"display:block\"\r\n     data-ad-format=\"fluid\"\r\n     data-ad-layout-key=\"-6t+ed+2i-1n-4w\"\r\n     data-ad-client=\"ca-pub-1959107119989764\"\r\n     data-ad-slot=\"4008251320\"><\/ins>\r\n<script>\r\n     (adsbygoogle = window.adsbygoogle || []).push({});\r\n<\/script><\/div>\n<blockquote><p>\n<strong>&#8222;Nem arr\u00f3l van sz\u00f3, hogy \u00e1ltal\u00e1noss\u00e1 tessz\u00fck a vas\u00e1rnapi munkav\u00e9gz\u00e9st. A vas\u00e1rnapi pihen\u0151nap marad a szab\u00e1ly, ez l\u00e9nyeges a t\u00e1rsadalmi \u00e9s csal\u00e1di \u00e9let szempontj\u00e1b\u00f3l. De n\u00e9h\u00e1ny \u00f6vezetben a kiv\u00e9teles nyitva tart\u00e1st rugalmasabb\u00e1 tessz\u00fck. Cser\u00e9be megegyez\u00e9sen alapul\u00f3 ellenszolg\u00e1ltat\u00e1s j\u00e1r az \u00f6nk\u00e9ntesen dolgoz\u00f3knak&#8221; &#8211; hangs\u00falyozta a minisztereln\u00f6k.<\/strong><\/p><\/blockquote>\n<p>Jelenleg csak az \u00fagynevezett turisztikai \u00f6vezetekben enged\u00e9lyezik a boltoknak, hogy vas\u00e1rnap is nyitva tartsanak. A javaslat \u00e9rtelm\u00e9ben egyszer\u0171 korm\u00e1nyrendelettel b\u0151v\u00edteni lehetne az ilyen z\u00f3n\u00e1k sz\u00e1m\u00e1t, ahol a nyitva tart\u00e1snak nem lenn\u00e9nek korl\u00e1tai vas\u00e1rnap, h\u00e9tk\u00f6zben pedig \u00e9jf\u00e9lig lenne r\u00e1 lehet\u0151s\u00e9g. Mindenhol m\u00e1sutt pedig az eddigi \u00f6t helyett \u00e9vi 12 vas\u00e1rnapon tarthatn\u00e1nak nyitva az \u00fczletek.<br \/>\nA sz\u00f6veg az igazs\u00e1g\u00fcgyi szektorban szigor\u00faan szab\u00e1lyozott foglalkoz\u00e1si \u00e1gak (k\u00f6zjegyz\u0151k, \u00fcgyv\u00e9dek, v\u00e9grehajt\u00f3k) liberaliz\u00e1ci\u00f3j\u00e1t is kezdem\u00e9nyezi. A jogi szakemberek jelenleg csak m\u00e1r megl\u00e9v\u0151 irod\u00e1khoz csatlakozhatnak, vagy azokat vehetik \u00e1t. A tervezet ezt a megk\u00f6t\u00e9st feloldan\u00e1, \u00edgy ezen foglalkoz\u00e1sok ter\u00fcleti eloszt\u00e1s\u00e1t jav\u00edtan\u00e1, enged\u00e9lyezn\u00e9, hogy a k\u00fcl\u00f6nb\u00f6z\u0151 jogi munkak\u00f6rben dolgoz\u00f3k k\u00f6z\u00f6s c\u00e9geket hozzanak l\u00e9tre, p\u00e9ld\u00e1ul az interneten, valamint a k\u00f6zjegyz\u0151k jelenleg nagyon magas tarif\u00e1it, amelyek els\u0151sorban az ingatlanszektorban nem \u00e1llnak ar\u00e1nyban a v\u00e9gzett munka k\u00f6lts\u00e9geivel, szigor\u00fabban szab\u00e1lyozn\u00e1.<br \/>\nA brit \u00e9s a n\u00e9met modellt k\u00f6vetve a korm\u00e1ny megnyitn\u00e1 a piac el\u0151tt a jelenleg szigor\u00faan szab\u00e1lyozott belf\u00f6ldi t\u00e1vols\u00e1gi buszk\u00f6zleked\u00e9st, amelynek j\u00e1ratain fele annyiba ker\u00fclhetne egy jegy, mint a vonatokon. A liberaliz\u00e1l\u00e1ssal a piacra bel\u00e9p\u0151 mag\u00e1nc\u00e9gek \u00faj j\u00e1ratokat ind\u00edthatn\u00e1nak, els\u0151sorban azokon a vonalakon, ahol jelenleg csak vas\u00fati k\u00f6zleked\u00e9s m\u0171k\u00f6dik, ezzel a t\u00f6rv\u00e9nytervezet szerint legal\u00e1bb 10 ezer munkahely is l\u00e9trej\u00f6nne, s egy \u00e9v alatt 5 milli\u00f3val n\u0151ne a busszal k\u00f6zleked\u0151k sz\u00e1ma.<br \/>\nA gazdas\u00e1gi miniszter szerint a t\u00f6rv\u00e9nytervezet kulcsszava a pragmatizmus, amelynek alapvet\u0151 c\u00e9lja a n\u00f6veked\u00e9s, a befektet\u00e9sek \u00e9s a munkahelyteremt\u00e9s \u00f6szt\u00f6nz\u00e9se, valamint az olyan m\u00e1ra igazolhatatlann\u00e1 v\u00e1lt akad\u00e1lyok megsz\u00fcntet\u00e9se, amelyek korl\u00e1tozz\u00e1k a gazdas\u00e1g beindul\u00e1s\u00e1t.<br \/>\nA n\u00f6veked\u00e9s \u00e9s a produktivit\u00e1s \u00e9rdek\u00e9ben beterjesztett t\u00f6rv\u00e9ny a minisztereln\u00f6k szerint &#8222;a halad\u00e1s \u00e9s a szabads\u00e1g t\u00f6rv\u00e9nye&#8221;. A korm\u00e1ny a csomaggal k\u00edv\u00e1nja Br\u00fcsszel \u00e9s Berlin fel\u00e9 is bizony\u00edtani, hogy elk\u00f6telezett a gazdas\u00e1gi reformok ir\u00e1ny\u00e1ban.<br \/>\nA tervezet vit\u00e1j\u00e1t janu\u00e1r 22-\u00e9n kezdi meg a nemzetgy\u0171l\u00e9s, de m\u00e1r most is sz\u00e1mos b\u00edr\u00e1lat \u00e9rte.<br \/>\nA jogi munkak\u00f6r\u00f6kben dolgoz\u00f3k azonnal utc\u00e1ra vonultak, orsz\u00e1gszerte 50 ezer t\u00fcntet\u0151re sz\u00e1m\u00edtanak a nap folyam\u00e1n.<br \/>\nA szakszervezetek december 16-ra hirdettek megmozdul\u00e1st a vas\u00e1rnapi nyitva tart\u00e1s b\u0151v\u00edt\u00e9se ellen.<br \/>\nA munk\u00e1ltat\u00f3i sz\u00f6vets\u00e9gek \u00e9s az ellenz\u00e9ki jobboldal &#8211; amely elvileg t\u00e1mogatja a vas\u00e1rnapi nyitva tart\u00e1s kiterjeszt\u00e9s\u00e9t &#8211; &#8222;t\u00fal kev\u00e9snek&#8221; tal\u00e1lja a reformcsomagot.<br \/>\nMacronnak azonban a korm\u00e1nyt\u00f6bbs\u00e9ggel lesz a legnehezebb dolga, amelynek egy r\u00e9sze a baloldali v\u00edvm\u00e1nyok megk\u00e9rd\u0151jelez\u00e9s\u00e9t l\u00e1tja a reformokban. A baloldali el\u00e9gedetlenked\u0151k parlamenti vez\u00e9re, Christian Paul k\u00f6z\u00f6lte, hogy a bejelentett form\u00e1ban nem fogj\u00e1k megszavazni a tervezetet, mert az a t\u00e1rsadalom &#8222;teljes ki\u00e1rus\u00edt\u00e1s\u00e1t&#8221; eredm\u00e9nyezi.(MTI)<\/p>\n","protected":false},"excerpt":{"rendered":"<p>A francia korm\u00e1ny t\u00edz tagj\u00e1val \u00e9s Manuel Valls minisztereln\u00f6kkel k\u00f6z\u00f6sen mutatta be Emmanuel Macron gazdas\u00e1gi miniszter szerd\u00e1n a gazdas\u00e1g beind\u00edt\u00e1s\u00e1ra \u00f6ssze\u00e1ll\u00edtott reformprogramj\u00e1t, amelynek legvitatottabb pontjai a vas\u00e1rnapi nyitva tart\u00e1s kiterjeszt\u00e9se \u00e9s az eddig szigor\u00faan szab\u00e1lyozott foglalkoz\u00e1si \u00e1gak liberaliz\u00e1l\u00e1sa.<\/p>\n","protected":false},"author":1,"featured_media":0,"comment_status":"open","ping_status":"closed","sticky":false,"template":"","format":"standard","meta":[],"categories":[246],"tags":[],"_links":{"self":[{"href":"https:\/\/gazdasagportal.hu\/index.php\/wp-json\/wp\/v2\/posts\/52468"}],"collection":[{"href":"https:\/\/gazdasagportal.hu\/index.php\/wp-json\/wp\/v2\/posts"}],"about":[{"href":"https:\/\/gazdasagportal.hu\/index.php\/wp-json\/wp\/v2\/types\/post"}],"author":[{"embeddable":true,"href":"https:\/\/gazdasagportal.hu\/index.php\/wp-json\/wp\/v2\/users\/1"}],"replies":[{"embeddable":true,"href":"https:\/\/gazdasagportal.hu\/index.php\/wp-json\/wp\/v2\/comments?post=52468"}],"version-history":[{"count":1,"href":"https:\/\/gazdasagportal.hu\/index.php\/wp-json\/wp\/v2\/posts\/52468\/revisions"}],"predecessor-version":[{"id":52469,"href":"https:\/\/gazdasagportal.hu\/index.php\/wp-json\/wp\/v2\/posts\/52468\/revisions\/52469"}],"wp:attachment":[{"href":"https:\/\/gazdasagportal.hu\/index.php\/wp-json\/wp\/v2\/media?parent=52468"}],"wp:term":[{"taxonomy":"category","embeddable":true,"href":"https:\/\/gazdasagportal.hu\/index.php\/wp-json\/wp\/v2\/categories?post=52468"},{"taxonomy":"post_tag","embeddable":true,"href":"https:\/\/gazdasagportal.hu\/index.php\/wp-json\/wp\/v2\/tags?post=52468"}],"curies":[{"name":"wp","href":"https:\/\/api.w.org\/{rel}","templated":true}]}}