{"id":52466,"date":"2014-12-10T18:36:02","date_gmt":"2014-12-10T17:36:02","guid":{"rendered":"http:\/\/stockportal.hu\/?p=52466"},"modified":"2014-12-10T17:27:28","modified_gmt":"2014-12-10T16:27:28","slug":"magyarorszagnak-junius-vegeig-kell-befizetnie-hozzajarulasat-az-nemzetkozi-beruhazasi-bank-alaptokejehez","status":"publish","type":"post","link":"https:\/\/gazdasagportal.hu\/index.php\/magyarorszagnak-junius-vegeig-kell-befizetnie-hozzajarulasat-az-nemzetkozi-beruhazasi-bank-alaptokejehez\/","title":{"rendered":"Magyarorsz\u00e1gnak j\u00fanius v\u00e9g\u00e9ig kell befizetnie hozz\u00e1j\u00e1rul\u00e1s\u00e1t az Nemzetk\u00f6zi Beruh\u00e1z\u00e1si Bank alapt\u0151k\u00e9j\u00e9hez"},"content":{"rendered":"<p>Magyarorsz\u00e1gnak 2015 j\u00fanius v\u00e9g\u00e9ig kell befizetnie a 20 milli\u00f3 eur\u00f3 hozz\u00e1j\u00e1rul\u00e1s\u00e1t a Nemzetk\u00f6zi Beruh\u00e1z\u00e1si Bank (NBB) alapt\u0151k\u00e9hez &#8211; nyilatkozta  egyebek k\u00f6z\u00f6tt Nyikolaj Koszov, a bank eln\u00f6ke, akit a RosInvest.com orosz internetes h\u00edrport\u00e1l id\u00e9zett szerd\u00e1n.<\/p>\n<p>    A magyar befizet\u00e9s ut\u00e1n az orosz r\u00e9szesed\u00e9s ar\u00e1nya az alapt\u0151k\u00e9ben 48-49 sz\u00e1zal\u00e9kra cs\u00f6kken a jelenlegi 55 sz\u00e1zal\u00e9kr\u00f3l &#8211; mondta el a bankeln\u00f6ke. A moszkvai sz\u00e9khely\u0171 bank alapt\u0151k\u00e9j\u00e9ben Bulg\u00e1ria r\u00e9szesed\u00e9se 15,5 sz\u00e1zal\u00e9k, Csehorsz\u00e1g\u00e9 11,1 sz\u00e1zal\u00e9k, Szlov\u00e1ki\u00e1\u00e9 7,9 sz\u00e1zal\u00e9k, Rom\u00e1ni\u00e1\u00e9 6,8 sz\u00e1zal\u00e9k, Kub\u00e1\u00e9 2 sz\u00e1zal\u00e9k, Vietnam\u00e9 1,3 sz\u00e1zal\u00e9k, Mong\u00f3li\u00e1\u00e9 pedig 0,4 sz\u00e1zal\u00e9k.<br \/>\n    Nyikolaj Koszov azt mondta, hogy tov\u00e1bbi k\u00e9t orsz\u00e1g csatlakoz\u00e1s\u00e1r\u00f3l folynak az egyeztet\u00e9sek, de tov\u00e1bbi r\u00e9szletet nem \u00e1rult el.<br \/>\n    Varga Mih\u00e1ly nemzetgazdas\u00e1gi miniszter \u00e9s Nyikolaj Koszov, az NBB eln\u00f6ke 2014. okt\u00f3ber 15-\u00e9n Budapesten \u00edrt al\u00e1 egyet\u00e9rt\u00e9si nyilatkozatot a Magyarorsz\u00e1g NBB tags\u00e1g\u00e1nak meg\u00faj\u00edt\u00e1s\u00e1r\u00f3l sz\u00f3l\u00f3 jogi \u00e9s p\u00e9nz\u00fcgyi felt\u00e9telekr\u0151l, a hivatalos magyar k\u00e9relmet ennek figyelembev\u00e9tel\u00e9vel, korm\u00e1nyzati felhatalmaz\u00e1s alapj\u00e1n ny\u00fajtott\u00e1k be. Ezut\u00e1n az NBB Tan\u00e1cs\u00e1nak okt\u00f3ber 21-\u00e9n Sz\u00f3fi\u00e1ban befejez\u0151d\u00f6tt k\u00e9tnapos \u00fcl\u00e9s\u00e9n a tagorsz\u00e1gok k\u00e9pvisel\u0151i egyhang\u00falag t\u00e1mogatt\u00e1k Magyarorsz\u00e1g tags\u00e1g\u00e1nak meg\u00faj\u00edt\u00e1s\u00e1t.<br \/>\n    Magyarorsz\u00e1g 2000-ben l\u00e9pett ki az NBB-b\u0151l annak akkori nem kell\u0151en hat\u00e9kony, \u00e9s nem kell\u0151en \u00e1tl\u00e1that\u00f3 tev\u00e9kenys\u00e9ge miatt.<br \/>\n    A Nemzetgazdas\u00e1gi Miniszt\u00e9rium (NGM) november 21.-i k\u00f6zlem\u00e9nye hangs\u00falyozta: az elm\u00falt k\u00e9t \u00e9vben kidolgozott, gy\u00f6keresen \u00faj korm\u00e1nyk\u00f6zi meg\u00e1llapod\u00e1s \u00e9s az alapokm\u00e1ny az NBB ir\u00e1ny\u00edt\u00e1si rendszer\u00e9t, d\u00f6nt\u00e9si mechanizmus\u00e1t teljes eg\u00e9sz\u00e9ben a nemzetk\u00f6zi p\u00e9nz\u00fcgyi int\u00e9zm\u00e9nyek legjobb gyakorlat\u00e1hoz igaz\u00edtotta, \u00edgy Magyarorsz\u00e1g felv\u00e9teli k\u00e9relm\u00e9t m\u00e1r egy \u00faj, modern alapokon m\u0171k\u00f6d\u0151 bankhoz ny\u00fajthatta be.<br \/>\n    Az NBB a jelent\u0151sebb nemzetk\u00f6zi p\u00e9nz\u00fcgyi int\u00e9zm\u00e9nyekkel &#8211; p\u00e9ld\u00e1ul az EBRD, EIB, Vil\u00e1gbank &#8211; szoros egy\u00fcttm\u0171k\u00f6d\u00e9sben alak\u00edtja ki tev\u00e9kenys\u00e9g\u00e9t, hitelez\u00e9si strat\u00e9gi\u00e1j\u00e1t, k\u00e9pvisel\u0151ik megjelennek a bank tan\u00e1cs\u00fcl\u00e9sein is &#8211; emelte ki az NGM.<br \/>\n    A novemberi k\u00f6zlem\u00e9ny szerint Magyarorsz\u00e1g Nemzetk\u00f6zi Beruh\u00e1z\u00e1si Banki tags\u00e1g\u00e1nak meg\u00faj\u00edt\u00e1sa j\u00f3l illeszkedik a magyar gazdas\u00e1gpolitika c\u00e9ljaihoz, a &#8222;keleti nyit\u00e1s&#8221; politik\u00e1j\u00e1hoz.<\/p>\n","protected":false},"excerpt":{"rendered":"<p>Magyarorsz\u00e1gnak 2015 j\u00fanius v\u00e9g\u00e9ig kell befizetnie a 20 milli\u00f3 eur\u00f3 hozz\u00e1j\u00e1rul\u00e1s\u00e1t a Nemzetk\u00f6zi Beruh\u00e1z\u00e1si Bank (NBB) alapt\u0151k\u00e9hez &#8211; nyilatkozta egyebek k\u00f6z\u00f6tt Nyikolaj Koszov, a bank eln\u00f6ke, akit a RosInvest.com orosz internetes h\u00edrport\u00e1l id\u00e9zett szerd\u00e1n. A magyar befizet\u00e9s ut\u00e1n az orosz r\u00e9szesed\u00e9s ar\u00e1nya az alapt\u0151k\u00e9ben 48-49 sz\u00e1zal\u00e9kra cs\u00f6kken a jelenlegi 55 sz\u00e1zal\u00e9kr\u00f3l &#8211; mondta el a &#8230;<\/p>\n","protected":false},"author":1,"featured_media":0,"comment_status":"open","ping_status":"closed","sticky":false,"template":"","format":"standard","meta":[],"categories":[19],"tags":[],"_links":{"self":[{"href":"https:\/\/gazdasagportal.hu\/index.php\/wp-json\/wp\/v2\/posts\/52466"}],"collection":[{"href":"https:\/\/gazdasagportal.hu\/index.php\/wp-json\/wp\/v2\/posts"}],"about":[{"href":"https:\/\/gazdasagportal.hu\/index.php\/wp-json\/wp\/v2\/types\/post"}],"author":[{"embeddable":true,"href":"https:\/\/gazdasagportal.hu\/index.php\/wp-json\/wp\/v2\/users\/1"}],"replies":[{"embeddable":true,"href":"https:\/\/gazdasagportal.hu\/index.php\/wp-json\/wp\/v2\/comments?post=52466"}],"version-history":[{"count":1,"href":"https:\/\/gazdasagportal.hu\/index.php\/wp-json\/wp\/v2\/posts\/52466\/revisions"}],"predecessor-version":[{"id":52467,"href":"https:\/\/gazdasagportal.hu\/index.php\/wp-json\/wp\/v2\/posts\/52466\/revisions\/52467"}],"wp:attachment":[{"href":"https:\/\/gazdasagportal.hu\/index.php\/wp-json\/wp\/v2\/media?parent=52466"}],"wp:term":[{"taxonomy":"category","embeddable":true,"href":"https:\/\/gazdasagportal.hu\/index.php\/wp-json\/wp\/v2\/categories?post=52466"},{"taxonomy":"post_tag","embeddable":true,"href":"https:\/\/gazdasagportal.hu\/index.php\/wp-json\/wp\/v2\/tags?post=52466"}],"curies":[{"name":"wp","href":"https:\/\/api.w.org\/{rel}","templated":true}]}}