{"id":52442,"date":"2014-12-10T13:35:09","date_gmt":"2014-12-10T12:35:09","guid":{"rendered":"http:\/\/stockportal.hu\/?p=52442"},"modified":"2014-12-10T13:35:09","modified_gmt":"2014-12-10T12:35:09","slug":"pszichologusbol-lett-uzletasszony-az-ev-embere-szabolcsban","status":"publish","type":"post","link":"https:\/\/gazdasagportal.hu\/index.php\/pszichologusbol-lett-uzletasszony-az-ev-embere-szabolcsban\/","title":{"rendered":"Pszichol\u00f3gusb\u00f3l lett \u00fczletasszony az \u00c9v embere Szabolcsban"},"content":{"rendered":"<p><strong>Pszichol\u00f3gusb\u00f3l lett \u00fczletasszonyt, Szab\u00f3 Gabriell\u00e1t, a ny\u00edregyh\u00e1zi McDonald&#8217;s \u00fcgyvezet\u0151 igazgat\u00f3j\u00e1t v\u00e1lasztott\u00e1k az \u00c9v ember\u00e9nek Szabolcs-Szatm\u00e1r-Bereg megy\u00e9ben.<\/strong><!--more--><\/p>\n<div class=\"ads-in-post1\"><div id=\"gazdasagportal.hu_fullbanner_wideboard\"><\/div>\r\n<\/div>\n<p>    M\u00e1th\u00e9 Csaba, a d\u00edjkiad\u00e1s f\u0151szervez\u0151je szerd\u00e1n az MTI-nek elmondta: a d\u00edjazott 19 \u00e9ve vezeti ny\u00edregyh\u00e1zi gyors\u00e9ttermet, 1996 \u00f3ta saj\u00e1t v\u00e1llalkoz\u00e1s\u00e1ban \u00fczemelteti. K\u00f6zben 2001-ben egy m\u00e1sodik \u00e9tterem is ny\u00edlt a 120 ezres nagyv\u00e1rosban, majd 2006-ban McCaf\u00e9val b\u0151v\u00fclt a kereskedelmi \u00fczletl\u00e1nc. A k\u00e9t \u00e9tteremben csaknem sz\u00e1z embert foglalkoztatnak, jelent\u0151s r\u00e9sz\u00fck di\u00e1kmunk\u00e1s.<br \/>\n    M\u00e1th\u00e9 Csaba hozz\u00e1f\u0171zte, hogy Szab\u00f3 Gabriella az id\u00e9n elnyerte az amerikai c\u00e9g legrangosabb szakmai d\u00edj\u00e1t is, a nemzetk\u00f6zi Golden Arch Awardot. Az \u00e9ttereml\u00e1nc ezzel a kit\u00fcntet\u00e9ssel ismeri el a vil\u00e1g legjobb franchise \u00e1tvev\u0151it. A ny\u00edregyh\u00e1zi c\u00e9gvezet\u0151 a d\u00edjat az Orland\u00f3ban rendezett nemzetk\u00f6zi kongresszus el\u0151tti g\u00e1la\u00fcnneps\u00e9gen vette \u00e1t Don Thompsont\u00f3l, a McDonald&#8217;s eln\u00f6k-vez\u00e9rigazgat\u00f3j\u00e1t\u00f3l.<br \/>\n    Az \u00c9v embere d\u00edjkioszt\u00f3 \u00fcnneps\u00e9get a 9. Ny\u00edregyh\u00e1zi Borb\u00e1l keret\u00e9ben, 2015. febru\u00e1r 28-\u00e1n rendezik meg a szabolcs-szatm\u00e1r-beregi megyesz\u00e9khelyen, Szab\u00f3 Gabriella ott veszi \u00e1t az elismer\u00e9st.<br \/>\n    A d\u00edjat eddig tizen\u00f6ten \u00e9rdemelt\u00e9k ki Szabolcsban: Gajdos L\u00e1szl\u00f3, a Ny\u00edregyh\u00e1zi \u00c1llatpark \u00fcgyvezet\u0151 igazgat\u00f3ja, Tasn\u00e1di Csaba, a M\u00f3ricz Zsigmond Sz\u00ednh\u00e1z igazgat\u00f3ja, Szab\u00f3 D\u00e9nes, a Cantemus K\u00f3rus vezet\u0151je, Cserveny\u00e1k L\u00e1szl\u00f3, a m\u00e1t\u00e9szalkai Szatm\u00e1r M\u00fazeum igazgat\u00f3ja, Bencze Antal, a KE-V\u00cdZ 21 Zrt. vez\u00e9rigazgat\u00f3ja, Balogh Istv\u00e1n, a tuzs\u00e9ri Carbon Black Kft. \u00fcgyvezet\u0151 igazgat\u00f3ja, Bal\u00e1zs Attila, az MTVA fot\u00f3riportere, Bige L\u00e1szl\u00f3, a Bige Holding C\u00e9gcsoport tulajdonosa, valamint a Mars\u00f3 Kft. tulajdonosai, Berecz P\u00e9ter, M\u00e1rkus J\u00f3zsef, Poroszka Ott\u00f3, Somlai S\u00e1ndor, illetve a kisv\u00e1rdai Master Good C\u00e9gcsoport tulajdonosai, B\u00e1r\u00e1ny L\u00e1szl\u00f3, ifj\u00fa B\u00e1r\u00e1ny L\u00e1szl\u00f3 \u00e9s B\u00e1r\u00e1ny P\u00e9ter.(MTI)<\/p>\n","protected":false},"excerpt":{"rendered":"<p>Pszichol\u00f3gusb\u00f3l lett \u00fczletasszonyt, Szab\u00f3 Gabriell\u00e1t, a ny\u00edregyh\u00e1zi McDonald&#8217;s \u00fcgyvezet\u0151 igazgat\u00f3j\u00e1t v\u00e1lasztott\u00e1k az \u00c9v ember\u00e9nek Szabolcs-Szatm\u00e1r-Bereg megy\u00e9ben.<\/p>\n","protected":false},"author":1,"featured_media":0,"comment_status":"open","ping_status":"closed","sticky":false,"template":"","format":"standard","meta":[],"categories":[19],"tags":[],"_links":{"self":[{"href":"https:\/\/gazdasagportal.hu\/index.php\/wp-json\/wp\/v2\/posts\/52442"}],"collection":[{"href":"https:\/\/gazdasagportal.hu\/index.php\/wp-json\/wp\/v2\/posts"}],"about":[{"href":"https:\/\/gazdasagportal.hu\/index.php\/wp-json\/wp\/v2\/types\/post"}],"author":[{"embeddable":true,"href":"https:\/\/gazdasagportal.hu\/index.php\/wp-json\/wp\/v2\/users\/1"}],"replies":[{"embeddable":true,"href":"https:\/\/gazdasagportal.hu\/index.php\/wp-json\/wp\/v2\/comments?post=52442"}],"version-history":[{"count":1,"href":"https:\/\/gazdasagportal.hu\/index.php\/wp-json\/wp\/v2\/posts\/52442\/revisions"}],"predecessor-version":[{"id":52443,"href":"https:\/\/gazdasagportal.hu\/index.php\/wp-json\/wp\/v2\/posts\/52442\/revisions\/52443"}],"wp:attachment":[{"href":"https:\/\/gazdasagportal.hu\/index.php\/wp-json\/wp\/v2\/media?parent=52442"}],"wp:term":[{"taxonomy":"category","embeddable":true,"href":"https:\/\/gazdasagportal.hu\/index.php\/wp-json\/wp\/v2\/categories?post=52442"},{"taxonomy":"post_tag","embeddable":true,"href":"https:\/\/gazdasagportal.hu\/index.php\/wp-json\/wp\/v2\/tags?post=52442"}],"curies":[{"name":"wp","href":"https:\/\/api.w.org\/{rel}","templated":true}]}}