{"id":52359,"date":"2014-12-09T16:02:21","date_gmt":"2014-12-09T15:02:21","guid":{"rendered":"http:\/\/stockportal.hu\/?p=52359"},"modified":"2014-12-09T16:02:21","modified_gmt":"2014-12-09T15:02:21","slug":"ukran-valsag-rezsiemelest-jelentett-be-az-ukran-miniszterelnok","status":"publish","type":"post","link":"https:\/\/gazdasagportal.hu\/index.php\/ukran-valsag-rezsiemelest-jelentett-be-az-ukran-miniszterelnok\/","title":{"rendered":"Ukr\u00e1n v\u00e1ls\u00e1g &#8211; Rezsiemel\u00e9st jelentett be az ukr\u00e1n minisztereln\u00f6k"},"content":{"rendered":"<p><strong>Az ukr\u00e1n korm\u00e1ny \u00fagy hat\u00e1rozott, hogy piaci szintre emeli a lakoss\u00e1gi energia \u00e1r\u00e1t &#8211; jelentette be Arszenyij Jacenyuk minisztereln\u00f6k Kijevben, a korm\u00e1ny keddi \u00fcl\u00e9s\u00e9n.<\/strong><br \/>\n<!--more--><br \/>\n<div class=\"ads-in-post1\"><div id=\"gazdasagportal.hu_fullbanner_wideboard\"><\/div>\r\n<\/div>\n<p>Az elh\u00faz\u00f3d\u00f3, \u00e1prilis \u00f3ta tart\u00f3 kelet-ukrajnai fegyveres konfliktus miatt kialakult s\u00falyos gazdas\u00e1gi helyzetben l\u00e9v\u0151 \u00e9s energiahi\u00e1nnyal k\u00fczd\u0151 Ukrajn\u00e1ban a Naftohaz ukr\u00e1n \u00e1llami g\u00e1zv\u00e1llalat az \u00e1llam k\u00f6lts\u00e9gvet\u00e9s\u00e9t is meghalad\u00f3 deficitet halmozott fel id\u00e9n. A Naftohaz hi\u00e1nya mintegy 110 milli\u00e1rd hrivny\u00e1t (egy hrivnya k\u00f6r\u00fclbel\u00fcl 16 forint), m\u00edg az \u00e1llami k\u00f6lts\u00e9gvet\u00e9s\u00e9 68 milli\u00e1rd hrivny\u00e1t tesz ki.<br \/>\n&#8222;Re\u00e1lis piaci \u00e1rat kell fizetn\u00fcnk az energiahordoz\u00f3k\u00e9rt, k\u00fcl\u00f6nben a Naftohaz k\u00f6lts\u00e9gvet\u00e9se \u00f6r\u00f6kre deficites marad&#8221; &#8211; indokolta a d\u00f6nt\u00e9st Jacenyuk.<br \/>\nA korm\u00e1nyf\u0151 ugyanakkor biztos\u00edtott afel\u0151l, hogy a lakoss\u00e1g szeg\u00e9nyebb r\u00e9tegei sz\u00e1m\u00e1ra \u00e1llam tov\u00e1bbra is biztos\u00edt kedvezm\u00e9nyt az energia \u00e1r\u00e1b\u00f3l.<br \/>\nA minisztereln\u00f6k r\u00e9szletekbe azonban nem bocs\u00e1tkozott. Nem besz\u00e9lt arr\u00f3l, hogy mikor tervezi a korm\u00e1ny \u00e9letbe l\u00e9ptetni a jelenleg \u00e1llamilag dot\u00e1lt rezsi jelent\u0151s m\u00e9rt\u00e9k\u0171 emel\u00e9s\u00e9t, az \u00e1llami t\u00e1mogat\u00e1s rendszer\u00e9r\u0151l \u00e9s m\u00e9rt\u00e9k\u00e9r\u0151l sem ejtett sz\u00f3t.<br \/>\nA lakoss\u00e1gi energiafogyaszt\u00e1s k\u00f6lts\u00e9g\u00e9nek piaci szintre emel\u00e9se a Nemzetk\u00f6zi Valutalap (IMF) f\u0151 k\u00f6vetel\u00e9se ahhoz, hogy \u00fajabb hitelt ny\u00fajtson Ukrajn\u00e1nak. Az IMF k\u00fcld\u00f6tts\u00e9ge kedden \u00e9rkezett Kijevbe, hogy t\u00e1rgyaljon a m\u00falt h\u00e9ten hivatalba l\u00e9pett \u00faj ukr\u00e1n korm\u00e1nnyal. A t\u00e1rgyal\u00e1sokat december 18-\u00e1n fejezik be a tervek szerint.<br \/>\nA Nemzetk\u00f6zi Valutaalap 2011 m\u00e1rcius\u00e1ban \u00e1ll\u00edtotta le a 2010 j\u00falius\u00e1ban ind\u00edtott, 15,5 milli\u00e1rd doll\u00e1ros hitelprogramot, mert az akkori ukr\u00e1n korm\u00e1ny elutas\u00edtotta t\u00f6bb n\u00e9pszer\u0171tlen megszor\u00edt\u00f3 int\u00e9zked\u00e9s bevezet\u00e9s\u00e9t, k\u00f6zt\u00fck a lakoss\u00e1gi g\u00e1z\u00e1r emel\u00e9s\u00e9t. \u00c1prilisban az IMF 17 milli\u00e1rd doll\u00e1ros hitelprogramot hagyott j\u00f3v\u00e1 Ukrajna sz\u00e1m\u00e1ra.<br \/>\nJacenyuk rendk\u00edv\u00fcl fontosnak nevezte az IMF-fel val\u00f3 egy\u00fcttm\u0171k\u00f6d\u00e9st, ugyanakkor r\u00e1mutatott arra, hogy a valutaalap hitele nem elegend\u0151 az orsz\u00e1g p\u00e9nz\u00fcgyi, gazdas\u00e1gi stabilit\u00e1s\u00e1nak megteremt\u00e9s\u00e9re, Kijev nemzetk\u00f6zi donorkonferenci\u00e1t szeretne \u00f6sszeh\u00edvni tov\u00e1bbi p\u00e9nz\u00fcgyi t\u00e1mogat\u00e1sok kieszk\u00f6zl\u00e9se \u00e9rdek\u00e9ben.<br \/>\nA minisztereln\u00f6k a korm\u00e1ny\u00fcl\u00e9sen bejelentette, hogy ny\u00edlt p\u00e1ly\u00e1zatot \u00edrnak ki eur\u00f3pai uni\u00f3s \u00e9s amerikai befektet\u0151knek az ukr\u00e1n g\u00e1zsz\u00e1ll\u00edt\u00f3 rendszer \u00e9s a g\u00e1zt\u00e1roz\u00f3k korszer\u0171s\u00edt\u00e9s\u00e9ben val\u00f3 r\u00e9szv\u00e9telre. Jacenyuk szavai szerint a g\u00e1zvezet\u00e9keket \u00e9s a t\u00e1roz\u00f3kat \u00fczemeltet\u0151 v\u00e1llalatoknak tov\u00e1bbra is az ukr\u00e1n \u00e1llam marad a t\u00f6bbs\u00e9gi tulajdonosa, a r\u00e9szv\u00e9nyek legfeljebb 49 sz\u00e1zal\u00e9k\u00e1t szerezhetik meg k\u00fclf\u00f6ldi befektet\u0151k.<br \/>\nJacenyuk k\u00f6z\u00f6lte tov\u00e1bb\u00e1, hogy a korm\u00e1ny \u00faj gazdas\u00e1gpolitik\u00e1ja keret\u00e9ben 1200 \u00e1llami v\u00e1llalat privatiz\u00e1ci\u00f3j\u00e1nak enged\u00e9lyez\u00e9s\u00e9re tesz javaslatot a parlamentnek. A minisztereln\u00f6k szavai szerint jelenleg Ukrajn\u00e1ban a privatiz\u00e1ci\u00f3s tilt\u00f3list\u00e1n mintegy 1500 \u00e1llami v\u00e1llalat szerepel. Hangs\u00falyozta, hogy ezek az \u00e1llami c\u00e9gek &#8222;politikai kl\u00e1nok fosztogat\u00e1s\u00e1nak vannak kit\u00e9ve&#8221;, ez\u00e9rt tartja sz\u00fcks\u00e9gesnek jelent\u0151s r\u00e9sz\u00fck mag\u00e1nos\u00edt\u00e1s\u00e1t.(MTI)<\/p>\n<p>&nbsp;<\/p>\n","protected":false},"excerpt":{"rendered":"<p>Az ukr\u00e1n korm\u00e1ny \u00fagy hat\u00e1rozott, hogy piaci szintre emeli a lakoss\u00e1gi energia \u00e1r\u00e1t &#8211; jelentette be Arszenyij Jacenyuk minisztereln\u00f6k Kijevben, a korm\u00e1ny keddi \u00fcl\u00e9s\u00e9n.<\/p>\n","protected":false},"author":1,"featured_media":0,"comment_status":"open","ping_status":"closed","sticky":false,"template":"","format":"standard","meta":[],"categories":[139],"tags":[413],"_links":{"self":[{"href":"https:\/\/gazdasagportal.hu\/index.php\/wp-json\/wp\/v2\/posts\/52359"}],"collection":[{"href":"https:\/\/gazdasagportal.hu\/index.php\/wp-json\/wp\/v2\/posts"}],"about":[{"href":"https:\/\/gazdasagportal.hu\/index.php\/wp-json\/wp\/v2\/types\/post"}],"author":[{"embeddable":true,"href":"https:\/\/gazdasagportal.hu\/index.php\/wp-json\/wp\/v2\/users\/1"}],"replies":[{"embeddable":true,"href":"https:\/\/gazdasagportal.hu\/index.php\/wp-json\/wp\/v2\/comments?post=52359"}],"version-history":[{"count":1,"href":"https:\/\/gazdasagportal.hu\/index.php\/wp-json\/wp\/v2\/posts\/52359\/revisions"}],"predecessor-version":[{"id":52360,"href":"https:\/\/gazdasagportal.hu\/index.php\/wp-json\/wp\/v2\/posts\/52359\/revisions\/52360"}],"wp:attachment":[{"href":"https:\/\/gazdasagportal.hu\/index.php\/wp-json\/wp\/v2\/media?parent=52359"}],"wp:term":[{"taxonomy":"category","embeddable":true,"href":"https:\/\/gazdasagportal.hu\/index.php\/wp-json\/wp\/v2\/categories?post=52359"},{"taxonomy":"post_tag","embeddable":true,"href":"https:\/\/gazdasagportal.hu\/index.php\/wp-json\/wp\/v2\/tags?post=52359"}],"curies":[{"name":"wp","href":"https:\/\/api.w.org\/{rel}","templated":true}]}}