{"id":52230,"date":"2014-12-08T15:02:03","date_gmt":"2014-12-08T14:02:03","guid":{"rendered":"http:\/\/stockportal.hu\/?p=52230"},"modified":"2014-12-08T15:02:03","modified_gmt":"2014-12-08T14:02:03","slug":"tizkilometeres-torlodas-az-m1-esen-komaromnal","status":"publish","type":"post","link":"https:\/\/gazdasagportal.hu\/index.php\/tizkilometeres-torlodas-az-m1-esen-komaromnal\/","title":{"rendered":"T\u00edzkilom\u00e9teres torl\u00f3d\u00e1s az M1-esen Kom\u00e1romn\u00e1l"},"content":{"rendered":"<p><strong>Az M1-es aut\u00f3p\u00e1lya kom\u00e1romi csom\u00f3pontj\u00e1n\u00e1l t\u00edz kilom\u00e9ter hossz\u00fa torl\u00f3d\u00e1s alakult ki, mert egy baleset miatt a forgalmat az 1-es \u00fatra terelik &#8211; t\u00e1j\u00e9koztatta a Magyar K\u00f6z\u00fat Nonprofit Zrt. h\u00e9tf\u0151n az MTI-vel.<\/strong><br \/>\n<div class=\"ads-in-post1\"><div id=\"gazdasagportal.hu_fullbanner_wideboard\"><\/div>\r\n<\/div>\n<p>    P\u00e9csi Norbert S\u00e1ndor elmondta, \u00e9rdemesebb m\u00e1r kor\u00e1bban Tat\u00e1n\u00e1l vagy Tatab\u00e1ny\u00e1n\u00e1l let\u00e9rni az 1-es f\u0151\u00fatra. Az aut\u00f3p\u00e1ly\u00e1ra Nagyszentj\u00e1nosn\u00e1l lehet visszat\u00e9rni.<br \/>\n    A megyei katasztr\u00f3fav\u00e9delem t\u00e1j\u00e9koztat\u00e1sa szerint az aut\u00f3p\u00e1lya Budapest fel\u00e9 vezet\u0151 oldal\u00e1n a reggeli \u00f3r\u00e1kban a b\u00e1bolnai csom\u00f3pontn\u00e1l egy tart\u00e1lykocsi szem\u00e9lyaut\u00f3val \u00fctk\u00f6z\u00f6tt, majd \u00e1tszak\u00edtotta a szalagkorl\u00e1tot \u00e9s a Gy\u0151r fel\u00e9 vezet\u0151 oldalon is \u00f6ssze\u00fctk\u00f6z\u00f6tt egy kamionnal.<br \/>\n    A tart\u00e1lykocsi \u00fczemanyag adal\u00e9kot sz\u00e1ll\u00edtott, ezt a helysz\u00ednen \u00e1tfejtik. A kamion \u00e9lelmiszerb\u0151l \u00e1ll\u00f3 rakom\u00e1nya az \u00fattestre sz\u00f3r\u00f3dott, a balesetben szem\u00e9lyi s\u00e9r\u00fcl\u00e9s nem t\u00f6rt\u00e9nt. A m\u0171szaki ment\u00e9s idej\u00e9re mindk\u00e9t oldalon lez\u00e1rt\u00e1k az aut\u00f3p\u00e1lya \u00e9rintett szakasz\u00e1t.(MTI)<\/p>\n","protected":false},"excerpt":{"rendered":"<p>Az M1-es aut\u00f3p\u00e1lya kom\u00e1romi csom\u00f3pontj\u00e1n\u00e1l t\u00edz kilom\u00e9ter hossz\u00fa torl\u00f3d\u00e1s alakult ki, mert egy baleset miatt a forgalmat az 1-es \u00fatra terelik &#8211; t\u00e1j\u00e9koztatta a Magyar K\u00f6z\u00fat Nonprofit Zrt. h\u00e9tf\u0151n az MTI-vel. P\u00e9csi Norbert S\u00e1ndor elmondta, \u00e9rdemesebb m\u00e1r kor\u00e1bban Tat\u00e1n\u00e1l vagy Tatab\u00e1ny\u00e1n\u00e1l let\u00e9rni az 1-es f\u0151\u00fatra. Az aut\u00f3p\u00e1ly\u00e1ra Nagyszentj\u00e1nosn\u00e1l lehet visszat\u00e9rni. A megyei katasztr\u00f3fav\u00e9delem t\u00e1j\u00e9koztat\u00e1sa szerint &#8230;<\/p>\n","protected":false},"author":1,"featured_media":0,"comment_status":"open","ping_status":"closed","sticky":false,"template":"","format":"standard","meta":[],"categories":[4,151],"tags":[],"_links":{"self":[{"href":"https:\/\/gazdasagportal.hu\/index.php\/wp-json\/wp\/v2\/posts\/52230"}],"collection":[{"href":"https:\/\/gazdasagportal.hu\/index.php\/wp-json\/wp\/v2\/posts"}],"about":[{"href":"https:\/\/gazdasagportal.hu\/index.php\/wp-json\/wp\/v2\/types\/post"}],"author":[{"embeddable":true,"href":"https:\/\/gazdasagportal.hu\/index.php\/wp-json\/wp\/v2\/users\/1"}],"replies":[{"embeddable":true,"href":"https:\/\/gazdasagportal.hu\/index.php\/wp-json\/wp\/v2\/comments?post=52230"}],"version-history":[{"count":1,"href":"https:\/\/gazdasagportal.hu\/index.php\/wp-json\/wp\/v2\/posts\/52230\/revisions"}],"predecessor-version":[{"id":52231,"href":"https:\/\/gazdasagportal.hu\/index.php\/wp-json\/wp\/v2\/posts\/52230\/revisions\/52231"}],"wp:attachment":[{"href":"https:\/\/gazdasagportal.hu\/index.php\/wp-json\/wp\/v2\/media?parent=52230"}],"wp:term":[{"taxonomy":"category","embeddable":true,"href":"https:\/\/gazdasagportal.hu\/index.php\/wp-json\/wp\/v2\/categories?post=52230"},{"taxonomy":"post_tag","embeddable":true,"href":"https:\/\/gazdasagportal.hu\/index.php\/wp-json\/wp\/v2\/tags?post=52230"}],"curies":[{"name":"wp","href":"https:\/\/api.w.org\/{rel}","templated":true}]}}