{"id":52228,"date":"2014-12-08T14:58:48","date_gmt":"2014-12-08T13:58:48","guid":{"rendered":"http:\/\/stockportal.hu\/?p=52228"},"modified":"2014-12-08T14:58:48","modified_gmt":"2014-12-08T13:58:48","slug":"magyarorszag-rendezi-az-itu-telecom-world-2015-konferenciat","status":"publish","type":"post","link":"https:\/\/gazdasagportal.hu\/index.php\/magyarorszag-rendezi-az-itu-telecom-world-2015-konferenciat\/","title":{"rendered":"Magyarorsz\u00e1g rendezi az ITU Telecom World 2015 konferenci\u00e1t"},"content":{"rendered":"<p><strong>Magyarorsz\u00e1g nyerte el az ITU Telecom World 2015 konferencia rendez\u00e9s\u00e9nek jog\u00e1t &#8211; mondta Seszt\u00e1k Mikl\u00f3s nemzeti fejleszt\u00e9si miniszter az MTI-nek h\u00e9tf\u0151n a konferencia helysz\u00edn\u00e9r\u0151l telefonon.<\/strong><!--more--><\/p>\n<div class=\"ads-in-post1\"><div id=\"gazdasagportal.hu_fullbanner_wideboard\"><\/div>\r\n<\/div>\n<p>    &#8222;Magyarorsz\u00e1g sz\u00e1m\u00e1ra az\u00e9rt is k\u00fcl\u00f6n\u00f6sen \u00e9rt\u00e9kes a konferencia megrendez\u00e9s\u00e9nek lehet\u0151s\u00e9ge, mert rem\u00e9nyeim szerint a hazai infokommunik\u00e1ci\u00f3s v\u00e1llalkoz\u00e1soknak nemzetk\u00f6zi szak\u00e9rt\u0151i k\u00f6z\u00f6ns\u00e9g el\u0151tt is alkalmuk ny\u00edlik a bemutatkoz\u00e1sra, szakmai kapcsolatok kialak\u00edt\u00e1s\u00e1ra \u00e9s a tud\u00e1smegoszt\u00e1sra&#8221; &#8211; mondta a miniszter.<br \/>\n    &#8222;Budapest eur\u00f3pai helysz\u00ednk\u00e9nt k\u00fcl\u00f6n\u00f6sen vonz\u00f3, k\u00f6nnyen el\u00e9rhet\u0151 az eur\u00f3pai orsz\u00e1gok sz\u00e1m\u00e1ra&#8221; &#8211; mutatott r\u00e1 a miniszter, hozz\u00e1t\u00e9ve, hogy a magyar f\u0151v\u00e1ros az elm\u00falt \u00e9vekben igazi vil\u00e1gv\u00e1ross\u00e1 n\u0151tte ki mag\u00e1t, amely fejlett infrastrukt\u00far\u00e1val, vil\u00e1gsz\u00ednvonal\u00fa szolg\u00e1ltat\u00e1sokkal \u00e9s a h\u00edres magyar vend\u00e9gszeretettel v\u00e1rja a konferencia r\u00e9sztvev\u0151it.<br \/>\n    Kifejtette: a korm\u00e1ny a f\u0151v\u00e1rossal \u00e9s az IKT szektor szerepl\u0151ivel szoros egy\u00fcttm\u0171k\u00f6d\u00e9sben k\u00edv\u00e1n dolgozni a rendezv\u00e9ny sikere \u00e9rdek\u00e9ben. \u00dagy v\u00e9lte, a rendezv\u00e9ny \u00e9s kapcsol\u00f3d\u00f3 esem\u00e9nyei \u00fajfent megvil\u00e1g\u00edtj\u00e1k Magyarorsz\u00e1g \u00f6sszek\u00f6t\u0151 szerep\u00e9t a nyugati \u00e9s a keleti r\u00e9gi\u00f3k k\u00f6z\u00f6tt.<br \/>\n    \u00c1gazati szempontb\u00f3l is izgalmas a budapesti helysz\u00edn, a magyar szakemberek a t\u00e1vk\u00f6zl\u00e9s \u00e9s az informatika kezdetei \u00f3ta sz\u00e1mos nagyszer\u0171 tudom\u00e1nyos teljes\u00edtm\u00e9nnyel \u00e9s innov\u00e1ci\u00f3val j\u00e1rultak hozz\u00e1 az \u00e1gazat fejl\u0151d\u00e9s\u00e9hez. Az IKT szektornak azonban nem csup\u00e1n m\u00faltja, hanem biztat\u00f3 jelene \u00e9s m\u00e9g \u00edg\u00e9retesebb j\u00f6v\u0151je is van Magyarorsz\u00e1gon &#8211; mutatott r\u00e1.<br \/>\n    A nemzeti fejleszt\u00e9si miniszter kiemelte, hogy a korm\u00e1ny az IKT-ipar\u00e1gra a nemzetgazdas\u00e1g egyik kit\u00f6r\u00e9si pontjak\u00e9nt tekint. A nemr\u00e9giben elfogadott, a 2014-t\u0151l 2020-ig tart\u00f3 id\u0151szakra vonatkoz\u00f3 Nemzeti Infokommunik\u00e1ci\u00f3s Strat\u00e9gia \u00faj fejezetet nyithat a magyar t\u00e1vk\u00f6zl\u00e9sben \u00e9s informatik\u00e1ban, \u00e9s j\u00f3l illeszkedik az ITU Telecom World 2015 c\u00e9lkit\u0171z\u00e9seihez.<br \/>\n    A Nemzetk\u00f6zi T\u00e1vk\u00f6zl\u00e9si Egyes\u00fclet (International Telecommunication Union, ITU) az ENSZ legfontosabb infokommunik\u00e1ci\u00f3s ter\u00fcleten m\u0171k\u00f6d\u0151, glob\u00e1lis int\u00e9zm\u00e9nye, feladata a nemzetk\u00f6zi t\u00e1vk\u00f6zl\u00e9si egy\u00fcttm\u0171k\u00f6d\u00e9s seg\u00edt\u00e9se.<br \/>\n    Az eredetileg Nemzetk\u00f6zi T\u00e1v\u00edr\u00f3 Egyes\u00fclet (International Telegraph Union) n\u00e9ven 1865-ben P\u00e1rizsban alap\u00edtott szervezethez Magyarorsz\u00e1g 1866 janu\u00e1r elsej\u00e9n csatlakozott. A genfi sz\u00e9khely\u0171 szervezet 193 tag\u00e1llam\u00e1ban jelenleg k\u00f6zel 700 \u00e1gazati \u00e9s t\u00e1rsult tagja van.<br \/>\n    A 2014-es Telecom World konferenci\u00e1nak Doha ad otthont 2014. december 7. \u00e9s 10. k\u00f6z\u00f6tt. Magyarorsz\u00e1g sz\u00e1m\u00e1ra a konferencia rendez\u00e9si jog\u00e1t 2014. december 9-\u00e9n ceremoni\u00e1lis keretek k\u00f6z\u00f6tt adja \u00e1t a kor\u00e1bbi rendez\u0151 orsz\u00e1g, Katar.<br \/>\n    Az ITU Telecom Word egy olyan glob\u00e1lis rendezv\u00e9ny, ahol az inform\u00e1ci\u00f3s \u00e9s kommunik\u00e1ci\u00f3s technol\u00f3gi\u00e1k fejleszt\u0151i, korm\u00e1nyzati szerepl\u0151k, szab\u00e1lyoz\u00f3 hat\u00f3s\u00e1gok, vezet\u0151 ipar\u00e1gi szerepl\u0151k tal\u00e1lkoznak egy t\u00f6bbnapos konferencia keret\u00e9ben a leg\u00fajabb trendek bemutat\u00e1sa, ipar\u00e1gi \u00e9s korm\u00e1nyzati kapcsolatok kialak\u00edt\u00e1sa, illetve elm\u00e9ly\u00edt\u00e9se \u00e9rdek\u00e9ben. A rendezv\u00e9ny lehet\u0151s\u00e9get ad \u00e1llam- \u00e9s korm\u00e1nyf\u0151k tal\u00e1lkoz\u00e1s\u00e1ra, ENSZ szakmai szervezetek, szab\u00e1lyoz\u00f3 hat\u00f3s\u00e1gok \u00e9s ipari v\u00e1llalatok vezet\u0151ivel.(MTI)<\/p>\n","protected":false},"excerpt":{"rendered":"<p>Magyarorsz\u00e1g nyerte el az ITU Telecom World 2015 konferencia rendez\u00e9s\u00e9nek jog\u00e1t &#8211; mondta Seszt\u00e1k Mikl\u00f3s nemzeti fejleszt\u00e9si miniszter az MTI-nek h\u00e9tf\u0151n a konferencia helysz\u00edn\u00e9r\u0151l telefonon.<\/p>\n","protected":false},"author":1,"featured_media":0,"comment_status":"open","ping_status":"closed","sticky":false,"template":"","format":"standard","meta":[],"categories":[19,49],"tags":[],"_links":{"self":[{"href":"https:\/\/gazdasagportal.hu\/index.php\/wp-json\/wp\/v2\/posts\/52228"}],"collection":[{"href":"https:\/\/gazdasagportal.hu\/index.php\/wp-json\/wp\/v2\/posts"}],"about":[{"href":"https:\/\/gazdasagportal.hu\/index.php\/wp-json\/wp\/v2\/types\/post"}],"author":[{"embeddable":true,"href":"https:\/\/gazdasagportal.hu\/index.php\/wp-json\/wp\/v2\/users\/1"}],"replies":[{"embeddable":true,"href":"https:\/\/gazdasagportal.hu\/index.php\/wp-json\/wp\/v2\/comments?post=52228"}],"version-history":[{"count":1,"href":"https:\/\/gazdasagportal.hu\/index.php\/wp-json\/wp\/v2\/posts\/52228\/revisions"}],"predecessor-version":[{"id":52229,"href":"https:\/\/gazdasagportal.hu\/index.php\/wp-json\/wp\/v2\/posts\/52228\/revisions\/52229"}],"wp:attachment":[{"href":"https:\/\/gazdasagportal.hu\/index.php\/wp-json\/wp\/v2\/media?parent=52228"}],"wp:term":[{"taxonomy":"category","embeddable":true,"href":"https:\/\/gazdasagportal.hu\/index.php\/wp-json\/wp\/v2\/categories?post=52228"},{"taxonomy":"post_tag","embeddable":true,"href":"https:\/\/gazdasagportal.hu\/index.php\/wp-json\/wp\/v2\/tags?post=52228"}],"curies":[{"name":"wp","href":"https:\/\/api.w.org\/{rel}","templated":true}]}}