{"id":52226,"date":"2014-12-08T14:33:55","date_gmt":"2014-12-08T13:33:55","guid":{"rendered":"http:\/\/stockportal.hu\/?p=52226"},"modified":"2014-12-08T14:33:55","modified_gmt":"2014-12-08T13:33:55","slug":"onos-eso-ader-minden-segitsegre-szukseg-lesz-a-karok-felszamolasahoz","status":"publish","type":"post","link":"https:\/\/gazdasagportal.hu\/index.php\/onos-eso-ader-minden-segitsegre-szukseg-lesz-a-karok-felszamolasahoz\/","title":{"rendered":"\u00d3nos es\u0151 &#8211; \u00c1der: minden seg\u00edts\u00e9gre sz\u00fcks\u00e9g lesz a k\u00e1rok felsz\u00e1mol\u00e1s\u00e1hoz"},"content":{"rendered":"<p><strong>Korm\u00e1nyzati seg\u00edts\u00e9gre \u00e9s civil \u00f6sszefog\u00e1sra is sz\u00fcks\u00e9g lesz a m\u00falt heti \u00f3nos es\u0151 miatti k\u00e1rok felsz\u00e1mol\u00e1s\u00e1hoz &#8211; jelentette ki \u00c1der J\u00e1nos k\u00f6zt\u00e1rsas\u00e1gi eln\u00f6k h\u00e9tf\u0151n a Pilisben tal\u00e1lhat\u00f3 Kakashegyen, miut\u00e1n megtekintette a jegesed\u00e9s \u00e1ltal egyik legink\u00e1bb s\u00fajtott erd\u0151r\u00e9szt Pilisszentkereszt f\u00f6l\u00f6tt.<\/strong><!--more--><\/p>\n<div class=\"ads-in-post1\"><div id=\"gazdasagportal.hu_fullbanner_wideboard\"><\/div>\r\n<\/div>\n<p>    Az \u00e1llamf\u0151, aki a ter\u00fcletet kezel\u0151 Pilisi Parkerd\u0151 Zrt. munkat\u00e1rsainak t\u00e1rsas\u00e1g\u00e1ban t\u00e1j\u00e9koz\u00f3dott a helysz\u00ednen az \u00f3nos es\u0151, majd a jegesed\u00e9s okozta k\u00e1rokr\u00f3l, dr\u00e1mainak nevezte a szil\u00e1nkosra t\u00f6rt, kifordult f\u00e1k l\u00e1tv\u00e1ny\u00e1t. &#8222;Mint a s\u00edrkeresztek, mutatj\u00e1k, hogy 30-40 \u00e9v munk\u00e1ja ment t\u00f6nkre&#8221; &#8211; fogalmazott a k\u00f6zt\u00e1rsas\u00e1gi eln\u00f6k.<br \/>\n    Sz\u00f3lt arr\u00f3l is, hogy hozz\u00e1vet\u0151leg 50 ezer hekt\u00e1r \u00e1llami erd\u0151t &#8211; az \u00f6sszes \u00e1llami erd\u0151 5 sz\u00e1zal\u00e9k\u00e1t &#8211; kell valamilyen m\u00f3don rendbe tenni, \u00e9s &#8222;ez csak \u00f6sszefog\u00e1ssal, komoly \u00e1llami seg\u00edts\u00e9ggel t\u00f6rt\u00e9nhet meg&#8221;. \u00c1der J\u00e1nos azt mondta: szeretn\u00e9 mindenkinek felh\u00edvni a figyelm\u00e9t arra, hogy &#8222;elk\u00e9l a seg\u00edts\u00e9g, sz\u00fcks\u00e9g lesz korm\u00e1nyzati seg\u00edts\u00e9gre, \u00e9s civil \u00f6sszefog\u00e1sra is&#8221;.<br \/>\n    Az \u00e1llamf\u0151 elismer\u00e9s\u00e9t fejezte ki a szakszer\u0171 \u00e9s gyors munk\u00e1\u00e9rt az azonnali k\u00e1relh\u00e1r\u00edt\u00e1s\u00e1ban. Hozz\u00e1tette: a helyre\u00e1ll\u00edt\u00e1s sok\u00e1ig eltarthat, ez\u00e9rt mindenkit\u0151l meg\u00e9rt\u00e9st \u00e9s t\u00e1mogat\u00e1st k\u00e9r.<br \/>\n    Zamb\u00f3 P\u00e9ter, a Pilisi Parkerd\u0151 Zrt. vez\u00e9rigazgat\u00f3ja az MTI-nek elmondta, a kezel\u00e9s\u00fckben l\u00e9v\u0151 ter\u00fcleten mintegy 20 ezer hekt\u00e1rnyi erd\u0151t \u00e9rintett a jegesed\u00e9s, ennek harmada s\u00falyosan k\u00e1rosodott, a k\u00f6zvetlen k\u00e1rfelsz\u00e1mol\u00e1s \u00e9s a helyre\u00e1ll\u00edt\u00e1s ak\u00e1r j\u00f6v\u0151 \u00e9v v\u00e9gig is eltarthat.<br \/>\n    Hozz\u00e1tette: a jelenlegi inform\u00e1ci\u00f3k szerint \u00faj erd\u0151k \u00fcltet\u00e9s\u00e9re is sz\u00fcks\u00e9g lehet, ami f\u0151leg a fenyveseket \u00e9rinti, illetve a turisztikailag kiemelt helyeket. Az erd\u00e9szeti t\u00e1rsas\u00e1g ter\u00fclet\u00e9n mintegy 500 kilom\u00e9ternyi turista- \u00e9s erd\u00e9szeti utat kell j\u00e1rhat\u00f3v\u00e1 tenni.<br \/>\n    A m\u00falt h\u00e9t eleji \u00f3nos es\u0151s id\u0151j\u00e1r\u00e1s miatt az orsz\u00e1g t\u00f6bb pontj\u00e1n, k\u00fcl\u00f6n\u00f6sen a f\u0151v\u00e1ros II. \u00e9s XII. ker\u00fclet\u00e9ben, valamint Pest megye t\u00f6bb telep\u00fcl\u00e9s\u00e9n alakult ki kritikus helyzet. T\u00f6bb balesetvesz\u00e9lyes utat lez\u00e1rtak, \u00e1tmenetileg n\u00e9h\u00e1ny telep\u00fcl\u00e9st sem lehetett megk\u00f6zel\u00edteni, s t\u00f6bb ezer h\u00e1ztart\u00e1sban egy ideig \u00e1ram sem volt.<br \/>\n(MTI)<\/p>\n","protected":false},"excerpt":{"rendered":"<p>Korm\u00e1nyzati seg\u00edts\u00e9gre \u00e9s civil \u00f6sszefog\u00e1sra is sz\u00fcks\u00e9g lesz a m\u00falt heti \u00f3nos es\u0151 miatti k\u00e1rok felsz\u00e1mol\u00e1s\u00e1hoz &#8211; jelentette ki \u00c1der J\u00e1nos k\u00f6zt\u00e1rsas\u00e1gi eln\u00f6k h\u00e9tf\u0151n a Pilisben tal\u00e1lhat\u00f3 Kakashegyen, miut\u00e1n megtekintette a jegesed\u00e9s \u00e1ltal egyik legink\u00e1bb s\u00fajtott erd\u0151r\u00e9szt Pilisszentkereszt f\u00f6l\u00f6tt.<\/p>\n","protected":false},"author":1,"featured_media":0,"comment_status":"open","ping_status":"closed","sticky":false,"template":"","format":"standard","meta":[],"categories":[4],"tags":[],"_links":{"self":[{"href":"https:\/\/gazdasagportal.hu\/index.php\/wp-json\/wp\/v2\/posts\/52226"}],"collection":[{"href":"https:\/\/gazdasagportal.hu\/index.php\/wp-json\/wp\/v2\/posts"}],"about":[{"href":"https:\/\/gazdasagportal.hu\/index.php\/wp-json\/wp\/v2\/types\/post"}],"author":[{"embeddable":true,"href":"https:\/\/gazdasagportal.hu\/index.php\/wp-json\/wp\/v2\/users\/1"}],"replies":[{"embeddable":true,"href":"https:\/\/gazdasagportal.hu\/index.php\/wp-json\/wp\/v2\/comments?post=52226"}],"version-history":[{"count":1,"href":"https:\/\/gazdasagportal.hu\/index.php\/wp-json\/wp\/v2\/posts\/52226\/revisions"}],"predecessor-version":[{"id":52227,"href":"https:\/\/gazdasagportal.hu\/index.php\/wp-json\/wp\/v2\/posts\/52226\/revisions\/52227"}],"wp:attachment":[{"href":"https:\/\/gazdasagportal.hu\/index.php\/wp-json\/wp\/v2\/media?parent=52226"}],"wp:term":[{"taxonomy":"category","embeddable":true,"href":"https:\/\/gazdasagportal.hu\/index.php\/wp-json\/wp\/v2\/categories?post=52226"},{"taxonomy":"post_tag","embeddable":true,"href":"https:\/\/gazdasagportal.hu\/index.php\/wp-json\/wp\/v2\/tags?post=52226"}],"curies":[{"name":"wp","href":"https:\/\/api.w.org\/{rel}","templated":true}]}}