{"id":52222,"date":"2014-12-08T14:14:27","date_gmt":"2014-12-08T13:14:27","guid":{"rendered":"http:\/\/stockportal.hu\/?p=52222"},"modified":"2014-12-08T13:20:32","modified_gmt":"2014-12-08T12:20:32","slug":"vasarnapi-pihenonap-dk-a-kormany-tarsadalmi-egyeztetes-nelkul-akar-donteni","status":"publish","type":"post","link":"https:\/\/gazdasagportal.hu\/index.php\/vasarnapi-pihenonap-dk-a-kormany-tarsadalmi-egyeztetes-nelkul-akar-donteni\/","title":{"rendered":"Vas\u00e1rnapi pihen\u0151nap &#8211; DK: a korm\u00e1ny t\u00e1rsadalmi egyeztet\u00e9s n\u00e9lk\u00fcl akar d\u00f6nteni"},"content":{"rendered":"<p><strong>A Demokratikus Koal\u00edci\u00f3 szerint b\u00e1r &#8222;nem \u00f6rd\u00f6gt\u0151l val\u00f3&#8221; az \u00fczletek k\u00f6telez\u0151 vas\u00e1rnapi z\u00e1rva tart\u00e1s\u00e1r\u00f3l besz\u00e9lni, egy ilyen d\u00f6nt\u00e9snek sz\u00e9les k\u00f6r\u0171 t\u00e1rsadalmi p\u00e1rbesz\u00e9den kellene nyugodnia.<\/strong><!--more--><\/p>\n<div class=\"ads-in-post1\"><div id=\"gazdasagportal.hu_fullbanner_wideboard\"><\/div>\r\n<\/div>\n<p>    A p\u00e1rt politikusa, Ol\u00e1h Lajos f\u00fcggetlen k\u00e9pvisel\u0151 h\u00e9tf\u0151i, budapesti sajt\u00f3t\u00e1j\u00e9koztat\u00f3j\u00e1n azt mondta, emellett olyan er\u0151s gazdas\u00e1gra lenne sz\u00fcks\u00e9g, ahol a v\u00e1ltoz\u00e1s miatt \u00e1ll\u00e1sukat elvesz\u00edt\u0151 dolgoz\u00f3k \u00faj munk\u00e1t tal\u00e1ln\u00e1nak maguknak. Magyarorsz\u00e1gon viszont egyik eml\u00edtett k\u00f6r\u00fclm\u00e9ny sem \u00e1ll fent &#8211; \u00e9rt\u00e9kelte.<br \/>\n    Hozz\u00e1tette, Ausztri\u00e1ban az erre vonatkoz\u00f3 szab\u00e1lyoz\u00e1s enyh\u00edt\u00e9s\u00e9n gondolkodnak, N\u00e9metorsz\u00e1gban tartom\u00e1nyi szintre deleg\u00e1lj\u00e1k a d\u00f6nt\u00e9si kompetenci\u00e1t, Szlov\u00e1ki\u00e1ban pedig elvetett\u00e9k az \u00f6tletet, \u00e9s m\u00e1r &#8222;a kez\u00fcket d\u00f6rzs\u00f6lgetik&#8221;, v\u00e1rva, hogy a magyarok majd hozz\u00e1juk j\u00e1rnak \u00e1t v\u00e1s\u00e1rolni.<br \/>\n    Ol\u00e1h Lajos \u00fagy \u00f6sszegzett: &#8222;egy m\u00e9rhetetlen t\u00e1mogatotts\u00e1g\u00fa fantomp\u00e1rt&#8221; r\u00e1er\u0151szakolja az akarat\u00e1t a Fideszre \u00e9s mindenki csak tal\u00e1lgathatja, hogy ez hogyan siker\u00fclt a KDNP-nek.<br \/>\n    K\u00e9rd\u00e9sre azt mondta, hogy ha a Fidesz minden \u00e1ron be akarja vezetni a Kocsis M\u00e1t\u00e9 VIII. ker\u00fcleti polg\u00e1rmester \u00e1ltal javasolt drogtesztet, akkor ezt a korm\u00e1nyp\u00e1rt kezdje a saj\u00e1t eur\u00f3pai parlamenti, illetve orsz\u00e1ggy\u0171l\u00e9si k\u00e9pvisel\u0151ivel \u00e9s hagyja b\u00e9k\u00e9n a magyar t\u00e1rsadalmat.(MTI)<\/p>\n","protected":false},"excerpt":{"rendered":"<p>A Demokratikus Koal\u00edci\u00f3 szerint b\u00e1r &#8222;nem \u00f6rd\u00f6gt\u0151l val\u00f3&#8221; az \u00fczletek k\u00f6telez\u0151 vas\u00e1rnapi z\u00e1rva tart\u00e1s\u00e1r\u00f3l besz\u00e9lni, egy ilyen d\u00f6nt\u00e9snek sz\u00e9les k\u00f6r\u0171 t\u00e1rsadalmi p\u00e1rbesz\u00e9den kellene nyugodnia.<\/p>\n","protected":false},"author":1,"featured_media":0,"comment_status":"open","ping_status":"closed","sticky":false,"template":"","format":"standard","meta":[],"categories":[1],"tags":[309],"_links":{"self":[{"href":"https:\/\/gazdasagportal.hu\/index.php\/wp-json\/wp\/v2\/posts\/52222"}],"collection":[{"href":"https:\/\/gazdasagportal.hu\/index.php\/wp-json\/wp\/v2\/posts"}],"about":[{"href":"https:\/\/gazdasagportal.hu\/index.php\/wp-json\/wp\/v2\/types\/post"}],"author":[{"embeddable":true,"href":"https:\/\/gazdasagportal.hu\/index.php\/wp-json\/wp\/v2\/users\/1"}],"replies":[{"embeddable":true,"href":"https:\/\/gazdasagportal.hu\/index.php\/wp-json\/wp\/v2\/comments?post=52222"}],"version-history":[{"count":1,"href":"https:\/\/gazdasagportal.hu\/index.php\/wp-json\/wp\/v2\/posts\/52222\/revisions"}],"predecessor-version":[{"id":52223,"href":"https:\/\/gazdasagportal.hu\/index.php\/wp-json\/wp\/v2\/posts\/52222\/revisions\/52223"}],"wp:attachment":[{"href":"https:\/\/gazdasagportal.hu\/index.php\/wp-json\/wp\/v2\/media?parent=52222"}],"wp:term":[{"taxonomy":"category","embeddable":true,"href":"https:\/\/gazdasagportal.hu\/index.php\/wp-json\/wp\/v2\/categories?post=52222"},{"taxonomy":"post_tag","embeddable":true,"href":"https:\/\/gazdasagportal.hu\/index.php\/wp-json\/wp\/v2\/tags?post=52222"}],"curies":[{"name":"wp","href":"https:\/\/api.w.org\/{rel}","templated":true}]}}