{"id":52154,"date":"2014-12-07T20:33:19","date_gmt":"2014-12-07T19:33:19","guid":{"rendered":"http:\/\/stockportal.hu\/?p=52154"},"modified":"2014-12-07T20:33:19","modified_gmt":"2014-12-07T19:33:19","slug":"a-bajor-csu-szerint-a-bevandorloknak-csaladi-korben-is-nemetul-kell-beszelniuk","status":"publish","type":"post","link":"https:\/\/gazdasagportal.hu\/index.php\/a-bajor-csu-szerint-a-bevandorloknak-csaladi-korben-is-nemetul-kell-beszelniuk\/","title":{"rendered":"A bajor CSU szerint a bev\u00e1ndorl\u00f3knak csal\u00e1di k\u00f6rben is n\u00e9met\u00fcl kell besz\u00e9lni\u00fck"},"content":{"rendered":"<p><strong>A bajor konzervat\u00edv CSU szerint tenni kell az\u00e9rt, hogy a bev\u00e1ndorl\u00f3k csal\u00e1di k\u00f6rben is n\u00e9met\u00fcl besz\u00e9ljenek. A h\u00e9t v\u00e9g\u00e9n nyilv\u00e1noss\u00e1gra ker\u00fclt javaslatot a n\u00e9met politika sz\u00e1mos szerepl\u0151je b\u00edr\u00e1lta, k\u00f6zt\u00fck a testv\u00e9rp\u00e1rt, a CDU f\u0151titk\u00e1ra.<\/strong><!--more--><\/p>\n<div class=\"ads-in-post1\"><div id=\"gazdasagportal.hu_fullbanner_wideboard\"><\/div>\r\n<\/div>\n<p>    A CSU j\u00f6v\u0151 heti kongresszus\u00e1ra k\u00e9sz\u00edtett hat\u00e1rozati javaslatban ismertette a felvet\u00e9st, amely szerint a N\u00e9metorsz\u00e1gban tart\u00f3san letelepedni k\u00edv\u00e1n\u00f3 bev\u00e1ndorl\u00f3kat &#8222;r\u00e1 kell b\u00edrni arra, hogy n\u00e9met\u00fcl besz\u00e9ljenek nyilv\u00e1nos helyen \u00e9s csal\u00e1di k\u00f6rben&#8221;.<br \/>\n    Peter Tauber, az Angela Merkel vezette CDU f\u0151titk\u00e1ra a felvet\u00e9sre reag\u00e1lva a Twitteren megjegyezte: &#8222;szerintem a politik\u00e1nak semmi k\u00f6ze ahhoz, hogy latinul, a klingonok nyelv\u00e9n vagy hesseni t\u00e1jsz\u00f3l\u00e1sban besz\u00e9lek-e otthon&#8221;.<br \/>\n    A CDU\/CSU p\u00e1rtsz\u00f6vets\u00e9ggel k\u00f6z\u00f6sen korm\u00e1nyz\u00f3 szoci\u00e1ldemokrata p\u00e1rt (SPD) f\u0151titk\u00e1ra, Yasmin Fahimi szerint &#8222;a CSU meg\u00e9rkezett Abszurdiszt\u00e1nba&#8221;, \u00e9s felvet\u00e9se &#8222;vicces lenne, ha nem volna nagyon vesz\u00e9lyes&#8221;.<br \/>\n    A CSU eln\u00f6ks\u00e9ge h\u00e9tf\u0151n v\u00e9gleges\u00edti a kongresszusi hat\u00e1rozati javaslatot, \u00e9s a b\u00edr\u00e1latok ellen\u00e9re egyel\u0151re nem tervezi, hogy t\u00f6rli a bev\u00e1ndorl\u00f3k otthoni nyelvhaszn\u00e1lat\u00e1ra vonatkoz\u00f3 r\u00e9szt. Erre utal Andreas Schauer p\u00e1rtf\u0151titk\u00e1r nyilatkozata, amely szerint az eln\u00f6ks\u00e9g v\u00e1ltozatlan form\u00e1ban t\u00e1rgyalja meg a javaslatot.<br \/>\n    Ugyanakkor a Deutschlandfunk orsz\u00e1gos k\u00f6zszolg\u00e1lati r\u00e1di\u00f3 \u00f6sszefoglal\u00f3ja szerint p\u00e1rton bel\u00fcl sincs egyet\u00e9rt\u00e9s a felvet\u00e9sr\u0151l. Az egyp\u00e1rti, CSU-s bajor tartom\u00e1nyi korm\u00e1ny t\u00e1rsadalmi integr\u00e1ci\u00f3\u00e9rt felel\u0151s megb\u00edzottja, Martin Neumeyer szerint egy &#8222;vacak&#8221; koncepci\u00f3r\u00f3l van sz\u00f3, amellyel kapcsolatban r\u00f6gt\u00f6n felmer\u00fcl a k\u00e9rd\u00e9s, hogy mik\u00e9nt lehet megval\u00f3s\u00edtani.     &#8222;K\u00f6vetkez\u0151 l\u00e9p\u00e9sk\u00e9nt tal\u00e1n bevezetj\u00fck a konyh\u00e1k kamer\u00e1s megfigyel\u00e9s\u00e9t?&#8221; &#8211; tette fel a k\u00e9rd\u00e9st a korm\u00e1nymegb\u00edzott.<br \/>\n    A CSU kor\u00e1bban is tett vit\u00e1t gerjeszt\u0151 javaslatokat a bev\u00e1ndorl\u00e1sr\u00f3l. Az \u00e9v elej\u00e9n a rom\u00e1n \u00e9s bolg\u00e1r \u00e1llampolg\u00e1rok munkav\u00e1llal\u00e1si korl\u00e1toz\u00e1sainak megsz\u0171n\u00e9se r\u00e9v\u00e9n a szoci\u00e1lis turizmusnak is nevezett szeg\u00e9nys\u00e9gi bev\u00e1ndorl\u00e1sr\u00f3l indult diskurzusban szigor\u00fa fell\u00e9p\u00e9st s\u00fcrgetett a szoci\u00e1lis juttat\u00e1sokkal vissza\u00e9l\u0151 bev\u00e1ndorl\u00f3k ellen.<br \/>\n    &#8222;Aki csal, az rep\u00fcl&#8221; &#8211; hangoztatt\u00e1k a CSU r\u00e9sz\u00e9r\u0151l.<br \/>\n    A bajor konzervat\u00edvokat ez\u00e9rt a megfogalmaz\u00e1s\u00e9rt populizmussal \u00e9s sz\u00e9ls\u0151jobboldali usz\u00edt\u00e1ssal is megv\u00e1dolt\u00e1k ellenz\u00e9ki p\u00e1rtok \u00e9s az SPD k\u00e9pvisel\u0151i. Sz\u00e1mos komment\u00e1r szerint a CSU az Alternat\u00edva N\u00e9metorsz\u00e1g\u00e9rt (AfD) nev\u0171 p\u00e1rt megjelen\u00e9s\u00e9re reag\u00e1lt az \u00e9les hangnemmel, \u00e9s a h\u00e9t v\u00e9g\u00e9n t\u00f6bb sajt\u00f3besz\u00e1mol\u00f3ban a nyelvhaszn\u00e1latr\u00f3l sz\u00f3l\u00f3 felvet\u00e9st is \u00f6sszef\u00fcgg\u00e9sbe hozt\u00e1k azzal, hogy a bev\u00e1ndorl\u00e1s korl\u00e1toz\u00e1s\u00e1t s\u00fcrget\u0151, euroszkeptikus AfD a m\u00e1sodik vil\u00e1gh\u00e1bor\u00fa ut\u00e1ni N\u00e9metorsz\u00e1g t\u00f6rt\u00e9net\u00e9ben az els\u0151 p\u00e1rt, amely vesz\u00e9lyeztetheti a CDU\/CSU dominanci\u00e1j\u00e1t a jobboldalon.<br \/>\n    A Die Welt c\u00edm\u0171 lap a hat\u00e1rozati javaslat tov\u00e1bbi elemeit ismertetve kiemelte, hogy a felt\u00e9telezett szoci\u00e1lis turizmus elleni k\u00fczdelem tov\u00e1bbra is fontos a CSU sz\u00e1m\u00e1ra.<br \/>\n    &#8222;Aki csak az\u00e9rt k\u00f6lt\u00f6zik N\u00e9metorsz\u00e1gba, hogy k\u00e9nyelembe helyezze mag\u00e1t a szoci\u00e1lis f\u00fcgg\u0151\u00e1gyon, att\u00f3l megtagadjuk a szoci\u00e1lis juttat\u00e1sokat&#8221; &#8211; id\u00e9zte a kongresszusra k\u00e9sz\u00fclt dokumentumot a Die Welt online kiad\u00e1sa.<br \/>\n    N\u00e9metorsz\u00e1g az Egyes\u00fclt \u00c1llamok ut\u00e1n a m\u00e1sodik sz\u00e1m\u00fa bev\u00e1ndorl\u00e1si c\u00e9lorsz\u00e1g a fejlett ipari \u00e1llamokat \u00f6sszefog\u00f3 Gazdas\u00e1gi Egy\u00fcttm\u0171k\u00f6d\u00e9si \u00e9s Fejleszt\u00e9si Szervezet (OECD) tagorsz\u00e1gai k\u00f6z\u00fcl. Az OECD h\u00e9tf\u0151n megjelent adatai szerint tavaly tov\u00e1bb emelkedett a bev\u00e1ndorl\u00e1si hull\u00e1m, 465 ezer ember telepedett le tart\u00f3san N\u00e9metorsz\u00e1gban, ami a k\u00e9tszerese a vil\u00e1ggazdas\u00e1gi v\u00e1ls\u00e1g el\u0151tti utols\u00f3 \u00e9vben, 2007-ben regisztr\u00e1lt szintnek. A bev\u00e1ndorl\u00f3k h\u00e1romnegyede valamely eur\u00f3pai orsz\u00e1gb\u00f3l \u00e9rkezett.<br \/>\n    A k\u00fclf\u00f6ldi \u00e1llampolg\u00e1rok sz\u00e1ma 2013 v\u00e9g\u00e9n 6,2 milli\u00f3 volt N\u00e9metorsz\u00e1gban, a bev\u00e1ndorl\u00f3csal\u00e1db\u00f3l sz\u00e1rmaz\u00f3, de n\u00e9met \u00e1llampolg\u00e1rs\u00e1ggal rendelkez\u0151k sz\u00e1ma pedig 10,1 milli\u00f3, vagyis nagyj\u00e1b\u00f3l minden \u00f6t\u00f6dik ember bev\u00e1ndorl\u00f3 h\u00e1tter\u0171 a 80,5 milli\u00f3s orsz\u00e1gban.(MTI)<\/p>\n","protected":false},"excerpt":{"rendered":"<p>A bajor konzervat\u00edv CSU szerint tenni kell az\u00e9rt, hogy a bev\u00e1ndorl\u00f3k csal\u00e1di k\u00f6rben is n\u00e9met\u00fcl besz\u00e9ljenek. A h\u00e9t v\u00e9g\u00e9n nyilv\u00e1noss\u00e1gra ker\u00fclt javaslatot a n\u00e9met politika sz\u00e1mos szerepl\u0151je b\u00edr\u00e1lta, k\u00f6zt\u00fck a testv\u00e9rp\u00e1rt, a CDU f\u0151titk\u00e1ra.<\/p>\n","protected":false},"author":1,"featured_media":0,"comment_status":"open","ping_status":"closed","sticky":false,"template":"","format":"standard","meta":[],"categories":[12],"tags":[],"_links":{"self":[{"href":"https:\/\/gazdasagportal.hu\/index.php\/wp-json\/wp\/v2\/posts\/52154"}],"collection":[{"href":"https:\/\/gazdasagportal.hu\/index.php\/wp-json\/wp\/v2\/posts"}],"about":[{"href":"https:\/\/gazdasagportal.hu\/index.php\/wp-json\/wp\/v2\/types\/post"}],"author":[{"embeddable":true,"href":"https:\/\/gazdasagportal.hu\/index.php\/wp-json\/wp\/v2\/users\/1"}],"replies":[{"embeddable":true,"href":"https:\/\/gazdasagportal.hu\/index.php\/wp-json\/wp\/v2\/comments?post=52154"}],"version-history":[{"count":1,"href":"https:\/\/gazdasagportal.hu\/index.php\/wp-json\/wp\/v2\/posts\/52154\/revisions"}],"predecessor-version":[{"id":52155,"href":"https:\/\/gazdasagportal.hu\/index.php\/wp-json\/wp\/v2\/posts\/52154\/revisions\/52155"}],"wp:attachment":[{"href":"https:\/\/gazdasagportal.hu\/index.php\/wp-json\/wp\/v2\/media?parent=52154"}],"wp:term":[{"taxonomy":"category","embeddable":true,"href":"https:\/\/gazdasagportal.hu\/index.php\/wp-json\/wp\/v2\/categories?post=52154"},{"taxonomy":"post_tag","embeddable":true,"href":"https:\/\/gazdasagportal.hu\/index.php\/wp-json\/wp\/v2\/tags?post=52154"}],"curies":[{"name":"wp","href":"https:\/\/api.w.org\/{rel}","templated":true}]}}