{"id":52146,"date":"2014-12-08T03:26:13","date_gmt":"2014-12-08T02:26:13","guid":{"rendered":"http:\/\/stockportal.hu\/?p=52146"},"modified":"2014-12-07T19:16:54","modified_gmt":"2014-12-07T18:16:54","slug":"11-iszlamistat-iteltek-halalra-a-het-vegen","status":"publish","type":"post","link":"https:\/\/gazdasagportal.hu\/index.php\/11-iszlamistat-iteltek-halalra-a-het-vegen\/","title":{"rendered":"11 iszlamist\u00e1t \u00edt\u00e9ltek hal\u00e1lra a h\u00e9t v\u00e9g\u00e9n"},"content":{"rendered":"<p><strong>Egyiptomban a h\u00e9t v\u00e9g\u00e9n \u00f6sszesen 11 iszlamist\u00e1t \u00edt\u00e9ltek hal\u00e1lra a tavaly ny\u00e1ri hatalomv\u00e1lt\u00e1st \u00f6vez\u0151 v\u00e9ront\u00e1sok kapcs\u00e1n ind\u00edtott k\u00e9t k\u00fcl\u00f6nb\u00f6z\u0151 perben.<\/strong><!--more--><\/p>\n<div class=\"ads-in-post1\"><div id=\"gazdasagportal.hu_fullbanner_wideboard\"><\/div>\r\n<\/div>\n<p>    Vas\u00e1rnap a tavaly ny\u00e1ron megbuktatott eln\u00f6k, az iszlamista Mohamed Murszi m\u00f6g\u00f6tt \u00e1ll\u00f3 Muzulm\u00e1n Testv\u00e9ris\u00e9g n\u00e9gy magas rang\u00fa tagj\u00e1ra r\u00f3ttak ki hal\u00e1lb\u00fcntet\u00e9st. A perben vizsg\u00e1lt eset az exeln\u00f6k buk\u00e1s\u00e1hoz vezet\u0151 t\u00f6megt\u00fcntet\u00e9sek kirobban\u00e1s\u00e1nak napj\u00e1ra, 2013. j\u00fanius 30-ra ny\u00falik vissza. Akkor mintegy tucatnyi t\u00fcntet\u0151 vesztette \u00e9let\u00e9t a testv\u00e9ris\u00e9g d\u00e9l-kair\u00f3i f\u0151hadisz\u00e1ll\u00e1sa el\u0151tt, ahonnan Murszi t\u00e1mogat\u00f3i Molotov-kokt\u00e9lokkal \u00e9s \u00e9lesl\u0151szerrel t\u00e1madtak r\u00e1juk.<br \/>\n    Az \u00edt\u00e9leteket az egyiptomi el\u0151\u00edr\u00e1soknak megfelel\u0151en most az orsz\u00e1g f\u0151muftij\u00e1nak is v\u00e9lem\u00e9nyeznie kell, s b\u00e1r ezt a hat\u00f3s\u00e1goknak nem k\u00f6telez\u0151 figyelembe venni\u00fck, csak ezut\u00e1n sz\u00fclethet v\u00e9gleges d\u00f6nt\u00e9s.<br \/>\n    A per \u00f6sszesen 18 v\u00e1dlottja k\u00f6z\u00f6tt van az id\u0151k\u00f6zben betiltott iszlamista szervezet vezet\u0151je, Mohamed Bad\u00ede \u00e9s k\u00e9t helyettese, Hairat es-S\u00e1ter \u00e9s Ras\u00e1d el-Baj\u00fami is. Az \u0151 \u00fcgy\u00fckben v\u00e1rhat\u00f3an febru\u00e1r 25-\u00e9n sz\u00fcletik d\u00f6nt\u00e9s. Ellen\u00fck egyebek k\u00f6z\u00f6tt sz\u00e1nd\u00e9kos ember\u00f6l\u00e9s, gyilkoss\u00e1gra val\u00f3 felbujt\u00e1s \u00e9s illeg\u00e1lis fegyvertart\u00e1s a v\u00e1d. Bad\u00ed\u00e9t eddig k\u00e9t perben \u00edt\u00e9lt\u00e9k hal\u00e1lra.<br \/>\n    Szombaton a h\u00edrhedt dzsihadist\u00e1ra, \u00c1del Hab\u00e1ra \u00e9s hat m\u00e1sik sz\u00e9ls\u0151s\u00e9gesre mondt\u00e1k ki a hal\u00e1los \u00edt\u00e9letet, ami\u00e9rt egy szab\u00e1lyos kiv\u00e9gz\u00e9sszer\u0171 mer\u00e9nyletben tavaly augusztus 19-\u00e9n 25 egyiptomi katon\u00e1val v\u00e9geztek a G\u00e1zai \u00f6vezettel szomsz\u00e9dos hat\u00e1rvid\u00e9ken. A &#8222;m\u00e1sodik rafahi m\u00e9sz\u00e1rl\u00e1s&#8221; n\u00e9ven k\u00f6zismertt\u00e9 v\u00e1lt eset sor\u00e1n a fegyveresek meg\u00e1ll\u00edt\u00e1sra k\u00e9nyszer\u00edtett\u00e9k a hadsereg k\u00e9t teheraut\u00f3j\u00e1t, lesz\u00e1ll\u00edtott\u00e1k a szabads\u00e1gr\u00f3l visszat\u00e9r\u0151 katon\u00e1kat, majd sorban agyonl\u0151tt\u00e9k \u0151ket.(MTI)<\/p>\n","protected":false},"excerpt":{"rendered":"<p>Egyiptomban a h\u00e9t v\u00e9g\u00e9n \u00f6sszesen 11 iszlamist\u00e1t \u00edt\u00e9ltek hal\u00e1lra a tavaly ny\u00e1ri hatalomv\u00e1lt\u00e1st \u00f6vez\u0151 v\u00e9ront\u00e1sok kapcs\u00e1n ind\u00edtott k\u00e9t k\u00fcl\u00f6nb\u00f6z\u0151 perben.<\/p>\n","protected":false},"author":1,"featured_media":0,"comment_status":"open","ping_status":"closed","sticky":false,"template":"","format":"standard","meta":[],"categories":[16],"tags":[],"_links":{"self":[{"href":"https:\/\/gazdasagportal.hu\/index.php\/wp-json\/wp\/v2\/posts\/52146"}],"collection":[{"href":"https:\/\/gazdasagportal.hu\/index.php\/wp-json\/wp\/v2\/posts"}],"about":[{"href":"https:\/\/gazdasagportal.hu\/index.php\/wp-json\/wp\/v2\/types\/post"}],"author":[{"embeddable":true,"href":"https:\/\/gazdasagportal.hu\/index.php\/wp-json\/wp\/v2\/users\/1"}],"replies":[{"embeddable":true,"href":"https:\/\/gazdasagportal.hu\/index.php\/wp-json\/wp\/v2\/comments?post=52146"}],"version-history":[{"count":1,"href":"https:\/\/gazdasagportal.hu\/index.php\/wp-json\/wp\/v2\/posts\/52146\/revisions"}],"predecessor-version":[{"id":52147,"href":"https:\/\/gazdasagportal.hu\/index.php\/wp-json\/wp\/v2\/posts\/52146\/revisions\/52147"}],"wp:attachment":[{"href":"https:\/\/gazdasagportal.hu\/index.php\/wp-json\/wp\/v2\/media?parent=52146"}],"wp:term":[{"taxonomy":"category","embeddable":true,"href":"https:\/\/gazdasagportal.hu\/index.php\/wp-json\/wp\/v2\/categories?post=52146"},{"taxonomy":"post_tag","embeddable":true,"href":"https:\/\/gazdasagportal.hu\/index.php\/wp-json\/wp\/v2\/tags?post=52146"}],"curies":[{"name":"wp","href":"https:\/\/api.w.org\/{rel}","templated":true}]}}