{"id":52144,"date":"2014-12-08T02:24:10","date_gmt":"2014-12-08T01:24:10","guid":{"rendered":"http:\/\/stockportal.hu\/?p=52144"},"modified":"2014-12-07T19:15:49","modified_gmt":"2014-12-07T18:15:49","slug":"erre-szamits-a-heten-azzunk-fazunk-a-vege-szebb-lesz","status":"publish","type":"post","link":"https:\/\/gazdasagportal.hu\/index.php\/erre-szamits-a-heten-azzunk-fazunk-a-vege-szebb-lesz\/","title":{"rendered":"Erre sz\u00e1m\u00edts, a h\u00e9ten \u00e1zzunk, f\u00e1zunk, a v\u00e9ge szebb lesz"},"content":{"rendered":"<p><strong>A j\u00f6v\u0151 h\u00e9t elej\u00e9n is legfeljebb a hegyekben v\u00e1rhat\u00f3 havaz\u00e1s, m\u00e1sutt sok es\u0151re lehet sz\u00e1m\u00edtani. Jelent\u0151s leh\u0171l\u00e9sre tov\u00e1bbra sem kell k\u00e9sz\u00fclni, a h\u00e9tv\u00e9g\u00e9n n\u00e9hol ak\u00e1r 10 Celsius-fok is lehet.<\/strong><!--more--><\/p>\n<div class=\"ads-in-post1\"><div id=\"gazdasagportal.hu_fullbanner_wideboard\"><\/div>\r\n<\/div>\n<p>    Az Orsz\u00e1gos Meteorol\u00f3giai Szolg\u00e1lat az MTI-hez vas\u00e1rnap eljuttatott orsz\u00e1gos, k\u00f6z\u00e9pt\u00e1v\u00fa el\u0151rejelz\u00e9s\u00e9ben azt \u00edrta: h\u00e9tf\u0151n t\u00falnyom\u00f3an borult, p\u00e1r\u00e1s id\u0151 lesz, d\u00e9lut\u00e1n a Dun\u00e1nt\u00falon felszakadozik a felh\u0151zet. Sokfel\u00e9 v\u00e1rhat\u00f3 es\u0151, a hegyekben havas es\u0151, havaz\u00e1s, de Borsod-Aba\u00faj-Zempl\u00e9n megye \u00e9szaki r\u00e9sz\u00e9n hajnalban \u00e1tmenetileg \u00f3nos es\u0151 sem kiz\u00e1rt. A Nyugat-Dun\u00e1nt\u00falon meger\u0151s\u00f6dik a sz\u00e9l, m\u00e1sutt \u00e1ltal\u00e1ban m\u00e9rs\u00e9kelt marad a l\u00e9gmozg\u00e1s. A legalacsonyabb h\u0151m\u00e9rs\u00e9klet m\u00ednusz 1 \u00e9s plusz 6 fok k\u00f6z\u00f6tt alakul. A legmagasabb h\u0151m\u00e9rs\u00e9klet plusz 2-7 fok k\u00f6z\u00f6tt val\u00f3sz\u00edn\u0171.<br \/>\n    Kedden d\u00e9lel\u0151tt az orsz\u00e1g k\u00f6z\u00e9ps\u0151 harmad\u00e1ban m\u00e9g el\u0151fordulhat gyenge es\u0151. Nagy ter\u00fcleten meger\u0151s\u00f6dik a sz\u00e9l is, de a f\u0151v\u00e1ros k\u00f6rny\u00e9k\u00e9n \u00e9s att\u00f3l keletre gyeng\u00e9bb lesz a l\u00e9gmozg\u00e1s. A leghidegebb \u00f3r\u00e1kban m\u00ednusz 2 \u00e9s plusz 3 fok lehet. Nappal plusz 2-7 fokig melegszik a leveg\u0151.<br \/>\n    Szerd\u00e1n nem v\u00e1rhat\u00f3 csapad\u00e9k. Kezdetben t\u00f6bbfel\u00e9 m\u00e9g er\u0151s lesz a sz\u00e9l, de d\u00e9lut\u00e1nra m\u00e1r jelent\u0151sen m\u00e9rs\u00e9kl\u0151dik a l\u00e9gmozg\u00e1s. A minimumh\u0151m\u00e9rs\u00e9klet m\u00ednusz 6 \u00e9s 0 fok k\u00f6z\u00f6tt val\u00f3sz\u00edn\u0171. A nappali maximumok v\u00e1rhat\u00f3an plusz 1-6 fok k\u00f6z\u00f6tt alakulnak.<br \/>\n    Cs\u00fct\u00f6rt\u00f6k\u00f6n n\u00e9h\u00e1ny \u00f3r\u00e1s naps\u00fct\u00e9s v\u00e1rhat\u00f3. Az \u00e9szaki megy\u00e9kben viszont elsz\u00f3rtan gyenge es\u0151, z\u00e1por is el\u0151fordulhat. A legalacsonyabb h\u0151m\u00e9rs\u00e9klet m\u00ednusz 6 \u00e9s 0, a legmagasabb h\u0151m\u00e9rs\u00e9klet plusz 2-7 fok k\u00f6z\u00f6tt alakul.<br \/>\n    P\u00e9nteken t\u00f6bb\u00f3r\u00e1s naps\u00fct\u00e9s v\u00e1rhat\u00f3, csapad\u00e9k nem lesz. A minimumh\u0151m\u00e9rs\u00e9klet m\u00ednusz 6 \u00e9s m\u00ednusz 1, a maximumh\u0151m\u00e9rs\u00e9klet plusz 3-8 fok k\u00f6z\u00f6tt alakul.<br \/>\n    Szombaton elsz\u00f3rtan lehet kisebb es\u0151. Helyenk\u00e9nt meger\u0151s\u00f6dhet a sz\u00e9l is. A leghidegebb \u00f3r\u00e1kban m\u00ednusz 4 \u00e9s plusz 1 fok lehet. Nappal plusz 5-10 fokig emelkedhet a h\u0151m\u00e9rs\u00e9klet.<br \/>\n    Vas\u00e1rnap t\u00f6bbnyire er\u0151sen felh\u0151s lesz az \u00e9g, n\u00e9hol kisebb es\u0151 is el\u0151fordulhat. A legalacsonyabb h\u0151m\u00e9rs\u00e9klet m\u00ednusz 4 \u00e9s plusz 1, a legmagasabb h\u0151m\u00e9rs\u00e9klet plusz 2-7 fok k\u00f6z\u00f6tt alakul \u2013 olvashat\u00f3 az el\u0151rejelz\u00e9sben.(MTI)<\/p>\n","protected":false},"excerpt":{"rendered":"<p>A j\u00f6v\u0151 h\u00e9t elej\u00e9n is legfeljebb a hegyekben v\u00e1rhat\u00f3 havaz\u00e1s, m\u00e1sutt sok es\u0151re lehet sz\u00e1m\u00edtani. Jelent\u0151s leh\u0171l\u00e9sre tov\u00e1bbra sem kell k\u00e9sz\u00fclni, a h\u00e9tv\u00e9g\u00e9n n\u00e9hol ak\u00e1r 10 Celsius-fok is lehet.<\/p>\n","protected":false},"author":1,"featured_media":0,"comment_status":"open","ping_status":"closed","sticky":false,"template":"","format":"standard","meta":[],"categories":[4,151],"tags":[],"_links":{"self":[{"href":"https:\/\/gazdasagportal.hu\/index.php\/wp-json\/wp\/v2\/posts\/52144"}],"collection":[{"href":"https:\/\/gazdasagportal.hu\/index.php\/wp-json\/wp\/v2\/posts"}],"about":[{"href":"https:\/\/gazdasagportal.hu\/index.php\/wp-json\/wp\/v2\/types\/post"}],"author":[{"embeddable":true,"href":"https:\/\/gazdasagportal.hu\/index.php\/wp-json\/wp\/v2\/users\/1"}],"replies":[{"embeddable":true,"href":"https:\/\/gazdasagportal.hu\/index.php\/wp-json\/wp\/v2\/comments?post=52144"}],"version-history":[{"count":1,"href":"https:\/\/gazdasagportal.hu\/index.php\/wp-json\/wp\/v2\/posts\/52144\/revisions"}],"predecessor-version":[{"id":52145,"href":"https:\/\/gazdasagportal.hu\/index.php\/wp-json\/wp\/v2\/posts\/52144\/revisions\/52145"}],"wp:attachment":[{"href":"https:\/\/gazdasagportal.hu\/index.php\/wp-json\/wp\/v2\/media?parent=52144"}],"wp:term":[{"taxonomy":"category","embeddable":true,"href":"https:\/\/gazdasagportal.hu\/index.php\/wp-json\/wp\/v2\/categories?post=52144"},{"taxonomy":"post_tag","embeddable":true,"href":"https:\/\/gazdasagportal.hu\/index.php\/wp-json\/wp\/v2\/tags?post=52144"}],"curies":[{"name":"wp","href":"https:\/\/api.w.org\/{rel}","templated":true}]}}