{"id":52069,"date":"2014-12-07T03:04:35","date_gmt":"2014-12-07T02:04:35","guid":{"rendered":"http:\/\/stockportal.hu\/?p=52069"},"modified":"2014-12-06T10:33:19","modified_gmt":"2014-12-06T09:33:19","slug":"a-nav-nyomozas-utan-nagyon-komoly-buntetest-is-kaphat-az-rtl-klub","status":"publish","type":"post","link":"https:\/\/gazdasagportal.hu\/index.php\/a-nav-nyomozas-utan-nagyon-komoly-buntetest-is-kaphat-az-rtl-klub\/","title":{"rendered":"A NAV nyomoz\u00e1s ut\u00e1n nagyon komoly b\u00fcntet\u00e9st is kaphat az RTL Klub"},"content":{"rendered":"<p><strong>Ad\u00f3elker\u00fcl\u00e9s gyan\u00faja miatt nyomozhat a Nemzeti Ad\u00f3 \u00e9s V\u00e1mhivatal (NAV) az RTL Klub n\u00e9h\u00e1ny \u00e9vvel ezel\u0151tti c\u00e9gv\u00e1s\u00e1rl\u00e1sai miatt &#8211; \u00e9rtes\u00fclt az M1 H\u00edrad\u00f3.<\/strong><!--more--><\/p>\n<div class=\"ads-in-post1\"><div id=\"gazdasagportal.hu_fullbanner_wideboard\"><\/div>\r\n<\/div>\n<p>    A csatorna a p\u00e9ntek esti ad\u00e1sban sz\u00e1molt be arr\u00f3l, hogy \u00fagy tudja, az ad\u00f3hat\u00f3s\u00e1g azt vizsg\u00e1lja, volt-e t\u00e9nyleges gazdas\u00e1gi tev\u00e9kenys\u00e9g a tranzakci\u00f3k m\u00f6g\u00f6tt.<br \/>\n    Inform\u00e1ci\u00f3ik szerint ha a NAV ad\u00f3elker\u00fcl\u00e9st \u00e1llap\u00edt meg, akkor 20 milli\u00e1rd forinttal kell korrig\u00e1lni a t\u00e1rsas\u00e1g ad\u00f3alapj\u00e1t, ami ut\u00e1n t\u00f6bb milli\u00e1rd forintnyi k\u00f6zterhet fizethet az RTL.<br \/>\n    Az m\u0171sorban felid\u00e9zt\u00e9k, hogy a portfolio.hu j\u00faniusi cikke szerint a csatorna 2012-ben &#8211; 6,6 milli\u00e1rdos bev\u00e9tel mellett &#8211; csak 5,5 milli\u00f3 forint t\u00e1rsas\u00e1gi ad\u00f3t fizetett be. Varga Mih\u00e1ly nemzetgazdas\u00e1gi miniszter ezt k\u00f6vet\u0151en, egy sajt\u00f3t\u00e1j\u00e9koztat\u00f3n vizsg\u00e1latra sz\u00f3l\u00edtotta fel az illet\u00e9keseket.<br \/>\n    Az M1 inform\u00e1ci\u00f3i szerint ez a NAV-vizsg\u00e1lat a v\u00e9g\u00e9hez k\u00f6zeledik, \u00e9s felmer\u00fclt annak lehet\u0151s\u00e9ge, hogy az eml\u00edtett v\u00e1s\u00e1rl\u00e1sok m\u00f6g\u00f6tt nem volt t\u00e9nyleges gazdas\u00e1gi tev\u00e9kenys\u00e9g, hanem csak az ad\u00f3z\u00e1s elker\u00fcl\u00e9s\u00e9t szolg\u00e1lt\u00e1k.<br \/>\n    A H\u00edrad\u00f3 megkereste az ad\u00f3hat\u00f3s\u00e1got, azonban azt k\u00f6z\u00f6lt\u00e9k, hogy konkr\u00e9t ad\u00f3z\u00f3ra vonatkoz\u00f3an &#8211; az ad\u00f3titok megtart\u00e1sa miatt &#8211; nem \u00e1ll m\u00f3djukban nyilatkozni. Az RTL Klubot is kerest\u00e9k, de az ad\u00e1sig nem v\u00e1laszoltak.(MTI)<\/p>\n","protected":false},"excerpt":{"rendered":"<p>Ad\u00f3elker\u00fcl\u00e9s gyan\u00faja miatt nyomozhat a Nemzeti Ad\u00f3 \u00e9s V\u00e1mhivatal (NAV) az RTL Klub n\u00e9h\u00e1ny \u00e9vvel ezel\u0151tti c\u00e9gv\u00e1s\u00e1rl\u00e1sai miatt &#8211; \u00e9rtes\u00fclt az M1 H\u00edrad\u00f3.<\/p>\n","protected":false},"author":1,"featured_media":0,"comment_status":"open","ping_status":"closed","sticky":false,"template":"","format":"standard","meta":[],"categories":[1],"tags":[],"_links":{"self":[{"href":"https:\/\/gazdasagportal.hu\/index.php\/wp-json\/wp\/v2\/posts\/52069"}],"collection":[{"href":"https:\/\/gazdasagportal.hu\/index.php\/wp-json\/wp\/v2\/posts"}],"about":[{"href":"https:\/\/gazdasagportal.hu\/index.php\/wp-json\/wp\/v2\/types\/post"}],"author":[{"embeddable":true,"href":"https:\/\/gazdasagportal.hu\/index.php\/wp-json\/wp\/v2\/users\/1"}],"replies":[{"embeddable":true,"href":"https:\/\/gazdasagportal.hu\/index.php\/wp-json\/wp\/v2\/comments?post=52069"}],"version-history":[{"count":1,"href":"https:\/\/gazdasagportal.hu\/index.php\/wp-json\/wp\/v2\/posts\/52069\/revisions"}],"predecessor-version":[{"id":52070,"href":"https:\/\/gazdasagportal.hu\/index.php\/wp-json\/wp\/v2\/posts\/52069\/revisions\/52070"}],"wp:attachment":[{"href":"https:\/\/gazdasagportal.hu\/index.php\/wp-json\/wp\/v2\/media?parent=52069"}],"wp:term":[{"taxonomy":"category","embeddable":true,"href":"https:\/\/gazdasagportal.hu\/index.php\/wp-json\/wp\/v2\/categories?post=52069"},{"taxonomy":"post_tag","embeddable":true,"href":"https:\/\/gazdasagportal.hu\/index.php\/wp-json\/wp\/v2\/tags?post=52069"}],"curies":[{"name":"wp","href":"https:\/\/api.w.org\/{rel}","templated":true}]}}