{"id":51535,"date":"2014-12-03T05:38:35","date_gmt":"2014-12-03T04:38:35","guid":{"rendered":"http:\/\/stockportal.hu\/?p=51535"},"modified":"2014-12-03T05:38:35","modified_gmt":"2014-12-03T04:38:35","slug":"az-uzletek-vasarnapi-zarva-tartasarol-kezd-targyalni-a-parlament","status":"publish","type":"post","link":"https:\/\/gazdasagportal.hu\/index.php\/az-uzletek-vasarnapi-zarva-tartasarol-kezd-targyalni-a-parlament\/","title":{"rendered":"Az \u00fczletek vas\u00e1rnapi z\u00e1rva tart\u00e1s\u00e1r\u00f3l kezd t\u00e1rgyalni a parlament"},"content":{"rendered":"<p><strong>Az Orsz\u00e1ggy\u0171l\u00e9s mai \u00fcl\u00e9snapja elej\u00e9n ellenz\u00e9ki kezdem\u00e9nyez\u00e9sre a kiv\u00e1ndorl\u00e1sr\u00f3l tart n\u00e9gy\u00f3r\u00e1s vit\u00e1t, majd a k\u00e9pvisel\u0151k egyebek mellett az \u00fczletek vas\u00e1rnapi z\u00e1rva tart\u00e1s\u00e1r\u00f3l sz\u00f3l\u00f3 javaslatot is megt\u00e1rgyalj\u00e1k.<\/strong><!--more--><\/p>\n<div class=\"ads-in-post1\"><div id=\"gazdasagportal.hu_fullbanner_wideboard\"><\/div>\r\n<\/div>\n<p>    A H\u00e1z e heti utols\u00f3 \u00fcl\u00e9snapja reggel 9 \u00f3rakor kezd\u0151dik, els\u0151k\u00e9nt a Magyarorsz\u00e1gr\u00f3l t\u00f6rt\u00e9n\u0151 elv\u00e1ndorl\u00e1s okair\u00f3l \u00e9s a folyamat meg\u00e1ll\u00edt\u00e1s\u00e1nak lehets\u00e9ges megold\u00e1s\u00e1r\u00f3l sz\u00f3l\u00f3 vit\u00e1t bonyol\u00edthatj\u00e1k le a k\u00e9pvisel\u0151k a Jobbik, az MSZP \u00e9s az LMP kezdem\u00e9nyez\u00e9s\u00e9re.<br \/>\n    Ezt k\u00f6vet\u0151en kezdhetik t\u00e1rgyalni azt a fideszes kezdem\u00e9nyez\u00e9st, amely szerint m\u00e1rcius 23. a magyar z\u00e1szl\u00f3 \u00e9s c\u00edmer napja lehet, arra eml\u00e9kezve, hogy 1848-ban ezen a napon fogadt\u00e1k el azt a t\u00f6rv\u00e9nyt, amely k\u00f6telez\u0151v\u00e9 tette a nemzeti lobog\u00f3t a k\u00f6zint\u00e9zm\u00e9nyeken. Ugyancsak \u00e1ltal\u00e1nos vita kezd\u0151dhet arr\u00f3l az \u00faj c\u00edmen beterjesztett korm\u00e1nyp\u00e1rti ind\u00edtv\u00e1nyr\u00f3l, amely a h\u0171s\u00e9g falvai elnevez\u00e9st adn\u00e1 az els\u0151 vil\u00e1gh\u00e1bor\u00fa ut\u00e1n Magyarorsz\u00e1ghoz visszat\u00e9r\u0151 nyugat-magyarorsz\u00e1gi telep\u00fcl\u00e9seknek.<br \/>\n    A parlament k\u00e9t fideszes k\u00e9pvisel\u0151 kezdem\u00e9nyez\u00e9s\u00e9re t\u00e1rgyalja meg a n\u00e9gy k\u00f6zszolg\u00e1lati m\u00e9diaszolg\u00e1ltat\u00f3 &#8211; a Magyar Telev\u00edzi\u00f3 Nonprofit Zrt., a Magyar R\u00e1di\u00f3 Nonprofit Zrt., a Magyar T\u00e1virati Iroda Nonprofit Zrt. \u00e9s a Duna Telev\u00edzi\u00f3 Nonprofit Zrt. &#8211; egyes\u00edt\u00e9s\u00e9re vonatkoz\u00f3 javaslatot is. Az el\u0151terjeszt\u00e9s alapj\u00e1n a jelenlegi Duna Telev\u00edzi\u00f3 Nonprofit Zrt.-be beolvadna a m\u00e1sik h\u00e1rom gazdas\u00e1gi t\u00e1rsas\u00e1g, \u00e9s Duna M\u00e9diaszolg\u00e1ltat\u00f3 Z\u00e1rtk\u00f6r\u0171en M\u0171k\u00f6d\u0151 Nonprofit R\u00e9szv\u00e9nyt\u00e1rsas\u00e1g elnevez\u00e9ssel egyed\u00fcli k\u00f6zszolg\u00e1lati m\u00e9diaszolg\u00e1ltat\u00f3k\u00e9nt folytatn\u00e1 tev\u00e9kenys\u00e9g\u00e9t.<br \/>\n    Az \u00fcl\u00e9s utols\u00f3 napirendi pontja az \u00fczletek vas\u00e1rnapi z\u00e1rva tart\u00e1s\u00e1r\u00f3l sz\u00f3l\u00f3 kereszt\u00e9nydemokrata javaslat. A kisebbik korm\u00e1nyp\u00e1rt k\u00e9pvisel\u0151i beny\u00fajtott javaslatukban azt kezdem\u00e9nyezt\u00e9k, hogy a 400 n\u00e9gyzetm\u00e9teresn\u00e9l nagyobb \u00fczletek vas\u00e1rnap \u00e9s a munkasz\u00fcneti napokon ne nyitassanak ki. Rog\u00e1n Antal, a Fidesz frakci\u00f3vezet\u0151je ugyanakkor a h\u00e9ten bejelentette, a Fidesz azt szeretn\u00e9, hogy vas\u00e1rnap senkit ne lehessen dolgoztatni, ennek els\u0151 l\u00e9p\u00e9sek\u00e9nt pedig olyan tartalm\u00fa m\u00f3dos\u00edt\u00f3 javaslatot ny\u00fajtanak be, amely alapj\u00e1n a h\u00e9t utols\u00f3 napj\u00e1n semmilyen \u00fczlet nem lenne nyitva, ahol nem a tulajdonos vagy annak csal\u00e1dtagjai dolgoznak.(MTI)<\/p>\n","protected":false},"excerpt":{"rendered":"<p>Az Orsz\u00e1ggy\u0171l\u00e9s mai \u00fcl\u00e9snapja elej\u00e9n ellenz\u00e9ki kezdem\u00e9nyez\u00e9sre a kiv\u00e1ndorl\u00e1sr\u00f3l tart n\u00e9gy\u00f3r\u00e1s vit\u00e1t, majd a k\u00e9pvisel\u0151k egyebek mellett az \u00fczletek vas\u00e1rnapi z\u00e1rva tart\u00e1s\u00e1r\u00f3l sz\u00f3l\u00f3 javaslatot is megt\u00e1rgyalj\u00e1k.<\/p>\n","protected":false},"author":1,"featured_media":0,"comment_status":"open","ping_status":"closed","sticky":false,"template":"","format":"standard","meta":[],"categories":[1],"tags":[309],"_links":{"self":[{"href":"https:\/\/gazdasagportal.hu\/index.php\/wp-json\/wp\/v2\/posts\/51535"}],"collection":[{"href":"https:\/\/gazdasagportal.hu\/index.php\/wp-json\/wp\/v2\/posts"}],"about":[{"href":"https:\/\/gazdasagportal.hu\/index.php\/wp-json\/wp\/v2\/types\/post"}],"author":[{"embeddable":true,"href":"https:\/\/gazdasagportal.hu\/index.php\/wp-json\/wp\/v2\/users\/1"}],"replies":[{"embeddable":true,"href":"https:\/\/gazdasagportal.hu\/index.php\/wp-json\/wp\/v2\/comments?post=51535"}],"version-history":[{"count":1,"href":"https:\/\/gazdasagportal.hu\/index.php\/wp-json\/wp\/v2\/posts\/51535\/revisions"}],"predecessor-version":[{"id":51536,"href":"https:\/\/gazdasagportal.hu\/index.php\/wp-json\/wp\/v2\/posts\/51535\/revisions\/51536"}],"wp:attachment":[{"href":"https:\/\/gazdasagportal.hu\/index.php\/wp-json\/wp\/v2\/media?parent=51535"}],"wp:term":[{"taxonomy":"category","embeddable":true,"href":"https:\/\/gazdasagportal.hu\/index.php\/wp-json\/wp\/v2\/categories?post=51535"},{"taxonomy":"post_tag","embeddable":true,"href":"https:\/\/gazdasagportal.hu\/index.php\/wp-json\/wp\/v2\/tags?post=51535"}],"curies":[{"name":"wp","href":"https:\/\/api.w.org\/{rel}","templated":true}]}}