{"id":51525,"date":"2014-12-03T04:24:21","date_gmt":"2014-12-03T03:24:21","guid":{"rendered":"http:\/\/stockportal.hu\/?p=51525"},"modified":"2014-12-02T21:37:48","modified_gmt":"2014-12-02T20:37:48","slug":"putyin-vereseget-szenvedett","status":"publish","type":"post","link":"https:\/\/gazdasagportal.hu\/index.php\/putyin-vereseget-szenvedett\/","title":{"rendered":"Putyin veres\u00e9get szenvedett"},"content":{"rendered":"<p><strong>A D\u00e9li \u00c1ramlat kudarca Vlagyimir Putyin szem\u00e9lyes veres\u00e9ge  &#8211; \u00e9rt\u00e9kelte az orosz eln\u00f6k bejelent\u00e9s\u00e9t a f\u00f6ldg\u00e1zvezet\u00e9k terv\u00e9nek felad\u00e1s\u00e1r\u00f3l a Frankfurter Allgemeine Zeitung (FAZ) c\u00edm\u0171 n\u00e9met lap kedden.<\/strong><!--more--><\/p>\n<div class=\"ads-in-post1\"><div id=\"gazdasagportal.hu_fullbanner_wideboard\"><\/div>\r\n<\/div>\n<p>    A n\u00e9met sajt\u00f3ban kora d\u00e9lut\u00e1nig csak a FAZ komment\u00e1lta r\u00e9szletesebben az Ankar\u00e1ban h\u00e9tf\u0151 este bejelentett d\u00f6nt\u00e9st. A tekint\u00e9lyes konzervat\u00edv lap az online kiad\u00e1s\u00e1ban k\u00f6z\u00f6lt \u00edr\u00e1s\u00e1ban kiemelte, hogy a D\u00e9li \u00c1ramlat az orosz &#8222;energia-k\u00fclpolitika&#8221; k\u00f6zponti fontoss\u00e1g\u00fa eleme volt, \u00e9s kezdett\u0151l fogva voltak ellenz\u0151i.<br \/>\n    Az EU azt kifog\u00e1solta az orosz elk\u00e9pzel\u00e9sben, hogy a Gazprom nemcsak haszn\u00e1ln\u00e1 a f\u00f6ldg\u00e1zsz\u00e1ll\u00edt\u00f3 vezet\u00e9ket, hanem az \u00fczemeltet\u0151i funkci\u00f3t is bet\u00f6lten\u00e9, ami ugyan r\u00e9szben technikai k\u00e9rd\u00e9s, de az ukr\u00e1n v\u00e1ls\u00e1g r\u00e9v\u00e9n a &#8222;nagypolitika&#8221; egyre fontosabb szerepbe ker\u00fclt az am\u00fagy is \u00e1tpolitiz\u00e1lt beruh\u00e1z\u00e1s \u00fcgy\u00e9ben.<br \/>\n    Az ut\u00f3bbi h\u00f3napokban Bulg\u00e1ria h\u00fazta kereszt\u00fcl a Kreml sz\u00e1m\u00edt\u00e1sait, \u00e9s Roszen Plevneliev bolg\u00e1r eln\u00f6k a FAZ-nak adott okt\u00f3beri interj\u00faj\u00e1ban kiemelte, hogy &#8222;Oroszorsz\u00e1g nagy hib\u00e1t k\u00f6vet el&#8221;, amikor &#8222;al\u00e1becs\u00fcli az Eur\u00f3pai Bizotts\u00e1got&#8221;.<br \/>\n    Moszkv\u00e1nak &#8222;meg kell tanulnia, hogy Eur\u00f3p\u00e1ban er\u0151s a bizotts\u00e1g \u00e9s er\u0151s az akarat a jog\u00e1llami elj\u00e1r\u00e1sok betartat\u00e1s\u00e1ra&#8221; &#8211; id\u00e9zte az frankfurti lap a bolg\u00e1r \u00e1llamf\u0151t.<br \/>\n    Plevneliev \u00fagy v\u00e9lte, hogy a D\u00e9li \u00c1ramlat v\u00e9g\u00fcl m\u00e9giscsak meg\u00e9p\u00fcl, ez azonban t\u00e9ved\u00e9snek bizonyult &#8211; tette hozz\u00e1 a FAZ. Kiemelte: Putyin \u00e9s Alexej Miller, a Gazprom vezet\u0151j\u00e9nek ankarai bejelent\u00e9se arra utal, hogy &#8222;a Kreml komolyan veszi Br\u00fcsszel hat\u00e1rozotts\u00e1g\u00e1t&#8221;, \u00e9s a terv felad\u00e1sa veres\u00e9g Vlagyimir Putyin sz\u00e1m\u00e1ra, aki \u00e9vekig szem\u00e9lyesen k\u00fczd\u00f6tt a beruh\u00e1z\u00e1s\u00e9rt.<br \/>\n    A lap szerint Bojko Boriszov bolg\u00e1r minisztereln\u00f6k eur\u00f3pai uni\u00f3s elk\u00f6telezetts\u00e9g\u00e9t is komolyan kell venni, hiszen Bulg\u00e1ria tranzitorsz\u00e1gk\u00e9nt profit\u00e1lt volna a D\u00e9li \u00c1ramlatb\u00f3l.<br \/>\n    Ugyanakkor Boriszovnak nem volt m\u00e1s v\u00e1laszt\u00e1sa, mint a beruh\u00e1z\u00e1s elutas\u00edt\u00e1sa, hiszen &#8222;a kis balk\u00e1ni orsz\u00e1gnak egy hatalmi harcban nem lett volna es\u00e9lye Br\u00fcsszellel szemben&#8221; &#8211; \u00edrta a FAZ.(MTI)<\/p>\n","protected":false},"excerpt":{"rendered":"<p>A D\u00e9li \u00c1ramlat kudarca Vlagyimir Putyin szem\u00e9lyes veres\u00e9ge &#8211; \u00e9rt\u00e9kelte az orosz eln\u00f6k bejelent\u00e9s\u00e9t a f\u00f6ldg\u00e1zvezet\u00e9k terv\u00e9nek felad\u00e1s\u00e1r\u00f3l a Frankfurter Allgemeine Zeitung (FAZ) c\u00edm\u0171 n\u00e9met lap kedden.<\/p>\n","protected":false},"author":1,"featured_media":0,"comment_status":"open","ping_status":"closed","sticky":false,"template":"","format":"standard","meta":[],"categories":[1],"tags":[244],"_links":{"self":[{"href":"https:\/\/gazdasagportal.hu\/index.php\/wp-json\/wp\/v2\/posts\/51525"}],"collection":[{"href":"https:\/\/gazdasagportal.hu\/index.php\/wp-json\/wp\/v2\/posts"}],"about":[{"href":"https:\/\/gazdasagportal.hu\/index.php\/wp-json\/wp\/v2\/types\/post"}],"author":[{"embeddable":true,"href":"https:\/\/gazdasagportal.hu\/index.php\/wp-json\/wp\/v2\/users\/1"}],"replies":[{"embeddable":true,"href":"https:\/\/gazdasagportal.hu\/index.php\/wp-json\/wp\/v2\/comments?post=51525"}],"version-history":[{"count":1,"href":"https:\/\/gazdasagportal.hu\/index.php\/wp-json\/wp\/v2\/posts\/51525\/revisions"}],"predecessor-version":[{"id":51526,"href":"https:\/\/gazdasagportal.hu\/index.php\/wp-json\/wp\/v2\/posts\/51525\/revisions\/51526"}],"wp:attachment":[{"href":"https:\/\/gazdasagportal.hu\/index.php\/wp-json\/wp\/v2\/media?parent=51525"}],"wp:term":[{"taxonomy":"category","embeddable":true,"href":"https:\/\/gazdasagportal.hu\/index.php\/wp-json\/wp\/v2\/categories?post=51525"},{"taxonomy":"post_tag","embeddable":true,"href":"https:\/\/gazdasagportal.hu\/index.php\/wp-json\/wp\/v2\/tags?post=51525"}],"curies":[{"name":"wp","href":"https:\/\/api.w.org\/{rel}","templated":true}]}}