{"id":51508,"date":"2014-12-03T05:04:50","date_gmt":"2014-12-03T04:04:50","guid":{"rendered":"http:\/\/stockportal.hu\/?p=51508"},"modified":"2014-12-02T21:05:21","modified_gmt":"2014-12-02T20:05:21","slug":"feljelentest-tett-a-nebih-elelmiszer-szennyezes-miatt","status":"publish","type":"post","link":"https:\/\/gazdasagportal.hu\/index.php\/feljelentest-tett-a-nebih-elelmiszer-szennyezes-miatt\/","title":{"rendered":"Feljelent\u00e9st tett a N\u00e9bih \u00e9lelmiszer-szennyez\u00e9s miatt"},"content":{"rendered":"<p><strong>A Nemzeti \u00c9lelmiszerl\u00e1nc-biztons\u00e1gi Hivatalhoz (N\u00e9bih) lakoss\u00e1gi bejelent\u00e9s \u00e9rkezett, amely szerint egy \u00fczletl\u00e1nc budapesti \u00fczleteiben kaphat\u00f3 saj\u00e1tm\u00e1rk\u00e1s palackozott v\u00edz- \u00e9s \u00e9lelmiszer-term\u00e9kein\u00e9l sz\u00e1nd\u00e9kos szennyez\u00e9s t\u00f6rt\u00e9nhetett &#8211; t\u00e1j\u00e9koztatott a hivatal kedden.<\/strong><!--more--><\/p>\n<div class=\"ads-in-post1\"><div id=\"gazdasagportal.hu_fullbanner_wideboard\"><\/div>\r\n<\/div>\n<p>    A k\u00f6zlem\u00e9ny szerint a N\u00e9bih \u00e9rtes\u00edtette a bejelent\u00e9sben megnevezett \u00e1ruh\u00e1zl\u00e1ncot, valamint rend\u0151rs\u00e9gi feljelent\u00e9st tett.<br \/>\n    Az \u00e9lelmiszerl\u00e1nc-biztons\u00e1gi hivatal felh\u00edvja a fogyaszt\u00f3k figyelm\u00e9t, hogy az el\u0151re csomagolt \u00e1rukn\u00e1l fokozottan figyeljenek a csomagol\u00e1s s\u00e9rtetlens\u00e9g\u00e9re, csak ennek ellen\u0151rz\u00e9se ut\u00e1n v\u00e1s\u00e1rolj\u00e1k meg, illetve fogyassz\u00e1k el az \u00e9lelmiszereket.<br \/>\n    Az MTI megkeres\u00e9s\u00e9re az Orsz\u00e1gos Rend\u0151r-f\u0151kapit\u00e1nys\u00e1g kommunik\u00e1ci\u00f3s szolg\u00e1lata arr\u00f3l t\u00e1j\u00e9koztatott, hogy az \u00fcgyben a N\u00e9bih kedden bejelent\u00e9st tett a rend\u0151rs\u00e9gen, ennek kapcs\u00e1n a K\u00e9szenl\u00e9ti Rend\u0151rs\u00e9g Nemzeti Nyomoz\u00f3 Iroda s\u00falyos testi s\u00e9rt\u00e9s b\u0171ntett k\u00eds\u00e9rlete miatt ind\u00edtott b\u00fcntet\u0151elj\u00e1r\u00e1st ismeretlen tettes ellen.(MTI)<\/p>\n","protected":false},"excerpt":{"rendered":"<p>A Nemzeti \u00c9lelmiszerl\u00e1nc-biztons\u00e1gi Hivatalhoz (N\u00e9bih) lakoss\u00e1gi bejelent\u00e9s \u00e9rkezett, amely szerint egy \u00fczletl\u00e1nc budapesti \u00fczleteiben kaphat\u00f3 saj\u00e1tm\u00e1rk\u00e1s palackozott v\u00edz- \u00e9s \u00e9lelmiszer-term\u00e9kein\u00e9l sz\u00e1nd\u00e9kos szennyez\u00e9s t\u00f6rt\u00e9nhetett &#8211; t\u00e1j\u00e9koztatott a hivatal kedden.<\/p>\n","protected":false},"author":1,"featured_media":0,"comment_status":"open","ping_status":"closed","sticky":false,"template":"","format":"standard","meta":[],"categories":[4],"tags":[],"_links":{"self":[{"href":"https:\/\/gazdasagportal.hu\/index.php\/wp-json\/wp\/v2\/posts\/51508"}],"collection":[{"href":"https:\/\/gazdasagportal.hu\/index.php\/wp-json\/wp\/v2\/posts"}],"about":[{"href":"https:\/\/gazdasagportal.hu\/index.php\/wp-json\/wp\/v2\/types\/post"}],"author":[{"embeddable":true,"href":"https:\/\/gazdasagportal.hu\/index.php\/wp-json\/wp\/v2\/users\/1"}],"replies":[{"embeddable":true,"href":"https:\/\/gazdasagportal.hu\/index.php\/wp-json\/wp\/v2\/comments?post=51508"}],"version-history":[{"count":1,"href":"https:\/\/gazdasagportal.hu\/index.php\/wp-json\/wp\/v2\/posts\/51508\/revisions"}],"predecessor-version":[{"id":51509,"href":"https:\/\/gazdasagportal.hu\/index.php\/wp-json\/wp\/v2\/posts\/51508\/revisions\/51509"}],"wp:attachment":[{"href":"https:\/\/gazdasagportal.hu\/index.php\/wp-json\/wp\/v2\/media?parent=51508"}],"wp:term":[{"taxonomy":"category","embeddable":true,"href":"https:\/\/gazdasagportal.hu\/index.php\/wp-json\/wp\/v2\/categories?post=51508"},{"taxonomy":"post_tag","embeddable":true,"href":"https:\/\/gazdasagportal.hu\/index.php\/wp-json\/wp\/v2\/tags?post=51508"}],"curies":[{"name":"wp","href":"https:\/\/api.w.org\/{rel}","templated":true}]}}