{"id":51504,"date":"2014-12-03T04:32:24","date_gmt":"2014-12-03T03:32:24","guid":{"rendered":"http:\/\/stockportal.hu\/?p=51504"},"modified":"2014-12-02T21:03:10","modified_gmt":"2014-12-02T20:03:10","slug":"jovore-700-ezer-lengyel-vandorolna-ki-munkavallalas-miatt","status":"publish","type":"post","link":"https:\/\/gazdasagportal.hu\/index.php\/jovore-700-ezer-lengyel-vandorolna-ki-munkavallalas-miatt\/","title":{"rendered":"J\u00f6v\u0151re 700 ezer lengyel v\u00e1ndorolna ki munkav\u00e1llal\u00e1s miatt"},"content":{"rendered":"<p><strong>Mintegy 700 ezer lengyel biztosra veszi, hogy munkav\u00e1llal\u00e1s c\u00e9lj\u00e1b\u00f3l j\u00f6v\u0151re kiv\u00e1ndorol, csatlakozva \u00edgy az ut\u00f3bbi \u00e9vekben m\u00e1r kiutazott 2,3 milli\u00f3nyi honfit\u00e1rs\u00e1hoz. Egy tov\u00e1bbi, mintegy 2,8 milli\u00f3nyi csoport pedig komolyan fontolgatja a kiv\u00e1ndorl\u00e1st  &#8211; k\u00f6z\u00f6lte kedden a wpolityce.pl lengyel h\u00edrport\u00e1l.<\/strong><!--more--><\/p>\n<div class=\"ads-in-post1\"><div id=\"gazdasagportal.hu_fullbanner_wideboard\"><\/div>\r\n<\/div>\n<p>    A lap h\u00edrport\u00e1lj\u00e1n k\u00f6zz\u00e9tett anyag a Work Service nemzetk\u00f6zi munkak\u00f6zvet\u00edt\u0151 c\u00e9g megrendel\u00e9s\u00e9re k\u00e9sz\u00fclt felm\u00e9r\u00e9st id\u00e9zve azt \u00edrja, az emigr\u00e1ci\u00f3ra k\u00e9szen \u00e1ll\u00f3k d\u00f6nt\u0151 t\u00f6bbs\u00e9ge (84 sz\u00e1zal\u00e9ka) a jobb meg\u00e9lhet\u00e9s \u00e9rdek\u00e9ben hagyn\u00e1 el haz\u00e1j\u00e1t.<br \/>\n    A Work Service sz\u00e1m\u00e1ra k\u00e9sz\u00edtett felm\u00e9r\u00e9s szerint a kiv\u00e1ndorolni k\u00e9sz\u00fcl\u0151k 75 sz\u00e1zal\u00e9ka 35 \u00e9vn\u00e9l fiatalabb, 31 sz\u00e1zal\u00e9ka v\u00e9gz\u0151 di\u00e1k. Ez megegyezik az id\u00e9zett cikk \u00e9szrev\u00e9tel\u00e9vel, miszerint Lengyelorsz\u00e1got legink\u00e1bb a fiatalok hagyj\u00e1k el. A 2,3 milli\u00f3 eddig kiv\u00e1ndorolt lengyel k\u00f6z\u00fcl 1,4 milli\u00f3an 39 \u00e9v alattiak, bele\u00e9rtve a 230 ezernyi, eg\u00e9sz csal\u00e1djukkal egy\u00fctt \u00e1ttelep\u00fclt &#8211; vagyis v\u00e9lhet\u0151en t\u00f6bb\u00e9 haza nem t\u00e9r\u0151 &#8211; 15 \u00e9ven aluliakat.<br \/>\n    A fenti cikk egy m\u00e1sik kutat\u00e1st is id\u00e9z, melyet Krystyna Iglicka-Okolska migr\u00e1ci\u00f3val foglalkoz\u00f3 professzor v\u00e9gzett. Eszerint a k\u00f6vetkez\u0151 5 \u00e9vben 500-800 ezernyi fiatalember hagyhatja el v\u00e9glegesen Lengyelorsz\u00e1got. Ennek f\u0151 oka, hogy a fiatalok t\u00f6bbs\u00e9ge \u00fagy l\u00e1tja, csak k\u00fclf\u00f6ld\u00f6n tudna meg\u00e9lni, csal\u00e1dot alap\u00edtani, lak\u00e1shoz jutni.<br \/>\n    A Work Service felm\u00e9r\u00e9se szerint a kiv\u00e1ndorolni sz\u00e1nd\u00e9koz\u00f3k t\u00f6bbs\u00e9ge (83 sz\u00e1zal\u00e9ka) az uni\u00f3s tagorsz\u00e1gokba menne ki, legnagyobb r\u00e9sz\u00fck N\u00e9metorsz\u00e1gba (26 sz\u00e1zal\u00e9k), az Egyes\u00fclt Kir\u00e1lys\u00e1gba (24 sz\u00e1zal\u00e9k), illetve Hollandi\u00e1ba (23 sz\u00e1zal\u00e9k) v\u00e1ndorolna ki.(MTI)<br \/>\n     http:\/\/www.workservice.pl\/Dla-pracodawcow\/Ekspert-HR-komentuje\/Mlodzi-chca-emigrowac-za-pracahttp:\/\/wpolityce.pl\/polityka\/224308-czeka-nas-kolejna-fala-emigracji-nasilajace-sie-procesy-emigracyjneto-swoiste-podsumowanie-rzadow-po-i-psl-uhttp:\/\/demografia.stat.gov.pl\/bazademografia\/Tables.aspx<\/p>\n","protected":false},"excerpt":{"rendered":"<p>Mintegy 700 ezer lengyel biztosra veszi, hogy munkav\u00e1llal\u00e1s c\u00e9lj\u00e1b\u00f3l j\u00f6v\u0151re kiv\u00e1ndorol, csatlakozva \u00edgy az ut\u00f3bbi \u00e9vekben m\u00e1r kiutazott 2,3 milli\u00f3nyi honfit\u00e1rs\u00e1hoz. Egy tov\u00e1bbi, mintegy 2,8 milli\u00f3nyi csoport pedig komolyan fontolgatja a kiv\u00e1ndorl\u00e1st &#8211; k\u00f6z\u00f6lte kedden a wpolityce.pl lengyel h\u00edrport\u00e1l.<\/p>\n","protected":false},"author":1,"featured_media":0,"comment_status":"open","ping_status":"closed","sticky":false,"template":"","format":"standard","meta":[],"categories":[1],"tags":[],"_links":{"self":[{"href":"https:\/\/gazdasagportal.hu\/index.php\/wp-json\/wp\/v2\/posts\/51504"}],"collection":[{"href":"https:\/\/gazdasagportal.hu\/index.php\/wp-json\/wp\/v2\/posts"}],"about":[{"href":"https:\/\/gazdasagportal.hu\/index.php\/wp-json\/wp\/v2\/types\/post"}],"author":[{"embeddable":true,"href":"https:\/\/gazdasagportal.hu\/index.php\/wp-json\/wp\/v2\/users\/1"}],"replies":[{"embeddable":true,"href":"https:\/\/gazdasagportal.hu\/index.php\/wp-json\/wp\/v2\/comments?post=51504"}],"version-history":[{"count":1,"href":"https:\/\/gazdasagportal.hu\/index.php\/wp-json\/wp\/v2\/posts\/51504\/revisions"}],"predecessor-version":[{"id":51505,"href":"https:\/\/gazdasagportal.hu\/index.php\/wp-json\/wp\/v2\/posts\/51504\/revisions\/51505"}],"wp:attachment":[{"href":"https:\/\/gazdasagportal.hu\/index.php\/wp-json\/wp\/v2\/media?parent=51504"}],"wp:term":[{"taxonomy":"category","embeddable":true,"href":"https:\/\/gazdasagportal.hu\/index.php\/wp-json\/wp\/v2\/categories?post=51504"},{"taxonomy":"post_tag","embeddable":true,"href":"https:\/\/gazdasagportal.hu\/index.php\/wp-json\/wp\/v2\/tags?post=51504"}],"curies":[{"name":"wp","href":"https:\/\/api.w.org\/{rel}","templated":true}]}}