{"id":51500,"date":"2014-12-03T04:14:07","date_gmt":"2014-12-03T03:14:07","guid":{"rendered":"http:\/\/stockportal.hu\/?p=51500"},"modified":"2014-12-02T21:01:09","modified_gmt":"2014-12-02T20:01:09","slug":"januar-vegetol-mar-a-meghosszabbitott-vonalon-a-fehervari-utig-kozlekedik-az-1-es-villamos","status":"publish","type":"post","link":"https:\/\/gazdasagportal.hu\/index.php\/januar-vegetol-mar-a-meghosszabbitott-vonalon-a-fehervari-utig-kozlekedik-az-1-es-villamos\/","title":{"rendered":"Janu\u00e1r v\u00e9g\u00e9t\u0151l m\u00e1r a meghosszabb\u00edtott vonalon, a Feh\u00e9rv\u00e1ri \u00fatig k\u00f6zlekedik az 1-es villamos"},"content":{"rendered":"<p><strong>V\u00e1rhat\u00f3an janu\u00e1r v\u00e9g\u00e9t\u0151l m\u00e1r a meghosszabb\u00edtott vonalon, a Feh\u00e9rv\u00e1ri \u00fatig k\u00f6zlekedik az 1-es villamos Budapesten &#8211; k\u00f6z\u00f6lte kedden a Budapesti K\u00f6zleked\u00e9si K\u00f6zpont (BKK) az MTI-vel.<\/strong><!--more--><\/p>\n<div class=\"ads-in-post1\"><div id=\"gazdasagportal.hu_fullbanner_wideboard\"><\/div>\r\n<\/div>\n<p>    A meghosszabb\u00edtott vonalon utasforgalmi pr\u00f3ba\u00fczemben indul el a villamosk\u00f6zleked\u00e9s, azaz egy\u00e9b, a forgalmat nem zavar\u00f3 munk\u00e1kat m\u00e9g a vonalhosszabb\u00edt\u00e1s \u00e1tad\u00e1sa ut\u00e1n is el kell v\u00e9gezni.<br \/>\n    Az \u00faj menetrendi javaslat szerint megsz\u0171nik az 1A villamos, de a s\u0171r\u0171s\u00e9g nem v\u00e1ltozik, h\u00e9tv\u00e9g\u00e9n pedig cs\u00f6kken a k\u00f6vet\u00e9si id\u0151 \u00e9s 2015 els\u0151 fel\u00e9t\u0151l h\u00e9tv\u00e9g\u00e9n alacsonypadl\u00f3s Combino villamosok is j\u00e1rnak majd a vonalon. A 103-as busz megsz\u0171nik, Kelenf\u00f6ld vas\u00fat\u00e1llom\u00e1sr\u00f3l a Hengermalom \u00fatig pedig villamosp\u00f3tl\u00f3busz indul 1-es jelz\u00e9ssel. Az ezt is tartalmaz\u00f3 javaslatot kedden bocs\u00e1totta t\u00e1rsadalmi vit\u00e1ra a BKK.<br \/>\n    A meghosszabb\u00edtott \u00fatvonalon a villamos az Infoparkn\u00e1l, a Budafoki \u00fat-Domb\u00f3v\u00e1ri \u00fat keresztez\u0151d\u00e9s\u00e9ben, a Hauszmann Alajos utc\u00e1n\u00e1l, a Hengermalom \u00fatn\u00e1l \u00e9s a Feh\u00e9rv\u00e1ri \u00fatn\u00e1l \u00e1ll meg.(MTI)<\/p>\n","protected":false},"excerpt":{"rendered":"<p>V\u00e1rhat\u00f3an janu\u00e1r v\u00e9g\u00e9t\u0151l m\u00e1r a meghosszabb\u00edtott vonalon, a Feh\u00e9rv\u00e1ri \u00fatig k\u00f6zlekedik az 1-es villamos Budapesten &#8211; k\u00f6z\u00f6lte kedden a Budapesti K\u00f6zleked\u00e9si K\u00f6zpont (BKK) az MTI-vel.<\/p>\n","protected":false},"author":1,"featured_media":0,"comment_status":"open","ping_status":"closed","sticky":false,"template":"","format":"standard","meta":[],"categories":[4,151],"tags":[],"_links":{"self":[{"href":"https:\/\/gazdasagportal.hu\/index.php\/wp-json\/wp\/v2\/posts\/51500"}],"collection":[{"href":"https:\/\/gazdasagportal.hu\/index.php\/wp-json\/wp\/v2\/posts"}],"about":[{"href":"https:\/\/gazdasagportal.hu\/index.php\/wp-json\/wp\/v2\/types\/post"}],"author":[{"embeddable":true,"href":"https:\/\/gazdasagportal.hu\/index.php\/wp-json\/wp\/v2\/users\/1"}],"replies":[{"embeddable":true,"href":"https:\/\/gazdasagportal.hu\/index.php\/wp-json\/wp\/v2\/comments?post=51500"}],"version-history":[{"count":1,"href":"https:\/\/gazdasagportal.hu\/index.php\/wp-json\/wp\/v2\/posts\/51500\/revisions"}],"predecessor-version":[{"id":51501,"href":"https:\/\/gazdasagportal.hu\/index.php\/wp-json\/wp\/v2\/posts\/51500\/revisions\/51501"}],"wp:attachment":[{"href":"https:\/\/gazdasagportal.hu\/index.php\/wp-json\/wp\/v2\/media?parent=51500"}],"wp:term":[{"taxonomy":"category","embeddable":true,"href":"https:\/\/gazdasagportal.hu\/index.php\/wp-json\/wp\/v2\/categories?post=51500"},{"taxonomy":"post_tag","embeddable":true,"href":"https:\/\/gazdasagportal.hu\/index.php\/wp-json\/wp\/v2\/tags?post=51500"}],"curies":[{"name":"wp","href":"https:\/\/api.w.org\/{rel}","templated":true}]}}