{"id":51498,"date":"2014-12-03T03:57:16","date_gmt":"2014-12-03T02:57:16","guid":{"rendered":"http:\/\/stockportal.hu\/?p=51498"},"modified":"2014-12-02T20:59:34","modified_gmt":"2014-12-02T19:59:34","slug":"kecskemet-megpalyazza-a-2018-as-europa-ifjusagi-fovarosa-cimet","status":"publish","type":"post","link":"https:\/\/gazdasagportal.hu\/index.php\/kecskemet-megpalyazza-a-2018-as-europa-ifjusagi-fovarosa-cimet\/","title":{"rendered":"Kecskem\u00e9t megp\u00e1ly\u00e1zza a 2018-as Eur\u00f3pa ifj\u00fas\u00e1gi f\u0151v\u00e1rosa c\u00edmet"},"content":{"rendered":"<p><strong>Kecskem\u00e9t megp\u00e1ly\u00e1zza a 2018-as Eur\u00f3pa ifj\u00fas\u00e1gi f\u0151v\u00e1rosa c\u00edmet, amelyet a strasbourgi Eur\u00f3pa Tan\u00e1cs mellett m\u0171k\u00f6d\u0151 Eur\u00f3pai Ifj\u00fas\u00e1gi F\u00f3rum adom\u00e1nyoz &#8211; jelentette be kedden Szemereyn\u00e9 Pataki Klaudia (Fidesz-KDNP), a v\u00e1ros polg\u00e1rmestere.<\/strong><!--more--><\/p>\n<div class=\"ads-in-post1\"><div id=\"gazdasagportal.hu_fullbanner_wideboard\"><\/div>\r\n<\/div>\n<p>    Az \u00f6nkorm\u00e1nyzat adhatja be a p\u00e1ly\u00e1zatot, de csak a fiatalokkal egy\u00fctt tudj\u00e1k megval\u00f3s\u00edtani az el\u0151k\u00e9sz\u00edt\u00e9st \u00e9s az egy \u00e9ven kereszt\u00fcl tart\u00f3 programsorozatot &#8211; hangs\u00falyozta a polg\u00e1rmester, aki civil szervezetek k\u00e9pvisel\u0151ivel \u00e9s mintegy 70 kezdem\u00e9nyez\u0151 fiatallal tartott egyeztet\u00e9st \u00e9s sajt\u00f3t\u00e1j\u00e9koztat\u00f3t.<br \/>\n    Szemereyn\u00e9 Pataki Klaudia hozz\u00e1tette: az \u00f6nkorm\u00e1nyzat \u00e9s az id\u0151sebbek feladata, hogy biztos\u00edts\u00e1k a megfelel\u0151 k\u00f6rnyezetet ahhoz, hogy a fiatalok kreativit\u00e1sukkal, \u00f6tleteikkel bemutass\u00e1k a v\u00e1ros ifj\u00fas\u00e1gi \u00e9let\u00e9t.<br \/>\n    Janzs\u00f3 \u00c1d\u00e1m, a Nemzeti Ifj\u00fas\u00e1gi Tan\u00e1cs eln\u00f6ke nagyszer\u0171 lehet\u0151s\u00e9gk\u00e9nt \u00e9rt\u00e9kelte, hogy a kecskem\u00e9ti civilek kezdem\u00e9nyez\u00e9s\u00e9t az \u00f6nkorm\u00e1nyzat t\u00e1mogatja.<br \/>\n    Fontosnak nevezte, hogy elindulhat a felk\u00e9sz\u00fcl\u00e9s a p\u00e1ly\u00e1zatra, amelyet 2015 v\u00e9g\u00e9ig kell beny\u00fajtani.<br \/>\n    Farkas G\u00e1bor, a kecskem\u00e9ti Eur\u00f3pa J\u00f6v\u0151je Egyes\u00fclet eln\u00f6ke elmondta: a civil \u00f6sszefog\u00e1s az\u00e9rt j\u00f6tt l\u00e9tre, hogy a v\u00e1ros p\u00e1ly\u00e1zzon.<br \/>\n    A sajt\u00f3t\u00e1j\u00e9koztat\u00f3n elhangzott: az egy \u00e9vre adom\u00e1nyozott c\u00edm lehet\u0151s\u00e9get teremt arra, hogy a nyertes v\u00e1ros bemutassa az ifj\u00fas\u00e1ggal kapcsolatos t\u00e1rsadalmi, politikai, gazdas\u00e1gi \u00e9s kultur\u00e1lis \u00e9let\u00e9t.<br \/>\n    A hat \u00e9ve foly\u00f3 kezdem\u00e9nyez\u00e9s c\u00e9lja, hogy b\u00e1tor\u00edtsa arra a j\u00f6v\u0151 nemzed\u00e9k\u00e9t, hogy v\u00e1llaljon min\u00e9l akt\u00edvabb szerepet a t\u00e1rsadalmi \u00e9let alak\u00edt\u00e1s\u00e1ban.<br \/>\n    Az Eur\u00f3pa ifj\u00fas\u00e1gi f\u0151v\u00e1rosa c\u00edmet el\u0151sz\u00f6r Rotterdam kapta meg 2009-ben. Az\u00f3ta Torino, Antwerpen, Braga, Maribor \u00e9s Szaloniki viselte egy \u00e9vig a c\u00edmet. 2015-ben Kolozsv\u00e1r, 2016-ban az azerbajdzs\u00e1ni Ganja, 2017-ben pedig V\u00e1rna ad otthont a kezdem\u00e9nyez\u00e9snek.(MTI)<\/p>\n","protected":false},"excerpt":{"rendered":"<p>Kecskem\u00e9t megp\u00e1ly\u00e1zza a 2018-as Eur\u00f3pa ifj\u00fas\u00e1gi f\u0151v\u00e1rosa c\u00edmet, amelyet a strasbourgi Eur\u00f3pa Tan\u00e1cs mellett m\u0171k\u00f6d\u0151 Eur\u00f3pai Ifj\u00fas\u00e1gi F\u00f3rum adom\u00e1nyoz &#8211; jelentette be kedden Szemereyn\u00e9 Pataki Klaudia (Fidesz-KDNP), a v\u00e1ros polg\u00e1rmestere.<\/p>\n","protected":false},"author":1,"featured_media":0,"comment_status":"open","ping_status":"closed","sticky":false,"template":"","format":"standard","meta":[],"categories":[4],"tags":[],"_links":{"self":[{"href":"https:\/\/gazdasagportal.hu\/index.php\/wp-json\/wp\/v2\/posts\/51498"}],"collection":[{"href":"https:\/\/gazdasagportal.hu\/index.php\/wp-json\/wp\/v2\/posts"}],"about":[{"href":"https:\/\/gazdasagportal.hu\/index.php\/wp-json\/wp\/v2\/types\/post"}],"author":[{"embeddable":true,"href":"https:\/\/gazdasagportal.hu\/index.php\/wp-json\/wp\/v2\/users\/1"}],"replies":[{"embeddable":true,"href":"https:\/\/gazdasagportal.hu\/index.php\/wp-json\/wp\/v2\/comments?post=51498"}],"version-history":[{"count":1,"href":"https:\/\/gazdasagportal.hu\/index.php\/wp-json\/wp\/v2\/posts\/51498\/revisions"}],"predecessor-version":[{"id":51499,"href":"https:\/\/gazdasagportal.hu\/index.php\/wp-json\/wp\/v2\/posts\/51498\/revisions\/51499"}],"wp:attachment":[{"href":"https:\/\/gazdasagportal.hu\/index.php\/wp-json\/wp\/v2\/media?parent=51498"}],"wp:term":[{"taxonomy":"category","embeddable":true,"href":"https:\/\/gazdasagportal.hu\/index.php\/wp-json\/wp\/v2\/categories?post=51498"},{"taxonomy":"post_tag","embeddable":true,"href":"https:\/\/gazdasagportal.hu\/index.php\/wp-json\/wp\/v2\/tags?post=51498"}],"curies":[{"name":"wp","href":"https:\/\/api.w.org\/{rel}","templated":true}]}}