{"id":51468,"date":"2014-12-02T15:57:36","date_gmt":"2014-12-02T14:57:36","guid":{"rendered":"http:\/\/stockportal.hu\/?p=51468"},"modified":"2014-12-02T15:57:36","modified_gmt":"2014-12-02T14:57:36","slug":"onos-eso-meg-mindig-sok-a-lezart-ut-pest-megyeben-az-m0-son-maglodnal-egyre-nagyobb-a-dugo","status":"publish","type":"post","link":"https:\/\/gazdasagportal.hu\/index.php\/onos-eso-meg-mindig-sok-a-lezart-ut-pest-megyeben-az-m0-son-maglodnal-egyre-nagyobb-a-dugo\/","title":{"rendered":"\u00d3nos es\u0151 &#8211; M\u00e9g mindig sok a lez\u00e1rt \u00fat Pest megy\u00e9ben, az M0-son Magl\u00f3dn\u00e1l egyre nagyobb a dug\u00f3"},"content":{"rendered":"<p><strong>A cs\u00fasz\u00f3s burkolat, az \u00f3nos es\u0151 s\u00faly\u00e1t\u00f3l megd\u0151lt f\u00e1k, leszakadt \u00e1gak \u00e9s vesz\u00e9lyes villanyvezet\u00e9kek miatt a f\u0151v\u00e1ros k\u00f6rny\u00e9k\u00e9n sz\u00e1mos \u00fat, \u00edgy az M0-s egy szakasza tov\u00e1bbra sem j\u00e1rhat\u00f3, a d\u00e9lut\u00e1ni cs\u00facsban f\u0151k\u00e9nt Magl\u00f3d k\u00f6rny\u00e9k\u00e9n v\u00e1rhat\u00f3ak hatalmas torl\u00f3d\u00e1sok &#8211; k\u00f6z\u00f6lte a Pest Megyei Rend\u0151r-f\u0151kapit\u00e1nys\u00e1g \u00e9s a Magyar K\u00f6z\u00fat Nonprofit Zrt. kedd d\u00e9lut\u00e1n az MTI-vel.<br \/>\n<\/strong><!--more--><\/p>\n<div class=\"ads-in-post1\"><div id=\"gazdasagportal.hu_fullbanner_wideboard\"><\/div>\r\n<\/div>\n    Beluzs\u00e1rn\u00e9 Belicza Andrea, a PMRFK sz\u00f3viv\u0151je elmondta: els\u0151sorban a magasabban fekv\u0151 telep\u00fcl\u00e9sekre vezet\u0151 utak v\u00e1ltak j\u00e1rhatatlann\u00e1, de lez\u00e1rt\u00e1k az M0-s \u00e9s a 3-as f\u0151\u00fat egy-egy szakasz\u00e1t is.<br \/>\n    H\u00e9tf\u0151 reggel \u00f3ta nem lehet k\u00f6zlekedni Pilisszentkereszt \u00e9s Dobog\u00f3k\u0151 k\u00f6z\u00f6tt, s lez\u00e1rt\u00e1k az utat G\u00f6d\u00f6ll\u0151 &#8211; Sz\u00e1r\u00edt\u00f3puszta \u00e9s Valk\u00f3 k\u00f6z\u00f6tt is, innen a forgalmat Tura fel\u00e9 terelik a rend\u0151r\u00f6k. Pilisszentkereszt \u00e9s Pilissz\u00e1nt\u00f3 k\u00f6z\u00f6tt keddre virrad\u00f3 \u00e9jjel rendeltek el teljes z\u00e1r\u00e1st &#8211; sorolta a sz\u00f3viv\u0151.<br \/>\n    Nagytarcsa \u00e9s Isaszeg t\u00e9rs\u00e9g\u00e9ben is kid\u0151lt f\u00e1k, valamint a jegesed\u00e9s miatt leszakadt fa\u00e1gak nehez\u00edtik a forgalmat, ez\u00e9rt &#8211; m\u00e9g h\u00e9tf\u0151n k\u00e9s\u0151 este &#8211; itt is lez\u00e1r\u00e1sra k\u00e9nyszer\u00fcltek. Nagykov\u00e1csi kedd reggel \u00f3ta megk\u00f6zel\u00edthetetlen, Budakeszire \u00edgy csak Buda\u00f6rs fel\u0151l lehet eljutni &#8211; tette hozz\u00e1 Beluzs\u00e1rn\u00e9 Belicza Andrea.<br \/>\n    Leszakadt fels\u0151vezet\u00e9k miatt z\u00e1rt\u00e1k le teljes hossz\u00e1ban az M31-est G\u00f6d\u00f6ll\u0151 t\u00e9rs\u00e9g\u00e9ben, de az utat d\u00e9l k\u00f6r\u00fcl megnyitott\u00e1k. Tov\u00e1bbra is teljes z\u00e1r\u00e1s van \u00e9rv\u00e9nyben a 3-as f\u0151\u00faton Budapest \u00e9s G\u00f6d\u00f6ll\u0151 k\u00f6z\u00f6tt, a forgalmat az M3-as aut\u00f3p\u00e1ly\u00e1ra terelik.<br \/>\n    Komoly torl\u00f3d\u00e1s v\u00e1rhat\u00f3 d\u00e9lut\u00e1n az M0-\u00e1s aut\u00f3\u00fat 48-as \u00e9s 52-es kilom\u00e9terszelv\u00e9nye k\u00f6z\u00f6tti z\u00e1r\u00e1s miatt &#8211; h\u00edvta fel a figyelmet a rend\u0151rs\u00e9g \u00e9s a Magyar K\u00f6z\u00fat. Ezt a szakaszt az\u00e9rt kellett lez\u00e1rni, mert az ott h\u00faz\u00f3d\u00f3 magasfesz\u00fclts\u00e9g\u0171 vezet\u00e9k leszakad\u00e1s\u00e1t\u00f3l tartanak a szakemberek.<br \/>\n    P\u00e9csi Norbert S\u00e1ndor, a c\u00e9g kommunik\u00e1ci\u00f3s oszt\u00e1lyvezet\u0151je \u00fagy fogalmazott: b\u00e1r elvileg Magl\u00f3d \u00e9s P\u00e9cel fel\u00e9 lehet ker\u00fclni, a k\u00f6rny\u00e9k m\u00e1s \u00fatjain elrendelt korl\u00e1toz\u00e1sok miatt az M0-son a d\u00e9lut\u00e1ni cs\u00facsban hatalmas dug\u00f3k alakulhatnak ki.<br \/>\n    Az MTI \u00fagy tudja, hogy m\u00e1ris jelent\u0151s a torl\u00f3d\u00e1s az M0-snak ezen a r\u00e9sz\u00e9n.(MTI)<\/p>\n","protected":false},"excerpt":{"rendered":"<p>A cs\u00fasz\u00f3s burkolat, az \u00f3nos es\u0151 s\u00faly\u00e1t\u00f3l megd\u0151lt f\u00e1k, leszakadt \u00e1gak \u00e9s vesz\u00e9lyes villanyvezet\u00e9kek miatt a f\u0151v\u00e1ros k\u00f6rny\u00e9k\u00e9n sz\u00e1mos \u00fat, \u00edgy az M0-s egy szakasza tov\u00e1bbra sem j\u00e1rhat\u00f3, a d\u00e9lut\u00e1ni cs\u00facsban f\u0151k\u00e9nt Magl\u00f3d k\u00f6rny\u00e9k\u00e9n v\u00e1rhat\u00f3ak hatalmas torl\u00f3d\u00e1sok &#8211; k\u00f6z\u00f6lte a Pest Megyei Rend\u0151r-f\u0151kapit\u00e1nys\u00e1g \u00e9s a Magyar K\u00f6z\u00fat Nonprofit Zrt. kedd d\u00e9lut\u00e1n az MTI-vel.<\/p>\n","protected":false},"author":1,"featured_media":0,"comment_status":"open","ping_status":"closed","sticky":false,"template":"","format":"standard","meta":[],"categories":[4],"tags":[],"_links":{"self":[{"href":"https:\/\/gazdasagportal.hu\/index.php\/wp-json\/wp\/v2\/posts\/51468"}],"collection":[{"href":"https:\/\/gazdasagportal.hu\/index.php\/wp-json\/wp\/v2\/posts"}],"about":[{"href":"https:\/\/gazdasagportal.hu\/index.php\/wp-json\/wp\/v2\/types\/post"}],"author":[{"embeddable":true,"href":"https:\/\/gazdasagportal.hu\/index.php\/wp-json\/wp\/v2\/users\/1"}],"replies":[{"embeddable":true,"href":"https:\/\/gazdasagportal.hu\/index.php\/wp-json\/wp\/v2\/comments?post=51468"}],"version-history":[{"count":1,"href":"https:\/\/gazdasagportal.hu\/index.php\/wp-json\/wp\/v2\/posts\/51468\/revisions"}],"predecessor-version":[{"id":51469,"href":"https:\/\/gazdasagportal.hu\/index.php\/wp-json\/wp\/v2\/posts\/51468\/revisions\/51469"}],"wp:attachment":[{"href":"https:\/\/gazdasagportal.hu\/index.php\/wp-json\/wp\/v2\/media?parent=51468"}],"wp:term":[{"taxonomy":"category","embeddable":true,"href":"https:\/\/gazdasagportal.hu\/index.php\/wp-json\/wp\/v2\/categories?post=51468"},{"taxonomy":"post_tag","embeddable":true,"href":"https:\/\/gazdasagportal.hu\/index.php\/wp-json\/wp\/v2\/tags?post=51468"}],"curies":[{"name":"wp","href":"https:\/\/api.w.org\/{rel}","templated":true}]}}