{"id":51460,"date":"2014-12-02T15:11:05","date_gmt":"2014-12-02T14:11:05","guid":{"rendered":"http:\/\/stockportal.hu\/?p=51460"},"modified":"2014-12-02T15:11:05","modified_gmt":"2014-12-02T14:11:05","slug":"ujra-fizetni-kell-az-m3-as-autopalyan-az-m0-as-autout-es-godollo-kozott","status":"publish","type":"post","link":"https:\/\/gazdasagportal.hu\/index.php\/ujra-fizetni-kell-az-m3-as-autopalyan-az-m0-as-autout-es-godollo-kozott\/","title":{"rendered":"\u00dajra fizetni kell az M3-as aut\u00f3p\u00e1ly\u00e1n az M0-\u00e1s aut\u00f3\u00fat \u00e9s G\u00f6d\u00f6ll\u0151 k\u00f6z\u00f6tt"},"content":{"rendered":"<p><strong>Ism\u00e9t fizetni kell az M3-as aut\u00f3p\u00e1ly\u00e1n az M0-s aut\u00f3\u00fat \u00e9s G\u00f6d\u00f6ll\u0151 k\u00f6z\u00f6tt, a kedvez\u0151tlen id\u0151j\u00e1r\u00e1si k\u00f6r\u00fclm\u00e9nyek miatt a szem\u00e9lyaut\u00f3k sz\u00e1m\u00e1ra kor\u00e1bban d\u00edjmentess\u00e9 tett szakaszon megsz\u0171nt a kedvezm\u00e9ny &#8211; tudatta az Orsz\u00e1gos Katasztr\u00f3fav\u00e9delmi F\u0151igazgat\u00f3s\u00e1g (OKF) kedden, kora d\u00e9lut\u00e1n az MTI-vel.<br \/>\n<\/strong><!--more--><\/p>\n<div class=\"ads-in-post1\"><div id=\"gazdasagportal.hu_fullbanner_wideboard\"><\/div>\r\n<\/div>\n    Az M3-as aut\u00f3p\u00e1ly\u00e1n az M0-\u00e1s aut\u00f3\u00fatt\u00f3l m\u00e1r csak a matric\u00e1val, illetve a jogosults\u00e1ggal rendelkez\u0151k k\u00f6zlekedhetnek &#8211; olvashat\u00f3 az OKF honlapj\u00e1n.<br \/>\n    A rendk\u00edv\u00fcli id\u0151j\u00e1r\u00e1si helyzet miatt kedd reggel z\u00e1rt\u00e1k le a 3-as f\u0151utat G\u00f6d\u00f6ll\u0151 \u00e9s a f\u0151v\u00e1ros k\u00f6z\u00f6tt, a forgalmat az M3-asra terelt\u00e9k. A forgalomkorl\u00e1toz\u00e1sra a lefagy\u00e1sok, vezet\u00e9kszakad\u00e1sok, illetve a f\u0151\u00faton v\u00e9gzett mentes\u00edt\u0151 munk\u00e1latok miatt volt sz\u00fcks\u00e9g.(MTI)<\/p>\n","protected":false},"excerpt":{"rendered":"<p>Ism\u00e9t fizetni kell az M3-as aut\u00f3p\u00e1ly\u00e1n az M0-s aut\u00f3\u00fat \u00e9s G\u00f6d\u00f6ll\u0151 k\u00f6z\u00f6tt, a kedvez\u0151tlen id\u0151j\u00e1r\u00e1si k\u00f6r\u00fclm\u00e9nyek miatt a szem\u00e9lyaut\u00f3k sz\u00e1m\u00e1ra kor\u00e1bban d\u00edjmentess\u00e9 tett szakaszon megsz\u0171nt a kedvezm\u00e9ny &#8211; tudatta az Orsz\u00e1gos Katasztr\u00f3fav\u00e9delmi F\u0151igazgat\u00f3s\u00e1g (OKF) kedden, kora d\u00e9lut\u00e1n az MTI-vel.<\/p>\n","protected":false},"author":1,"featured_media":0,"comment_status":"open","ping_status":"closed","sticky":false,"template":"","format":"standard","meta":[],"categories":[4],"tags":[],"_links":{"self":[{"href":"https:\/\/gazdasagportal.hu\/index.php\/wp-json\/wp\/v2\/posts\/51460"}],"collection":[{"href":"https:\/\/gazdasagportal.hu\/index.php\/wp-json\/wp\/v2\/posts"}],"about":[{"href":"https:\/\/gazdasagportal.hu\/index.php\/wp-json\/wp\/v2\/types\/post"}],"author":[{"embeddable":true,"href":"https:\/\/gazdasagportal.hu\/index.php\/wp-json\/wp\/v2\/users\/1"}],"replies":[{"embeddable":true,"href":"https:\/\/gazdasagportal.hu\/index.php\/wp-json\/wp\/v2\/comments?post=51460"}],"version-history":[{"count":1,"href":"https:\/\/gazdasagportal.hu\/index.php\/wp-json\/wp\/v2\/posts\/51460\/revisions"}],"predecessor-version":[{"id":51461,"href":"https:\/\/gazdasagportal.hu\/index.php\/wp-json\/wp\/v2\/posts\/51460\/revisions\/51461"}],"wp:attachment":[{"href":"https:\/\/gazdasagportal.hu\/index.php\/wp-json\/wp\/v2\/media?parent=51460"}],"wp:term":[{"taxonomy":"category","embeddable":true,"href":"https:\/\/gazdasagportal.hu\/index.php\/wp-json\/wp\/v2\/categories?post=51460"},{"taxonomy":"post_tag","embeddable":true,"href":"https:\/\/gazdasagportal.hu\/index.php\/wp-json\/wp\/v2\/tags?post=51460"}],"curies":[{"name":"wp","href":"https:\/\/api.w.org\/{rel}","templated":true}]}}