{"id":51454,"date":"2014-12-02T14:44:21","date_gmt":"2014-12-02T13:44:21","guid":{"rendered":"http:\/\/stockportal.hu\/?p=51454"},"modified":"2014-12-02T16:56:07","modified_gmt":"2014-12-02T15:56:07","slug":"onos-eso-varhatoan-csutortokig-valtozatlan-marad-a-helyzet-a-xii-keruletben","status":"publish","type":"post","link":"https:\/\/gazdasagportal.hu\/index.php\/onos-eso-varhatoan-csutortokig-valtozatlan-marad-a-helyzet-a-xii-keruletben\/","title":{"rendered":"\u00d3nos es\u0151 &#8211; V\u00e1rhat\u00f3an cs\u00fct\u00f6rt\u00f6kig v\u00e1ltozatlan marad a helyzet a XII. ker\u00fcletben"},"content":{"rendered":"<p><strong>A k\u00f6zutak j\u00e1rhat\u00f3v\u00e1 t\u00e9tele \u00e9s az elektromos h\u00e1l\u00f3zat helyre\u00e1ll\u00edt\u00e1sa az els\u0151dleges c\u00e9lja a XII. ker\u00fcletben az \u00f3nos es\u0151 miatt kialakult helyzet kezel\u00e9s\u00e9ben r\u00e9sztvev\u0151 hat\u00f3s\u00e1goknak \u00e9s szervezeteknek.<!--more--><\/p>\n<p> Az id\u0151j\u00e1r\u00e1si el\u0151rejelz\u00e9sek szerint jelent\u0151s v\u00e1ltoz\u00e1s csak cs\u00fct\u00f6rt\u00f6kt\u0151l a f\u00e1k \u00e1gaira fagyott j\u00e9g olvad\u00e1s\u00e1t\u00f3l v\u00e1rhat\u00f3 &#8211; hangzott el a XII. ker\u00fcleti \u00f6nkorm\u00e1nyzat, a F\u0151v\u00e1rosi Katasztr\u00f3fav\u00e9delmi Igazgat\u00f3s\u00e1g \u00e9s a Pilisi Parkerd\u0151 Zrt. k\u00f6z\u00f6s kedd kora d\u00e9lut\u00e1ni sajt\u00f3t\u00e1j\u00e9koztat\u00f3j\u00e1n, Budapesten.<\/strong><\/p>\n<div class=\"ads-in-post1\"><div id=\"gazdasagportal.hu_fullbanner_wideboard\"><\/div>\r\n<\/div>\n<p>    A XII. ker\u00fcleti helysz\u00edni operat\u00edv t\u00f6rzsnek is helyet ad\u00f3 Holl\u00f3s utcai J\u00f3kai Klubban tartott esem\u00e9nyen Pokorni Zolt\u00e1n polg\u00e1rmester elmondta: tov\u00e1bbra is vesz\u00e9lyes a Konkoly-Thege Mikl\u00f3s utca \u00e9s az Irh\u00e1s-\u00e1rok, valamint ezek k\u00f6rny\u00e9ke (a Magas\u00fat d\u0171l\u0151, a Csillagv\u00f6lgyi \u00fat \u00e9s a Normafa fels\u0151 r\u00e9sze).<br \/>\n    Mint mondta: tov\u00e1bbra is azt k\u00e9rik a lakoss\u00e1gt\u00f3l, ha lehet, maradjanak otthon, a gyerekeket se vigy\u00e9k \u00f3vod\u00e1ba, iskol\u00e1ba \u00e9s az utc\u00e1ra, de m\u00e9g a kertbe se menjenek ki, mert b\u00e1rmikor b\u00e1rhol kid\u0151lhet egy fa, leszakadhat egy fa\u00e1g. Azoknak a sz\u00fcl\u0151knek, akik m\u00e9gsem tudj\u00e1k megoldani gyermek\u00fck napk\u00f6zbeni elhelyez\u00e9s\u00e9t &#8211; a fels\u0151 ter\u00fcleten m\u0171k\u00f6d\u0151 \u00f3vod\u00e1k, vagyis a Normafa, az \u0150zike, a Pingvin \u00e9s a M\u0171v\u00e9sz utcai \u00f3voda z\u00e1rva vannak -, a Mesev\u00e1r \u00f3vod\u00e1ba vihetik gyermek\u00fcket &#8211; tette hozz\u00e1.<br \/>\n    A vesz\u00e9lyes r\u00e9szeken lak\u00f3knak kedd d\u00e9lut\u00e1nt\u00f3l megnyitott\u00e1k a Jagell\u00f3 \u00faton a Kongresszusi K\u00f6zpont parkol\u00f3j\u00e1t, amelyet a jogosults\u00e1gukat lakc\u00edmk\u00e1rty\u00e1val igazolni tud\u00f3 ker\u00fcletiek ingyen haszn\u00e1lhatnak. A polg\u00e1rmester hangs\u00falyozta: azt k\u00e9rik, hogy a lak\u00f3k itt tegy\u00e9k le az aut\u00f3jukat, lak\u00f3hely\u00fckh\u00f6z pedig a Budapesti K\u00f6zleked\u00e9si K\u00f6zpont (BKK) buszaival juthatnak fel.<br \/>\n    Pokorni Zolt\u00e1n kiemelte: az id\u0151j\u00e1r\u00e1s-el\u0151rejelz\u00e9sek szerint a cs\u00fct\u00f6rt\u00f6ki-p\u00e9nteki nap hozhat v\u00e1ltoz\u00e1st, am\u00edg azonban a f\u00e1k \u00e1gaira rak\u00f3dott j\u00e9g el nem olvad, addig az \u00e9rintett ter\u00fcletek vesz\u00e9lyesek maradnak. Jelenleg a lakott ter\u00fcleteket igyekeznek biztons\u00e1goss\u00e1 tenni, de az erdei ter\u00fcletek m\u00e9g hetekig vesz\u00e9lyesek maradnak, ez\u00e9rt a s\u00e9t\u00e1lni vagy kocogni sz\u00e1nd\u00e9koz\u00f3k ink\u00e1bb ker\u00fclj\u00e9k el az erd\u0151t &#8211; figyelmeztetett.<br \/>\n    A polg\u00e1rmester elmondta, hogy a katasztr\u00f3fav\u00e9delem, a Pilisi Parkerd\u0151, a rend\u0151rs\u00e9g, az Elektromos M\u0171vek (Elm\u0171), a k\u00f6z\u00fatkezel\u0151 \u00e9s a BKK munkat\u00e1rsai dolgoznak azon, hogy biztons\u00e1goss\u00e1 tegy\u00e9k a v\u00e1rosr\u00e9szt.<br \/>\n    A ker\u00fcletvezet\u0151 felh\u00edvta a figyelmet az \u00f6nkorm\u00e1nyzat 0-24 h\u00edvhat\u00f3 06-30-623-9973-as telefonsz\u00e1m\u00e1ra, amelyet sz\u00fcks\u00e9g eset\u00e9n h\u00edvni lehet.<br \/>\n    Varga Ferenc, az FKI igazgat\u00f3ja arr\u00f3l sz\u00e1molt be, hogy h\u00e9tf\u0151 \u00f3ta 1536 bejelent\u00e9s \u00e9rkezett, t\u00falnyom\u00f3 t\u00f6bbs\u00e9g\u00fck kid\u0151lt f\u00e1k, illetve elszakadt elektromos vezet\u00e9kek miatt. Jelenleg 18 hivat\u00e1sos \u00e9s \u00f6t \u00f6nk\u00e9ntes t\u0171zolt\u00f3 egys\u00e9g, valamint a Pilisi Parkerd\u0151 \u00f6t egys\u00e9ge dolgozik a f\u00e1k, fa\u00e1gak elt\u00e1vol\u00edt\u00e1s\u00e1n. &#8222;Egy viszonylag nyugodt \u00e9jszaka ut\u00e1n&#8221; hajnali n\u00e9gy \u00f3r\u00e1t\u00f3l 450 jelz\u00e9s jutott el hozz\u00e1juk, ebb\u0151l 142 a XII. ker\u00fcletb\u0151l &#8211; k\u00f6z\u00f6lte az igazgat\u00f3. Kiemelt helysz\u00edn m\u00e9g a Budakeszi \u00fat, &#8222;itt a legkritikusabb a helyzet&#8221;. A Budakeszi \u00faton l\u00e9v\u0151 k\u00f3rh\u00e1zak Buda\u00f6rs fel\u0151l k\u00f6zel\u00edthet\u0151k meg &#8211; tette hozz\u00e1.<br \/>\n    Emellett Nagykov\u00e1csiban dolgoznak m\u00e9g, itt n\u00e9gy t\u0171zolt\u00f3 egys\u00e9g dolgozik. K\u00f6zl\u00e9se szerint r\u00f6videsen szabad lesz az \u00fat \u00e9s &#8222;rem\u00e9lhet\u0151leg nemsok\u00e1ra \u00fajra lesz \u00e1ram is&#8221; a telep\u00fcl\u00e9sen.<br \/>\n    Lomniczi Gergely, a Pilisi Parkerd\u0151 Zrt. sz\u00f3viv\u0151je arr\u00f3l besz\u00e9lt: a vas\u00e1rnap d\u00e9lut\u00e1n kezd\u0151d\u00f6tt es\u0151z\u00e9s k\u00f6vetkezt\u00e9ben kedd d\u00e9lel\u0151ttre \u00f6t centim\u00e9teres j\u00e9gr\u00e9teg rak\u00f3dott a fa\u00e1gakra, az \u00edgy egy f\u00e1t terhel\u0151 ak\u00e1r n\u00e9gy-\u00f6t tonn\u00e1nyi jeget pedig az eg\u00e9szs\u00e9ges erd\u0151\u00e1llom\u00e1ny sem tudja elviselni. \u00c1m az erd\u0151 nemcsak most, akkor is vesz\u00e9lyes lesz, amikor elkezd olvadni a j\u00e9g, hiszen ak\u00e1r t\u00f6bb kilogrammos j\u00e9gdarabok is lezuhanhatnak majd a f\u00e1kr\u00f3l &#8211; tette hozz\u00e1.<br \/>\n    Elmond\u00e1sa szerint a t\u00e1rsas\u00e1g m\u0171k\u00f6d\u00e9si ter\u00fclet\u00e9nek egyharmad\u00e1t, 20 ezer hekt\u00e1rnyi erd\u0151ter\u00fcletet \u00e9rint a jegesed\u00e9s, Budapesten k\u00edv\u00fcl a Pilisben, a Visegr\u00e1di-hegys\u00e9gben \u00e9s a G\u00f6d\u00f6ll\u0151i-dombs\u00e1gban. A f\u0151v\u00e1roson bel\u00fcl hozz\u00e1vet\u0151legesen 2000 hekt\u00e1r erd\u0151 k\u00e1rosodott, \u00e9s ebb\u0151l ezer hekt\u00e1r a XII. ker\u00fclethez tartozik. Emellett a II. \u00e9s a III. ker\u00fcletet, a H\u00e1rmashat\u00e1r-hegy, Pesthidegk\u00fat \u00e9s a H\u00e1rshegy t\u00e9rs\u00e9g\u00e9t s\u00fajtja a jegesed\u00e9s &#8211; k\u00f6z\u00f6lte.<br \/>\n    A sajt\u00f3t\u00e1j\u00e9koztat\u00f3n elhangzott, hogy az Elm\u0171 szakembere szerint jelenleg ezer embert is \u00e9rinthet a hegyvid\u00e9ki ter\u00fcleten az \u00e1ramkimarad\u00e1s.<br \/>\n    A hasonl\u00f3 id\u0151j\u00e1r\u00e1s megel\u0151z\u00e9s\u00e9t firtat\u00f3 k\u00e9rd\u00e9sre Varga Ferenc azt mondta: sz\u00e1z sz\u00e1zal\u00e9kban nem lehet kiv\u00e9deni egy ilyen \u00f3nos es\u0151t, csak a hat\u00e1sait lehet kezelni. Lomniczi Gergely hozz\u00e1tette: erd\u0151gazd\u00e1lkod\u00e1ssal, vagyis az id\u0151s \u00e9s korhadt f\u00e1k, fa\u00e1gak ki- \u00e9s lev\u00e1g\u00e1s\u00e1val \u00e1ltal\u00e1ban fel lehet k\u00e9sz\u00fclni erre a helyzetre, de a csapad\u00e9kmennyis\u00e9g miatt &#8222;ez m\u00e1r nem az a szint&#8221;.(MTI)<\/p>\n","protected":false},"excerpt":{"rendered":"<p>A k\u00f6zutak j\u00e1rhat\u00f3v\u00e1 t\u00e9tele \u00e9s az elektromos h\u00e1l\u00f3zat helyre\u00e1ll\u00edt\u00e1sa az els\u0151dleges c\u00e9lja a XII. ker\u00fcletben az \u00f3nos es\u0151 miatt kialakult helyzet kezel\u00e9s\u00e9ben r\u00e9sztvev\u0151 hat\u00f3s\u00e1goknak \u00e9s szervezeteknek.<\/p>\n","protected":false},"author":1,"featured_media":0,"comment_status":"open","ping_status":"closed","sticky":false,"template":"","format":"standard","meta":[],"categories":[4],"tags":[],"_links":{"self":[{"href":"https:\/\/gazdasagportal.hu\/index.php\/wp-json\/wp\/v2\/posts\/51454"}],"collection":[{"href":"https:\/\/gazdasagportal.hu\/index.php\/wp-json\/wp\/v2\/posts"}],"about":[{"href":"https:\/\/gazdasagportal.hu\/index.php\/wp-json\/wp\/v2\/types\/post"}],"author":[{"embeddable":true,"href":"https:\/\/gazdasagportal.hu\/index.php\/wp-json\/wp\/v2\/users\/1"}],"replies":[{"embeddable":true,"href":"https:\/\/gazdasagportal.hu\/index.php\/wp-json\/wp\/v2\/comments?post=51454"}],"version-history":[{"count":2,"href":"https:\/\/gazdasagportal.hu\/index.php\/wp-json\/wp\/v2\/posts\/51454\/revisions"}],"predecessor-version":[{"id":51472,"href":"https:\/\/gazdasagportal.hu\/index.php\/wp-json\/wp\/v2\/posts\/51454\/revisions\/51472"}],"wp:attachment":[{"href":"https:\/\/gazdasagportal.hu\/index.php\/wp-json\/wp\/v2\/media?parent=51454"}],"wp:term":[{"taxonomy":"category","embeddable":true,"href":"https:\/\/gazdasagportal.hu\/index.php\/wp-json\/wp\/v2\/categories?post=51454"},{"taxonomy":"post_tag","embeddable":true,"href":"https:\/\/gazdasagportal.hu\/index.php\/wp-json\/wp\/v2\/tags?post=51454"}],"curies":[{"name":"wp","href":"https:\/\/api.w.org\/{rel}","templated":true}]}}