{"id":51418,"date":"2014-12-02T10:27:30","date_gmt":"2014-12-02T09:27:30","guid":{"rendered":"http:\/\/stockportal.hu\/?p=51418"},"modified":"2014-12-02T10:27:30","modified_gmt":"2014-12-02T09:27:30","slug":"onos-eso-kekesteto-es-galyateto-megkozelithetetlen","status":"publish","type":"post","link":"https:\/\/gazdasagportal.hu\/index.php\/onos-eso-kekesteto-es-galyateto-megkozelithetetlen\/","title":{"rendered":"\u00d3nos es\u0151 &#8211; K\u00e9kestet\u0151 \u00e9s Galyatet\u0151 megk\u00f6zel\u00edthetetlen"},"content":{"rendered":"<p><strong>Az \u00f3nos es\u0151 \u00e9s fagy okozta fakid\u0151l\u00e9sek miatt a M\u00e1tr\u00e1ban teljes az \u00fatz\u00e1r M\u00e1trah\u00e1za \u00e9s Par\u00e1dsasv\u00e1r k\u00f6z\u00f6tt, a k\u00e9kestet\u0151i bek\u00f6t\u0151 \u00faton, a 2408-as \u00faton M\u00e1trakeresztest\u0151l a 24-es sz\u00e1m\u00fa f\u0151\u00fatig. Az \u00fatlez\u00e1r\u00e1sok miatt K\u00e9kestet\u0151 \u00e9s Galyatet\u0151 megk\u00f6zel\u00edthetetlen &#8211; t\u00e1j\u00e9koztatta a Heves Megyei Katasztr\u00f3fav\u00e9delmi Igazgat\u00f3s\u00e1g hivatalvezet\u0151je kedden az MTI-t.<\/strong><!--more--><\/p>\n<div class=\"ads-in-post1\"><div id=\"gazdasagportal.hu_fullbanner_wideboard\"><\/div>\r\n<\/div>\n<p>    Hevesi Katalin k\u00f6z\u00f6lte: \u00e9jjel t\u00f6bb villanyvezet\u00e9k is leszakadt, ez\u00e9rt sz\u00fcnetel az \u00e1ramszolg\u00e1ltat\u00e1s Par\u00e1d, Par\u00e1d\u00f3huta, Galyatet\u0151 \u00e9s M\u00e1traszentimre egy r\u00e9sz\u00e9n, tov\u00e1bb\u00e1 Par\u00e1dsasv\u00e1r eg\u00e9sz ter\u00fclet\u00e9n. Ezeken a telep\u00fcl\u00e9seken 846 fogyaszt\u00f3 maradt \u00e1ramszolg\u00e1ltat\u00e1s n\u00e9lk\u00fcl.<br \/>\n    \u00c9jszaka harminc\u00f6t m\u0171szaki ment\u00e9shez riasztott\u00e1k a megyei t\u0171zolt\u00f3kat a rendk\u00edv\u00fcli id\u0151j\u00e1r\u00e1s miatt, \u00e9s tizenn\u00e9gy \u00faton rekedt embert mentettek ki, k\u00f6z\u00fcl\u00fck hetet a M\u00e1trai \u00c1llami Gy\u00f3gyint\u00e9zetben helyeztek el.<br \/>\n(MTI)<\/p>\n","protected":false},"excerpt":{"rendered":"<p>Az \u00f3nos es\u0151 \u00e9s fagy okozta fakid\u0151l\u00e9sek miatt a M\u00e1tr\u00e1ban teljes az \u00fatz\u00e1r M\u00e1trah\u00e1za \u00e9s Par\u00e1dsasv\u00e1r k\u00f6z\u00f6tt, a k\u00e9kestet\u0151i bek\u00f6t\u0151 \u00faton, a 2408-as \u00faton M\u00e1trakeresztest\u0151l a 24-es sz\u00e1m\u00fa f\u0151\u00fatig. Az \u00fatlez\u00e1r\u00e1sok miatt K\u00e9kestet\u0151 \u00e9s Galyatet\u0151 megk\u00f6zel\u00edthetetlen &#8211; t\u00e1j\u00e9koztatta a Heves Megyei Katasztr\u00f3fav\u00e9delmi Igazgat\u00f3s\u00e1g hivatalvezet\u0151je kedden az MTI-t.<\/p>\n","protected":false},"author":1,"featured_media":0,"comment_status":"open","ping_status":"closed","sticky":false,"template":"","format":"standard","meta":[],"categories":[4],"tags":[],"_links":{"self":[{"href":"https:\/\/gazdasagportal.hu\/index.php\/wp-json\/wp\/v2\/posts\/51418"}],"collection":[{"href":"https:\/\/gazdasagportal.hu\/index.php\/wp-json\/wp\/v2\/posts"}],"about":[{"href":"https:\/\/gazdasagportal.hu\/index.php\/wp-json\/wp\/v2\/types\/post"}],"author":[{"embeddable":true,"href":"https:\/\/gazdasagportal.hu\/index.php\/wp-json\/wp\/v2\/users\/1"}],"replies":[{"embeddable":true,"href":"https:\/\/gazdasagportal.hu\/index.php\/wp-json\/wp\/v2\/comments?post=51418"}],"version-history":[{"count":1,"href":"https:\/\/gazdasagportal.hu\/index.php\/wp-json\/wp\/v2\/posts\/51418\/revisions"}],"predecessor-version":[{"id":51419,"href":"https:\/\/gazdasagportal.hu\/index.php\/wp-json\/wp\/v2\/posts\/51418\/revisions\/51419"}],"wp:attachment":[{"href":"https:\/\/gazdasagportal.hu\/index.php\/wp-json\/wp\/v2\/media?parent=51418"}],"wp:term":[{"taxonomy":"category","embeddable":true,"href":"https:\/\/gazdasagportal.hu\/index.php\/wp-json\/wp\/v2\/categories?post=51418"},{"taxonomy":"post_tag","embeddable":true,"href":"https:\/\/gazdasagportal.hu\/index.php\/wp-json\/wp\/v2\/tags?post=51418"}],"curies":[{"name":"wp","href":"https:\/\/api.w.org\/{rel}","templated":true}]}}