{"id":51412,"date":"2014-12-02T09:40:51","date_gmt":"2014-12-02T08:40:51","guid":{"rendered":"http:\/\/stockportal.hu\/?p=51412"},"modified":"2014-12-02T09:40:51","modified_gmt":"2014-12-02T08:40:51","slug":"a-rendkivuli-idojarasi-helyzet-miatt-lezartak-a-3-as-foutat-budapest-es-godollo-kozott","status":"publish","type":"post","link":"https:\/\/gazdasagportal.hu\/index.php\/a-rendkivuli-idojarasi-helyzet-miatt-lezartak-a-3-as-foutat-budapest-es-godollo-kozott\/","title":{"rendered":"A rendk\u00edv\u00fcli id\u0151j\u00e1r\u00e1si helyzet miatt lez\u00e1rt\u00e1k a 3-as f\u0151utat Budapest \u00e9s G\u00f6d\u00f6ll\u0151 k\u00f6z\u00f6tt"},"content":{"rendered":"<p><strong>A rendk\u00edv\u00fcli id\u0151j\u00e1r\u00e1si helyzet miatt kedd reggel lez\u00e1rt\u00e1k a 3-as f\u0151utat G\u00f6d\u00f6ll\u0151 \u00e9s a f\u0151v\u00e1ros k\u00f6z\u00f6tt, a forgalmat az M3-asra terelik &#8211; k\u00f6z\u00f6lte a Pest Megyei Rend\u0151r-f\u0151kapit\u00e1nys\u00e1g sz\u00f3viv\u0151je az MTI-vel.<\/strong><!--more--><\/p>\n<div class=\"ads-in-post1\"><div id=\"gazdasagportal.hu_fullbanner_wideboard\"><\/div>\r\n<\/div>\n<p>    Beluzs\u00e1rn\u00e9 Belicza Andrea t\u00e1j\u00e9koztat\u00e1sa szerint a forgalomkorl\u00e1toz\u00e1sra a lefagy\u00e1sok, vezet\u00e9kszakad\u00e1sok, illetve a f\u0151\u00faton v\u00e9gzett mentes\u00edt\u0151 munk\u00e1latok miatt van sz\u00fcks\u00e9g.<br \/>\n    Az aut\u00f3sokat a 3-as f\u0151\u00fat Budapest \u00e9s G\u00f6d\u00f6ll\u0151 k\u00f6z\u00f6tti szakasz\u00e1n az M3-as aut\u00f3p\u00e1ly\u00e1ra terelik a rend\u0151r\u00f6k, akik arra k\u00e9rik a k\u00f6zleked\u0151ket, hogy a megye \u00fatjain fokozott \u00f3vatoss\u00e1ggal, kell\u0151 k\u00f6r\u00fcltekint\u00e9ssel k\u00f6zlekedjenek &#8211; tette hozz\u00e1 a sz\u00f3viv\u0151.(MTI)<\/p>\n","protected":false},"excerpt":{"rendered":"<p>A rendk\u00edv\u00fcli id\u0151j\u00e1r\u00e1si helyzet miatt kedd reggel lez\u00e1rt\u00e1k a 3-as f\u0151utat G\u00f6d\u00f6ll\u0151 \u00e9s a f\u0151v\u00e1ros k\u00f6z\u00f6tt, a forgalmat az M3-asra terelik &#8211; k\u00f6z\u00f6lte a Pest Megyei Rend\u0151r-f\u0151kapit\u00e1nys\u00e1g sz\u00f3viv\u0151je az MTI-vel.<\/p>\n","protected":false},"author":1,"featured_media":0,"comment_status":"open","ping_status":"closed","sticky":false,"template":"","format":"standard","meta":[],"categories":[4],"tags":[],"_links":{"self":[{"href":"https:\/\/gazdasagportal.hu\/index.php\/wp-json\/wp\/v2\/posts\/51412"}],"collection":[{"href":"https:\/\/gazdasagportal.hu\/index.php\/wp-json\/wp\/v2\/posts"}],"about":[{"href":"https:\/\/gazdasagportal.hu\/index.php\/wp-json\/wp\/v2\/types\/post"}],"author":[{"embeddable":true,"href":"https:\/\/gazdasagportal.hu\/index.php\/wp-json\/wp\/v2\/users\/1"}],"replies":[{"embeddable":true,"href":"https:\/\/gazdasagportal.hu\/index.php\/wp-json\/wp\/v2\/comments?post=51412"}],"version-history":[{"count":1,"href":"https:\/\/gazdasagportal.hu\/index.php\/wp-json\/wp\/v2\/posts\/51412\/revisions"}],"predecessor-version":[{"id":51413,"href":"https:\/\/gazdasagportal.hu\/index.php\/wp-json\/wp\/v2\/posts\/51412\/revisions\/51413"}],"wp:attachment":[{"href":"https:\/\/gazdasagportal.hu\/index.php\/wp-json\/wp\/v2\/media?parent=51412"}],"wp:term":[{"taxonomy":"category","embeddable":true,"href":"https:\/\/gazdasagportal.hu\/index.php\/wp-json\/wp\/v2\/categories?post=51412"},{"taxonomy":"post_tag","embeddable":true,"href":"https:\/\/gazdasagportal.hu\/index.php\/wp-json\/wp\/v2\/tags?post=51412"}],"curies":[{"name":"wp","href":"https:\/\/api.w.org\/{rel}","templated":true}]}}