{"id":51401,"date":"2014-12-02T08:10:00","date_gmt":"2014-12-02T07:10:00","guid":{"rendered":"http:\/\/stockportal.hu\/?p=51401"},"modified":"2014-12-02T08:10:00","modified_gmt":"2014-12-02T07:10:00","slug":"onos-eso-bkk-tobb-jarat-roviditett-utvonalon-kozlekedik","status":"publish","type":"post","link":"https:\/\/gazdasagportal.hu\/index.php\/onos-eso-bkk-tobb-jarat-roviditett-utvonalon-kozlekedik\/","title":{"rendered":"\u00d3nos es\u0151 &#8211; BKK: t\u00f6bb j\u00e1rat r\u00f6vid\u00edtett \u00fatvonalon k\u00f6zlekedik"},"content":{"rendered":"<p><strong>Az \u00f3nos es\u0151 miatt a f\u0151v\u00e1rosban t\u00f6bb t\u00f6megk\u00f6zleked\u00e9si eszk\u00f6z is r\u00f6vid\u00edtett \u00fatvonalon j\u00e1r &#8211; k\u00f6z\u00f6lte a Budapesti K\u00f6zleked\u00e9si K\u00f6zpont (BKK) kedd reggel az MTI-vel.<\/strong><!--more--><\/p>\n<div class=\"ads-in-post1\"><div id=\"gazdasagportal.hu_fullbanner_wideboard\"><\/div>\r\n<\/div>\n<p>    K\u00f6zlem\u00e9ny\u00fck szerint az \u00f3nos es\u0151 megnehez\u00edtette, helyenk\u00e9nt megb\u00e9n\u00edtotta a k\u00f6zleked\u00e9st a f\u0151v\u00e1ros hegyvid\u00e9ki szakaszain (a Budakeszi, a Normafa \u00e9s a Nagykov\u00e1csi fel\u00e9 vezet\u0151 utakon), valamint a k\u00fcls\u0151 ker\u00fcletekben, tov\u00e1bb\u00e1 a 3-as \u00faton. A legt\u00f6bb gondot az \u00fat menti f\u00e1kra fagyott csapad\u00e9k \u00e9s az emiatt let\u00f6rt \u00e1gak, kid\u0151lt f\u00e1k, tov\u00e1bb\u00e1 a g\u00f6d\u00f6ll\u0151i H\u00c9V \u00e9s a 60-as j\u00e1rat (a fogaskerek\u0171) eset\u00e9ben a fels\u0151vezet\u00e9kre fagyott \u00f3nos es\u0151 okozza.<br \/>\n    A g\u00f6d\u00f6ll\u0151i H\u00c9V r\u00f6vid\u00edtett \u00fatvonalon, az \u00d6rs vez\u00e9r tere \u00e9s Kerepes k\u00f6z\u00f6tt k\u00f6zlekedik, G\u00f6d\u00f6ll\u0151 \u00e9s Kerepes k\u00f6z\u00f6tt p\u00f3tl\u00f3busz viszi az utasokat. A 3-as \u00faton kid\u0151lt f\u00e1k akad\u00e1lyozz\u00e1k tov\u00e1bbra is a k\u00f6z\u00fati forgalmat, ez\u00e9rt a p\u00f3tl\u00f3busz &#8211; amely Mogyor\u00f3dra tov\u00e1bbra sem tud bet\u00e9rni &#8211; a 31-es \u00faton k\u00f6zlekedik, jelent\u0151sen megn\u00f6vekedett menetid\u0151vel.<br \/>\n    A 21-es \u00e9s a 21A busz r\u00f6vid\u00edtett \u00fatvonalon, a Sz\u00e9ll K\u00e1lm\u00e1n t\u00e9r \u00e9s a Sv\u00e1bhegy \u00fat k\u00f6z\u00f6tt j\u00e1r. A 22-es, a 22A \u00e9s a 222-es busz k\u00e9t szakaszra osztva j\u00e1r, a Sz\u00e9ll K\u00e1lm\u00e1n t\u00e9rt\u0151l csak a D\u00e9nes utc\u00e1ig, a budakeszi D\u00f3zsa Gy\u00f6rgy t\u00e9rt\u0151l pedig csak a Szanat\u00f3rium utc\u00e1ig tud k\u00f6zlekedni. A Sz\u00e9ll K\u00e1lm\u00e1n t\u00e9rt\u0151l Budakeszire c\u00e9lj\u00e1ratok viszik az utasokat, amelyek szint\u00e9n a 22-es busz v\u00e9g\u00e1llom\u00e1s\u00e1r\u00f3l indulnak, \u00e9s m\u00f3dos\u00edtott \u00fatvonalon, Buda\u00f6rs\u00f6n kereszt\u00fcl, meg\u00e1ll\u00e1s n\u00e9lk\u00fcl k\u00f6zel\u00edtik meg a k\u00fcls\u0151 v\u00e9g\u00e1llom\u00e1st.<br \/>\n    A 63-as busz r\u00f6vid\u00edtett \u00fatvonalon csak H\u0171v\u00f6sv\u00f6lgy \u00e9s az Erd\u00e9szh\u00e1z meg\u00e1ll\u00f3hely k\u00f6z\u00f6tt j\u00e1r. A fogaskerek\u0171 nem k\u00f6zlekedik &#8211; olvashat\u00f3 a BKK k\u00f6zlem\u00e9ny\u00e9ben.()<\/p>\n","protected":false},"excerpt":{"rendered":"<p>Az \u00f3nos es\u0151 miatt a f\u0151v\u00e1rosban t\u00f6bb t\u00f6megk\u00f6zleked\u00e9si eszk\u00f6z is r\u00f6vid\u00edtett \u00fatvonalon j\u00e1r &#8211; k\u00f6z\u00f6lte a Budapesti K\u00f6zleked\u00e9si K\u00f6zpont (BKK) kedd reggel az MTI-vel.<\/p>\n","protected":false},"author":1,"featured_media":0,"comment_status":"open","ping_status":"closed","sticky":false,"template":"","format":"standard","meta":[],"categories":[4],"tags":[],"_links":{"self":[{"href":"https:\/\/gazdasagportal.hu\/index.php\/wp-json\/wp\/v2\/posts\/51401"}],"collection":[{"href":"https:\/\/gazdasagportal.hu\/index.php\/wp-json\/wp\/v2\/posts"}],"about":[{"href":"https:\/\/gazdasagportal.hu\/index.php\/wp-json\/wp\/v2\/types\/post"}],"author":[{"embeddable":true,"href":"https:\/\/gazdasagportal.hu\/index.php\/wp-json\/wp\/v2\/users\/1"}],"replies":[{"embeddable":true,"href":"https:\/\/gazdasagportal.hu\/index.php\/wp-json\/wp\/v2\/comments?post=51401"}],"version-history":[{"count":1,"href":"https:\/\/gazdasagportal.hu\/index.php\/wp-json\/wp\/v2\/posts\/51401\/revisions"}],"predecessor-version":[{"id":51402,"href":"https:\/\/gazdasagportal.hu\/index.php\/wp-json\/wp\/v2\/posts\/51401\/revisions\/51402"}],"wp:attachment":[{"href":"https:\/\/gazdasagportal.hu\/index.php\/wp-json\/wp\/v2\/media?parent=51401"}],"wp:term":[{"taxonomy":"category","embeddable":true,"href":"https:\/\/gazdasagportal.hu\/index.php\/wp-json\/wp\/v2\/categories?post=51401"},{"taxonomy":"post_tag","embeddable":true,"href":"https:\/\/gazdasagportal.hu\/index.php\/wp-json\/wp\/v2\/tags?post=51401"}],"curies":[{"name":"wp","href":"https:\/\/api.w.org\/{rel}","templated":true}]}}