{"id":51396,"date":"2014-12-02T07:30:57","date_gmt":"2014-12-02T06:30:57","guid":{"rendered":"http:\/\/stockportal.hu\/?p=51396"},"modified":"2014-12-02T07:30:57","modified_gmt":"2014-12-02T06:30:57","slug":"onos-eso-tobb-megyeben-is-utlezarasok-vannak","status":"publish","type":"post","link":"https:\/\/gazdasagportal.hu\/index.php\/onos-eso-tobb-megyeben-is-utlezarasok-vannak\/","title":{"rendered":"\u00d3nos es\u0151 \u2013 T\u00f6bb megy\u00e9ben is \u00fatlez\u00e1r\u00e1sok vannak"},"content":{"rendered":"<p><strong>T\u00f6bb megy\u00e9ben is \u00fatlez\u00e1r\u00e1sok vannak a rendk\u00edv\u00fcli id\u0151j\u00e1r\u00e1s miatt, az orsz\u00e1gos k\u00f6zutak burkolata \u00e1ltal\u00e1ban s\u00f3nedves, vizes, de j\u00e1rhat\u00f3 &#8211; k\u00f6z\u00f6lte a Magyar K\u00f6z\u00fat kedd reggel az MTI-vel.<\/strong><!--more--><\/p>\n<div class=\"ads-in-post1\"><div id=\"gazdasagportal.hu_fullbanner_wideboard\"><\/div>\r\n<\/div>\n<p>Az \u00datinform nem sokkal 5 \u00f3ra ut\u00e1n k\u00e9sz\u00fclt \u00f6sszes\u00edt\u00e9se alapj\u00e1n Borsod-Aba\u00faj-Zempl\u00e9n megye nagy r\u00e9sz\u00e9n havazik, havas es\u0151 esik Salg\u00f3tarj\u00e1n, Putnok, Ny\u00e9kl\u00e1dh\u00e1za \u00e9s M\u00e1t\u00e9szalka t\u00e9rs\u00e9g\u00e9ben, tov\u00e1bb\u00e1 az M3-as aut\u00f3p\u00e1ly\u00e1n Em\u0151d \u00e9s \u00d3feh\u00e9rt\u00f3 k\u00f6rny\u00e9k\u00e9n.<br \/>\nAz \u00e9jszakai \u00e9s a hajnali, kora reggeli \u00f3r\u00e1kban is folyamatosan dolgoztak munkag\u00e9pek, ennek is k\u00f6sz\u00f6nhet\u0151en az orsz\u00e1gos k\u00f6zutak burkolata \u00e1ltal\u00e1ban s\u00f3nedves, vizes, de Salg\u00f3tarj\u00e1n t\u00e9rs\u00e9g\u00e9ben latyakos burkolatra is k\u00e9sz\u00fclhetnek a k\u00f6zleked\u0151k. Szombathely, K\u00f6rmend, P\u00e1pa \u00e9s Salg\u00f3tarj\u00e1n k\u00f6rny\u00e9k\u00e9r\u0151l k\u00f6dfoltokat jeleztek az \u00fatellen\u0151r\u00f6k, ott 100 \u00e9s 300 m\u00e9ter k\u00f6z\u00f6tti a bel\u00e1that\u00f3 \u00fatszakasz hossza &#8211; \u00e1ll a k\u00f6zlem\u00e9nyben.<br \/>\nA t\u00e1j\u00e9koztat\u00e1s szerint t\u00f6bb \u00fatszakaszon a f\u00e1kon tal\u00e1lhat\u00f3 vastag j\u00e9gr\u00e9teg miatt \u00e1gleszakad\u00e1sok \u00e9s fakid\u0151l\u00e9sek miatt kellett lez\u00e1rni utakat.<br \/>\nBorsod-Aba\u00faj-Zempl\u00e9n megy\u00e9ben R\u00e9p\u00e1shuta \u00e9s Fels\u0151t\u00e1rk\u00e1ny k\u00f6z\u00f6tt, \u00d3massa \u00e9s M\u00e1lyinka k\u00f6z\u00f6tt, B\u00fckkszentkereszt \u00e9s B\u00fckkszentl\u00e1szl\u00f3 k\u00f6z\u00f6tt van \u00e9rv\u00e9nyben teljes p\u00e1ly\u00e1s korl\u00e1toz\u00e1s.<br \/>\nHeves megy\u00e9ben a 24-es \u00fat 15-\u00f6s \u00e9s 25-\u00f6s kilom\u00e9tere k\u00f6z\u00f6tt, a Galyatet\u0151 \u00e9s M\u00e1trah\u00e1za k\u00f6z\u00f6tti mell\u00e9k\u00faton, az Eger-Holl\u00f3stet\u0151-Miskolc \u00f6sszek\u00f6t\u0151 \u00faton, valamint a k\u00e9kestet\u0151i bek\u00f6t\u0151\u00faton van teljes p\u00e1ly\u00e1s \u00fatz\u00e1r.<br \/>\nPest megy\u00e9ben Pilisszentkereszt \u00e9s Pilisszentl\u00e9lek (Kom\u00e1rom-Esztergom megyei ter\u00fclet) k\u00f6z\u00f6tt, a Dunakeszi \u00e9s G\u00f6d\u00f6ll\u0151 k\u00f6z\u00f6tti \u00faton Mogyor\u00f3d t\u00e9rs\u00e9g\u00e9ben, Isaszeg \u00e9s Nagytarcsa k\u00f6z\u00f6tt, G\u00f6d\u00f6ll\u0151 \u00e9s Valk\u00f3 (Heves megyei ter\u00fclet) k\u00f6z\u00f6tt, tov\u00e1bb\u00e1 a pilissz\u00e1nt\u00f3i \u00e9s dobog\u00f3k\u0151i bek\u00f6t\u0151utakon szint\u00e9n a fenti okok miatt van m\u00e9g teljes \u00fatz\u00e1r.<br \/>\nA Magyar K\u00f6z\u00fat k\u00e9ri a k\u00f6zleked\u0151ket, hogy fokozott \u00f3vatoss\u00e1ggal k\u00f6zlekedjenek, utaz\u00e1s el\u0151tt pedig minden esetben t\u00e1j\u00e9koz\u00f3djanak az aktu\u00e1lis \u00fatviszonyokr\u00f3l a <strong><a title=\"Hely megnyit\u00e1sa\" href=\"http:\/\/www.utinform.hu\/\" target=\"_blank\" rel=\"noopener\">www.utinform.hu<\/a><\/strong> weboldalon, illetve a Facebookon (<a title=\"Hely megnyit\u00e1sa\" href=\"http:\/\/www.facebook.com\/magyarkozut\" target=\"_blank\" rel=\"noopener\">www.facebook.com\/magyarkozut<\/a>) \u00e9s Twitteren (<a title=\"Hely megnyit\u00e1sa\" href=\"http:\/\/www.twitter.com\/magyarkozut\" target=\"_blank\" rel=\"noopener\">www.twitter.com\/magyarkozut<\/a>).<\/p>\n<p>&nbsp;<\/p><div id=\"gazda-3180241943\" class=\"gazda-tartalomban gazda-entity-placement\"><script async src=\"https:\/\/pagead2.googlesyndication.com\/pagead\/js\/adsbygoogle.js\"><\/script>\r\n<ins class=\"adsbygoogle\"\r\n     style=\"display:block\"\r\n     data-ad-format=\"fluid\"\r\n     data-ad-layout-key=\"-6t+ed+2i-1n-4w\"\r\n     data-ad-client=\"ca-pub-1959107119989764\"\r\n     data-ad-slot=\"4008251320\"><\/ins>\r\n<script>\r\n     (adsbygoogle = window.adsbygoogle || []).push({});\r\n<\/script><\/div>\n","protected":false},"excerpt":{"rendered":"<p>T\u00f6bb megy\u00e9ben is \u00fatlez\u00e1r\u00e1sok vannak a rendk\u00edv\u00fcli id\u0151j\u00e1r\u00e1s miatt, az orsz\u00e1gos k\u00f6zutak burkolata \u00e1ltal\u00e1ban s\u00f3nedves, vizes, de j\u00e1rhat\u00f3 &#8211; k\u00f6z\u00f6lte a Magyar K\u00f6z\u00fat kedd reggel az MTI-vel.<\/p>\n","protected":false},"author":1,"featured_media":0,"comment_status":"open","ping_status":"closed","sticky":false,"template":"","format":"standard","meta":[],"categories":[4],"tags":[],"_links":{"self":[{"href":"https:\/\/gazdasagportal.hu\/index.php\/wp-json\/wp\/v2\/posts\/51396"}],"collection":[{"href":"https:\/\/gazdasagportal.hu\/index.php\/wp-json\/wp\/v2\/posts"}],"about":[{"href":"https:\/\/gazdasagportal.hu\/index.php\/wp-json\/wp\/v2\/types\/post"}],"author":[{"embeddable":true,"href":"https:\/\/gazdasagportal.hu\/index.php\/wp-json\/wp\/v2\/users\/1"}],"replies":[{"embeddable":true,"href":"https:\/\/gazdasagportal.hu\/index.php\/wp-json\/wp\/v2\/comments?post=51396"}],"version-history":[{"count":1,"href":"https:\/\/gazdasagportal.hu\/index.php\/wp-json\/wp\/v2\/posts\/51396\/revisions"}],"predecessor-version":[{"id":51397,"href":"https:\/\/gazdasagportal.hu\/index.php\/wp-json\/wp\/v2\/posts\/51396\/revisions\/51397"}],"wp:attachment":[{"href":"https:\/\/gazdasagportal.hu\/index.php\/wp-json\/wp\/v2\/media?parent=51396"}],"wp:term":[{"taxonomy":"category","embeddable":true,"href":"https:\/\/gazdasagportal.hu\/index.php\/wp-json\/wp\/v2\/categories?post=51396"},{"taxonomy":"post_tag","embeddable":true,"href":"https:\/\/gazdasagportal.hu\/index.php\/wp-json\/wp\/v2\/tags?post=51396"}],"curies":[{"name":"wp","href":"https:\/\/api.w.org\/{rel}","templated":true}]}}