{"id":51387,"date":"2014-12-02T05:56:58","date_gmt":"2014-12-02T04:56:58","guid":{"rendered":"http:\/\/stockportal.hu\/?p=51387"},"modified":"2014-12-02T05:56:58","modified_gmt":"2014-12-02T04:56:58","slug":"onos-eso-kesesek-varhatok-a-budapest-ujszasz-szolnok-vonalon","status":"publish","type":"post","link":"https:\/\/gazdasagportal.hu\/index.php\/onos-eso-kesesek-varhatok-a-budapest-ujszasz-szolnok-vonalon\/","title":{"rendered":"\u00d3nos es\u0151 &#8211; K\u00e9s\u00e9sek v\u00e1rhat\u00f3k a Budapest-\u00dajsz\u00e1sz-Szolnok vonalon"},"content":{"rendered":"<p><strong>Jelent\u0151s k\u00e9s\u00e9sek v\u00e1rhat\u00f3k a vonatk\u00f6zleked\u00e9sben a Budapest-\u00dajsz\u00e1sz-Szolnok vonalon, \u00e9s a Csehorsz\u00e1gb\u00f3l \u00e9rkez\u0151 vonatokn\u00e1l is, de a vas\u00fati k\u00f6zleked\u00e9sben nagyobb fennakad\u00e1sok m\u00e1r nincsenek &#8211; t\u00e1j\u00e9koztatta a M\u00e1vinform sajt\u00f3\u00fcgyeletese az MTI-t kedd hajnalban.<\/strong><!--more--><\/p>\n<div class=\"ads-in-post1\"><div id=\"gazdasagportal.hu_fullbanner_wideboard\"><\/div>\r\n<\/div>\n<p>    Kavalecz Imre k\u00f6z\u00f6lte: az \u00fajsz\u00e1szi vonalon Gy\u00f6mr\u0151 \u00e9s Mende k\u00f6z\u00f6tt csak egy v\u00e1g\u00e1ny j\u00e1rhat\u00f3, \u00e9s ezeken is csak d\u00edzel mozdonyok tudnak k\u00f6zlekedni, mert a fels\u0151vezet\u00e9k t\u00f6bb helyen is s\u00e9r\u00fclt.<br \/>\n    Ez\u00e9rt a vonatok nem menetrend szerint j\u00e1rnak, hanem \u00f3r\u00e1nk\u00e9nti indul\u00e1ssal, \u00e9s minden \u00e1llom\u00e1son meg\u00e1llnak  a Budapest-\u00dajsz\u00e1sz-Szolnok vas\u00fatvonalon. Egyes vonatok ker\u00fcl\u0151vel, Cegl\u00e9den kereszt\u00fcl mennek.<br \/>\n    Az orsz\u00e1gban h\u00e9tf\u0151n t\u00f6bb helyen is fennakad\u00e1st okozott az \u00f3nos es\u0151, de kedd reggelre a forgalom helyre\u00e1llt &#8211; tette hozz\u00e1 Kavalec Imre.<br \/>\n    A nemzetk\u00f6zi forgalomban a Csehorsz\u00e1gb\u00f3l \u00e9rkez\u0151 vonatokn\u00e1l kell jelent\u0151s k\u00e9s\u00e9sekre sz\u00e1m\u00edtani &#8211; k\u00f6z\u00f6lte a M\u00e1vinform \u00fcgyeletese.(MTI)<\/p>\n","protected":false},"excerpt":{"rendered":"<p>Jelent\u0151s k\u00e9s\u00e9sek v\u00e1rhat\u00f3k a vonatk\u00f6zleked\u00e9sben a Budapest-\u00dajsz\u00e1sz-Szolnok vonalon, \u00e9s a Csehorsz\u00e1gb\u00f3l \u00e9rkez\u0151 vonatokn\u00e1l is, de a vas\u00fati k\u00f6zleked\u00e9sben nagyobb fennakad\u00e1sok m\u00e1r nincsenek &#8211; t\u00e1j\u00e9koztatta a M\u00e1vinform sajt\u00f3\u00fcgyeletese az MTI-t kedd hajnalban.<\/p>\n","protected":false},"author":1,"featured_media":0,"comment_status":"open","ping_status":"closed","sticky":false,"template":"","format":"standard","meta":[],"categories":[4],"tags":[],"_links":{"self":[{"href":"https:\/\/gazdasagportal.hu\/index.php\/wp-json\/wp\/v2\/posts\/51387"}],"collection":[{"href":"https:\/\/gazdasagportal.hu\/index.php\/wp-json\/wp\/v2\/posts"}],"about":[{"href":"https:\/\/gazdasagportal.hu\/index.php\/wp-json\/wp\/v2\/types\/post"}],"author":[{"embeddable":true,"href":"https:\/\/gazdasagportal.hu\/index.php\/wp-json\/wp\/v2\/users\/1"}],"replies":[{"embeddable":true,"href":"https:\/\/gazdasagportal.hu\/index.php\/wp-json\/wp\/v2\/comments?post=51387"}],"version-history":[{"count":1,"href":"https:\/\/gazdasagportal.hu\/index.php\/wp-json\/wp\/v2\/posts\/51387\/revisions"}],"predecessor-version":[{"id":51388,"href":"https:\/\/gazdasagportal.hu\/index.php\/wp-json\/wp\/v2\/posts\/51387\/revisions\/51388"}],"wp:attachment":[{"href":"https:\/\/gazdasagportal.hu\/index.php\/wp-json\/wp\/v2\/media?parent=51387"}],"wp:term":[{"taxonomy":"category","embeddable":true,"href":"https:\/\/gazdasagportal.hu\/index.php\/wp-json\/wp\/v2\/categories?post=51387"},{"taxonomy":"post_tag","embeddable":true,"href":"https:\/\/gazdasagportal.hu\/index.php\/wp-json\/wp\/v2\/tags?post=51387"}],"curies":[{"name":"wp","href":"https:\/\/api.w.org\/{rel}","templated":true}]}}