{"id":51385,"date":"2014-12-02T05:56:19","date_gmt":"2014-12-02T04:56:19","guid":{"rendered":"http:\/\/stockportal.hu\/?p=51385"},"modified":"2014-12-02T05:56:19","modified_gmt":"2014-12-02T04:56:19","slug":"onos-eso-jelenleg-is-tobb-helyen-dolgoznak-a-tuzoltok-a-karfelszamolason","status":"publish","type":"post","link":"https:\/\/gazdasagportal.hu\/index.php\/onos-eso-jelenleg-is-tobb-helyen-dolgoznak-a-tuzoltok-a-karfelszamolason\/","title":{"rendered":"\u00d3nos es\u0151 \u2013 Jelenleg is t\u00f6bb helyen dolgoznak a t\u0171zolt\u00f3k a k\u00e1rfelsz\u00e1mol\u00e1son"},"content":{"rendered":"<p><strong>T\u00f6bb helyen az \u00e9jszaka ut\u00e1n, m\u00e9g most is dolgoznak a katasztr\u00f3fav\u00e9delem t\u0171zolt\u00f3 egys\u00e9gei az \u00f3nos es\u0151 miatti k\u00e1rok felsz\u00e1mol\u00e1s\u00e1n \u2013 k\u00f6z\u00f6lte az Orsz\u00e1gos Katasztr\u00f3fav\u00e9delmi F\u0151igazgat\u00f3s\u00e1g (OKF) sz\u00f3viv\u0151je kedd hajnalban az MTI-vel.<\/strong><!--more--><\/p>\n<div class=\"ads-in-post1\"><div id=\"gazdasagportal.hu_fullbanner_wideboard\"><\/div>\r\n<\/div>\n<p>    Hajdu M\u00e1rton elmondta: a h\u00e9tf\u0151n \u00e9rkezett t\u00e9lies id\u0151j\u00e1r\u00e1s k\u00f6vetkezt\u00e9ben folyamatosan \u00e9rkeztek a bejelent\u00e9sek leszakadt fa\u00e1gakr\u00f3l, kid\u0151lt f\u00e1kr\u00f3l, kisebb-nagyobb \u00e1ramkimarad\u00e1sokr\u00f3l, vezet\u00e9kszakad\u00e1sr\u00f3l. Mindezek t\u00f6bb helyen a k\u00f6z\u00fati, vas\u00fati k\u00f6zleked\u00e9st is \u00e9rintett\u00e9k.<br \/>\n    Heves, Kom\u00e1rom-Esztergom \u00e9s Pest megy\u00e9ben, valamint a f\u0151v\u00e1rosban alakult operat\u00edv t\u00f6rzs a helyzet kezel\u00e9s\u00e9re.<br \/>\n    \u00c9jszaka Pest megy\u00e9ben volt a legkritikusabb a helyzet. \u00d6sszesen 37 telep\u00fcl\u00e9sen voltak probl\u00e9m\u00e1k az \u00e1ramell\u00e1t\u00e1ssal, 21 telep\u00fcl\u00e9sen jelenleg sincs \u00e1ram \u2013 mondta a sz\u00f3viv\u0151, kiemelve: az \u00e1ramsz\u00fcnet a kistarcsai k\u00f3rh\u00e1zat is \u00e9rintette, ahol \u00edgy tartal\u00e9k \u00e1ramforr\u00e1sr\u00f3l kellett biztos\u00edtani az energiaell\u00e1t\u00e1st. Dobog\u00f3k\u0151n tov\u00e1bbra is fenntartj\u00e1k a meleged\u0151helyeket \u2013 tette hozz\u00e1 Hajdu M\u00e1rton.<br \/>\n    A katasztr\u00f3fav\u00e9delem mindenkit arra figyelmeztet, hogy ne megszok\u00e1s szerint k\u00f6zlekedjen. A t\u00f6megk\u00f6zleked\u00e9sben, a vas\u00faton \u00e9s utakon is lehetnek balesetek, fennakad\u00e1sok, ez\u00e9rt javasolj\u00e1k, hogy mindenki id\u0151ben induljon el, s el\u0151tte t\u00e1j\u00e9koz\u00f3djon az id\u0151j\u00e1r\u00e1sr\u00f3l, az utak \u00e1llapot\u00e1r\u00f3l \u00e9s a lez\u00e1r\u00e1sokr\u00f3l \u2013 hangs\u00falyozta az OKF sz\u00f3viv\u0151je.<br \/>\n    Az Orsz\u00e1gos Meteorol\u00f3giai Szolg\u00e1lat kedd hajnalban az MTI-hez eljuttatott vesz\u00e9lyjelz\u00e9se szerint jelenleg kilenc megy\u00e9ben (Baranya, Borsod-Aba\u00faj-Zempl\u00e9n, Hajd\u00fa-Bihar, Heves, N\u00f3gr\u00e1d, Pest, Szabolcs-Szatm\u00e1r-Bereg, Vas, Veszpr\u00e9m) \u00e9s Budapesten van \u00e9rv\u00e9nyben els\u0151fok\u00fa figyelmeztet\u00e9s az \u00f3nos es\u0151 miatt.<br \/>\n    Az el\u0151rejelz\u00e9s szerint kedden, a nap folyam\u00e1n az es\u0151 mellett a Dun\u00e1nt\u00falon, az \u00c9szak-Alf\u00f6ld\u00f6n \u00f3nos es\u0151, az \u00c9szaki-k\u00f6z\u00e9phegys\u00e9gben havas es\u0151, havaz\u00e1s is kialakulhat. A h\u0151m\u00e9rs\u00e9klet kora d\u00e9lut\u00e1n \u00e9s k\u00e9s\u0151 este egyar\u00e1nt m\u00ednusz 1 \u00e9s plusz 5 Celsius-fok k\u00f6z\u00f6tt alakul.(MTI)<\/p>\n","protected":false},"excerpt":{"rendered":"<p>T\u00f6bb helyen az \u00e9jszaka ut\u00e1n, m\u00e9g most is dolgoznak a katasztr\u00f3fav\u00e9delem t\u0171zolt\u00f3 egys\u00e9gei az \u00f3nos es\u0151 miatti k\u00e1rok felsz\u00e1mol\u00e1s\u00e1n \u2013 k\u00f6z\u00f6lte az Orsz\u00e1gos Katasztr\u00f3fav\u00e9delmi F\u0151igazgat\u00f3s\u00e1g (OKF) sz\u00f3viv\u0151je kedd hajnalban az MTI-vel.<\/p>\n","protected":false},"author":1,"featured_media":0,"comment_status":"open","ping_status":"closed","sticky":false,"template":"","format":"standard","meta":[],"categories":[4],"tags":[],"_links":{"self":[{"href":"https:\/\/gazdasagportal.hu\/index.php\/wp-json\/wp\/v2\/posts\/51385"}],"collection":[{"href":"https:\/\/gazdasagportal.hu\/index.php\/wp-json\/wp\/v2\/posts"}],"about":[{"href":"https:\/\/gazdasagportal.hu\/index.php\/wp-json\/wp\/v2\/types\/post"}],"author":[{"embeddable":true,"href":"https:\/\/gazdasagportal.hu\/index.php\/wp-json\/wp\/v2\/users\/1"}],"replies":[{"embeddable":true,"href":"https:\/\/gazdasagportal.hu\/index.php\/wp-json\/wp\/v2\/comments?post=51385"}],"version-history":[{"count":1,"href":"https:\/\/gazdasagportal.hu\/index.php\/wp-json\/wp\/v2\/posts\/51385\/revisions"}],"predecessor-version":[{"id":51386,"href":"https:\/\/gazdasagportal.hu\/index.php\/wp-json\/wp\/v2\/posts\/51385\/revisions\/51386"}],"wp:attachment":[{"href":"https:\/\/gazdasagportal.hu\/index.php\/wp-json\/wp\/v2\/media?parent=51385"}],"wp:term":[{"taxonomy":"category","embeddable":true,"href":"https:\/\/gazdasagportal.hu\/index.php\/wp-json\/wp\/v2\/categories?post=51385"},{"taxonomy":"post_tag","embeddable":true,"href":"https:\/\/gazdasagportal.hu\/index.php\/wp-json\/wp\/v2\/tags?post=51385"}],"curies":[{"name":"wp","href":"https:\/\/api.w.org\/{rel}","templated":true}]}}