{"id":51318,"date":"2014-12-01T12:24:28","date_gmt":"2014-12-01T11:24:28","guid":{"rendered":"http:\/\/stockportal.hu\/?p=51318"},"modified":"2014-12-01T12:24:28","modified_gmt":"2014-12-01T11:24:28","slug":"onos-eso-a-fovarosban-is-gondokat-okoz-az-idojaras","status":"publish","type":"post","link":"https:\/\/gazdasagportal.hu\/index.php\/onos-eso-a-fovarosban-is-gondokat-okoz-az-idojaras\/","title":{"rendered":"\u00d3nos es\u0151 &#8211; A f\u0151v\u00e1rosban is gondokat okoz az id\u0151j\u00e1r\u00e1s"},"content":{"rendered":"<p><strong>A rendk\u00edv\u00fcli id\u0151j\u00e1r\u00e1si helyzet miatt a f\u0151v\u00e1ros t\u00f6bb ter\u00fclet\u00e9n is riasztott\u00e1k a t\u0171zolt\u00f3kat h\u00e9tf\u0151n m\u00e1r a reggeli \u00f3r\u00e1kt\u00f3l. T\u00f6bb utat is le kellett z\u00e1rni, biztons\u00e1gi okokb\u00f3l nem k\u00f6zlekedik a libeg\u0151 \u00e9s a gyermekvas\u00fat &#8211; k\u00f6z\u00f6lte a F\u0151v\u00e1rosi Katasztr\u00f3fav\u00e9delmi Igazgat\u00f3s\u00e1g sz\u00f3viv\u0151je az MTI-vel.<\/strong><!--more--><\/p>\n<div class=\"ads-in-post1\"><div id=\"gazdasagportal.hu_fullbanner_wideboard\"><\/div>\r\n<\/div>\n<p>    Kisdi M\u00e1t\u00e9 t\u00e1j\u00e9koztat\u00e1sa elmondta: jelenleg t\u00edz helysz\u00ednen dolgoznak a k\u00e1rok felsz\u00e1mol\u00e1s\u00e1n. Az \u00f3nos es\u0151 miatt a XII. \u00e9s a II. ker\u00fcletb\u0151l t\u00f6bb mint harminc jelz\u00e9s \u00e9rkezett a F\u0151v\u00e1rosi Katasztr\u00f3fav\u00e9delmi Igazgat\u00f3s\u00e1g \u00fcgyelet\u00e9re. A XII. ker\u00fcletben a fagyos es\u0151 miatt az E\u00f6tv\u00f6s \u00fathoz, a Konkoly Thege utc\u00e1hoz, a Farkasv\u00f6lgyi \u00fathoz \u00e9s a Felh\u0151 utc\u00e1hoz riasztott\u00e1k a t\u0171zolt\u00f3kat. A Budakeszi \u00faton, a Nagykov\u00e1csi le\u00e1gaz\u00e1s k\u00f6rny\u00e9k\u00e9n t\u00f6bb helyen is forgalmi akad\u00e1lyt k\u00e9peznek a kid\u0151lt f\u00e1k \u00e9s a nagyobb fa\u00e1gak. Az Orgona \u00f6sv\u00e9nyn\u00e9l lak\u00f3h\u00e1z el\u00e9 d\u0151lt egy fa, m\u00edg a Farkasv\u00f6lgyi \u00faton villanyvezet\u00e9ket rong\u00e1lt meg a lezuhan\u00f3 \u00e1g.<br \/>\n    A budai hegyi utakat le kellett z\u00e1rni. A Budapesti K\u00f6zleked\u00e9si K\u00f6zpont k\u00f6z\u00f6lte:t biztons\u00e1gi okokb\u00f3l nem k\u00f6zlekedik a libeg\u0151 \u00e9s a gyermekvas\u00fat. A Pilisi Parkerd\u0151t\u0151l kapott inform\u00e1ci\u00f3 szerint a budai turistautakat az erd\u00e9szek lez\u00e1rt\u00e1k. A budai oldalon a katasztr\u00f3fav\u00e9delmi megb\u00edzottak \u00e9s az \u00f6nkorm\u00e1nyzatok munkat\u00e1rsai biztos\u00edtj\u00e1k a helysz\u00edneket &#8211; fejtette ki Kisdi M\u00e1t\u00e9.<br \/>\n    A f\u0151v\u00e1rosi katasztr\u00f3fav\u00e9delemhez szem\u00e9lyi s\u00e9r\u00fcl\u00e9sr\u0151l nem \u00e9rkezett jelent\u00e9s &#8211; tette hozz\u00e1 a sz\u00f3viv\u0151.<br \/>\n    A hegyvid\u00e9ki \u00f6nkorm\u00e1nyzat arr\u00f3l t\u00e1j\u00e9koztatta az MTI-t, hogy f\u00e1k jegesed\u00e9se miatt vesz\u00e9lyes a Normafa k\u00f6rny\u00e9ke \u00e9s a budai hegyek \u00fatjai. T\u00f6bb fa kid\u0151lt, az E\u00f6tv\u00f6s utat r\u00e9szben lez\u00e1rt\u00e1k.<br \/>\n    Az Orsz\u00e1gos Katasztr\u00f3fav\u00e9delmi F\u0151igazgat\u00f3s\u00e1g (OKF) az MTI-hez eljuttatott k\u00f6zlem\u00e9ny\u00e9ben arra h\u00edvta fel a figyelmet, hogy a meteorol\u00f3giai el\u0151rejelz\u00e9sek szerint december els\u0151 napjaiban t\u00f6bbfel\u00e9 es\u0151, \u00f3nos es\u0151, havas es\u0151 \u00e9s havaz\u00e1s is lehet. Az id\u0151j\u00e1r\u00e1s miatt fennakad\u00e1sokra kell sz\u00e1m\u00edtani a vas\u00fati k\u00f6zleked\u00e9sben, villanyvezet\u00e9kek szakadhatnak le, fa\u00e1gak t\u00f6rhetnek le \u00e9s f\u00e1k d\u0151lhetnek ki a r\u00e1juk rak\u00f3d\u00f3 j\u00e9g s\u00falya alatt.(MTI)<\/p>\n","protected":false},"excerpt":{"rendered":"<p>A rendk\u00edv\u00fcli id\u0151j\u00e1r\u00e1si helyzet miatt a f\u0151v\u00e1ros t\u00f6bb ter\u00fclet\u00e9n is riasztott\u00e1k a t\u0171zolt\u00f3kat h\u00e9tf\u0151n m\u00e1r a reggeli \u00f3r\u00e1kt\u00f3l. T\u00f6bb utat is le kellett z\u00e1rni, biztons\u00e1gi okokb\u00f3l nem k\u00f6zlekedik a libeg\u0151 \u00e9s a gyermekvas\u00fat &#8211; k\u00f6z\u00f6lte a F\u0151v\u00e1rosi Katasztr\u00f3fav\u00e9delmi Igazgat\u00f3s\u00e1g sz\u00f3viv\u0151je az MTI-vel.<\/p>\n","protected":false},"author":1,"featured_media":0,"comment_status":"open","ping_status":"closed","sticky":false,"template":"","format":"standard","meta":[],"categories":[4,151],"tags":[],"_links":{"self":[{"href":"https:\/\/gazdasagportal.hu\/index.php\/wp-json\/wp\/v2\/posts\/51318"}],"collection":[{"href":"https:\/\/gazdasagportal.hu\/index.php\/wp-json\/wp\/v2\/posts"}],"about":[{"href":"https:\/\/gazdasagportal.hu\/index.php\/wp-json\/wp\/v2\/types\/post"}],"author":[{"embeddable":true,"href":"https:\/\/gazdasagportal.hu\/index.php\/wp-json\/wp\/v2\/users\/1"}],"replies":[{"embeddable":true,"href":"https:\/\/gazdasagportal.hu\/index.php\/wp-json\/wp\/v2\/comments?post=51318"}],"version-history":[{"count":1,"href":"https:\/\/gazdasagportal.hu\/index.php\/wp-json\/wp\/v2\/posts\/51318\/revisions"}],"predecessor-version":[{"id":51319,"href":"https:\/\/gazdasagportal.hu\/index.php\/wp-json\/wp\/v2\/posts\/51318\/revisions\/51319"}],"wp:attachment":[{"href":"https:\/\/gazdasagportal.hu\/index.php\/wp-json\/wp\/v2\/media?parent=51318"}],"wp:term":[{"taxonomy":"category","embeddable":true,"href":"https:\/\/gazdasagportal.hu\/index.php\/wp-json\/wp\/v2\/categories?post=51318"},{"taxonomy":"post_tag","embeddable":true,"href":"https:\/\/gazdasagportal.hu\/index.php\/wp-json\/wp\/v2\/tags?post=51318"}],"curies":[{"name":"wp","href":"https:\/\/api.w.org\/{rel}","templated":true}]}}