{"id":51300,"date":"2014-12-01T08:55:56","date_gmt":"2014-12-01T07:55:56","guid":{"rendered":"http:\/\/stockportal.hu\/?p=51300"},"modified":"2014-12-01T08:55:56","modified_gmt":"2014-12-01T07:55:56","slug":"lefagyott-utak-letort-faagak-onos-eso-neheziti-a-kozlekedest-dobogoko-tersegeben","status":"publish","type":"post","link":"https:\/\/gazdasagportal.hu\/index.php\/lefagyott-utak-letort-faagak-onos-eso-neheziti-a-kozlekedest-dobogoko-tersegeben\/","title":{"rendered":"Lefagyott utak, let\u00f6rt fa\u00e1gak, \u00f3nos es\u0151 nehez\u00edti a k\u00f6zleked\u00e9st Dobog\u00f3k\u0151 t\u00e9rs\u00e9g\u00e9ben"},"content":{"rendered":"<p><strong>Az \u00f3nos es\u0151 miatt cs\u00fasz\u00f3sak az utak a Pest megyei Dobog\u00f3k\u0151 k\u00f6rny\u00e9k\u00e9n, kid\u0151lt f\u00e1k, let\u00f6rt fa\u00e1gak is nehez\u00edtik a k\u00f6zleked\u00e9st &#8211; tudatta az Orsz\u00e1gos Katasztr\u00f3fav\u00e9delmi F\u0151igazgat\u00f3s\u00e1g h\u00e9tf\u0151 reggel az MTI-vel. A k\u00f6z\u00fatkezel\u0151 &#8222;er\u0151s\u00edt\u00e9st&#8221; k\u00fcld a helysz\u00ednre.<\/strong><!--more--><\/p>\n<div class=\"ads-in-post1\"><div id=\"gazdasagportal.hu_fullbanner_wideboard\"><\/div>\r\n<\/div>\n<p>    Az OKF honlapj\u00e1n egyebek mellett az olvashat\u00f3: a k\u00f6rny\u00e9ken \u00f3nos es\u0151 esett, a Pilisszentkereszt &#8211; Dobog\u00f3k\u0151 &#8211; Pilisszentl\u00e9lek telep\u00fcl\u00e9s \u00e1ltal hat\u00e1rolt ter\u00fclet \u00fatjain m\u00e1r dolgoznak a szentendrei hivat\u00e1sos \u00e9s a pom\u00e1zi \u00f6nkorm\u00e1nyzati t\u0171zolt\u00f3k.<br \/>\n    A katasztr\u00f3fav\u00e9delem arra k\u00e9ri a j\u00e1rm\u0171vezet\u0151ket, aki teheti, egyel\u0151re ker\u00fclje el Dobog\u00f3k\u0151 t\u00e9rs\u00e9g\u00e9t, illetve az arra k\u00f6zleked\u0151k vezessenek nagyon \u00f3vatosan.<br \/>\n    L\u0151rincz L\u00e1szl\u00f3, a dobog\u00f3k\u0151i s\u00edcentrum vezet\u0151je az MTI \u00e9rdekl\u0151d\u00e9s\u00e9re azt mondta: a vas\u00e1rnap este hullott csapad\u00e9k \u00e9jjel r\u00e1fagyott a hegyre vezet\u0151 utakra, a hegytet\u0151 fel\u00e9 k\u00f6zeledve egyre t\u00f6bb a let\u00f6rt fa\u00e1g. A busz is csak az \u00fat k\u00f6zep\u00e9n haladva tud feljutni a s\u00edcentrumhoz, ahol akadozik az \u00e1ramszolg\u00e1ltat\u00e1s.<br \/>\n    Dobog\u00f3k\u0151n jelenleg m\u00ednusz 2 fokot m\u00e9rnek &#8211; tette hozz\u00e1 L\u0151rincz L\u00e1szl\u00f3.<br \/>\n    P\u00e9csi Norbert S\u00e1ndor, a Magyar K\u00f6z\u00fat Nonprofit Zrt. kommunik\u00e1ci\u00f3s oszt\u00e1ly\u00e1nak vezet\u0151je k\u00f6z\u00f6lte, hogy a c\u00e9g g\u00e9pei vas\u00e1rnap est\u00e9t\u0151l h\u00e9tf\u0151 reggel f\u00e9l 6-ig sz\u00f3rt\u00e1k a Dobog\u00f3k\u0151 k\u00f6rny\u00e9ki utakat, \u00edgy azok jelenleg s\u00f3nedvesek, de a kor\u00e1bbi \u00f3nos es\u0151 s\u00faly\u00e1t\u00f3l bel\u00f3g\u00f3 \u00e1gak k\u00e9t kilom\u00e9teres szakaszon gondot okoznak. A Magyar K\u00f6z\u00fat egy sz\u00f3r\u00f3aut\u00f3t, valamint munk\u00e1sokat k\u00fcld a helysz\u00ednre, hogy seg\u00edts\u00e9k a katasztr\u00f3fav\u00e9delmi egys\u00e9geket az \u00fatszakasz megtiszt\u00edt\u00e1s\u00e1ban.(MTI)<\/p>\n","protected":false},"excerpt":{"rendered":"<p>Az \u00f3nos es\u0151 miatt cs\u00fasz\u00f3sak az utak a Pest megyei Dobog\u00f3k\u0151 k\u00f6rny\u00e9k\u00e9n, kid\u0151lt f\u00e1k, let\u00f6rt fa\u00e1gak is nehez\u00edtik a k\u00f6zleked\u00e9st &#8211; tudatta az Orsz\u00e1gos Katasztr\u00f3fav\u00e9delmi F\u0151igazgat\u00f3s\u00e1g h\u00e9tf\u0151 reggel az MTI-vel. A k\u00f6z\u00fatkezel\u0151 &#8222;er\u0151s\u00edt\u00e9st&#8221; k\u00fcld a helysz\u00ednre.<\/p>\n","protected":false},"author":1,"featured_media":0,"comment_status":"open","ping_status":"closed","sticky":false,"template":"","format":"standard","meta":[],"categories":[4,151],"tags":[],"_links":{"self":[{"href":"https:\/\/gazdasagportal.hu\/index.php\/wp-json\/wp\/v2\/posts\/51300"}],"collection":[{"href":"https:\/\/gazdasagportal.hu\/index.php\/wp-json\/wp\/v2\/posts"}],"about":[{"href":"https:\/\/gazdasagportal.hu\/index.php\/wp-json\/wp\/v2\/types\/post"}],"author":[{"embeddable":true,"href":"https:\/\/gazdasagportal.hu\/index.php\/wp-json\/wp\/v2\/users\/1"}],"replies":[{"embeddable":true,"href":"https:\/\/gazdasagportal.hu\/index.php\/wp-json\/wp\/v2\/comments?post=51300"}],"version-history":[{"count":1,"href":"https:\/\/gazdasagportal.hu\/index.php\/wp-json\/wp\/v2\/posts\/51300\/revisions"}],"predecessor-version":[{"id":51301,"href":"https:\/\/gazdasagportal.hu\/index.php\/wp-json\/wp\/v2\/posts\/51300\/revisions\/51301"}],"wp:attachment":[{"href":"https:\/\/gazdasagportal.hu\/index.php\/wp-json\/wp\/v2\/media?parent=51300"}],"wp:term":[{"taxonomy":"category","embeddable":true,"href":"https:\/\/gazdasagportal.hu\/index.php\/wp-json\/wp\/v2\/categories?post=51300"},{"taxonomy":"post_tag","embeddable":true,"href":"https:\/\/gazdasagportal.hu\/index.php\/wp-json\/wp\/v2\/tags?post=51300"}],"curies":[{"name":"wp","href":"https:\/\/api.w.org\/{rel}","templated":true}]}}