{"id":51254,"date":"2014-11-30T03:38:28","date_gmt":"2014-11-30T02:38:28","guid":{"rendered":"http:\/\/stockportal.hu\/?p=51254"},"modified":"2014-11-29T23:09:15","modified_gmt":"2014-11-29T22:09:15","slug":"mszp-fenyegeto-a-fizetetlen-miniszteriumi-tulmunka","status":"publish","type":"post","link":"https:\/\/gazdasagportal.hu\/index.php\/mszp-fenyegeto-a-fizetetlen-miniszteriumi-tulmunka\/","title":{"rendered":"MSZP: fenyeget\u0151 a fizetetlen miniszt\u00e9riumi t\u00falmunka"},"content":{"rendered":"<p><strong>Az MSZP szerint az embereknek most kell felemelni\u00fck a hangjukat a Minisztereln\u00f6ks\u00e9gen bejelentett fizetetlen t\u00falmunka ellen, k\u00fcl\u00f6nben hamarosan mindenki hasonl\u00f3 helyzetben tal\u00e1lhatja mag\u00e1t.<\/strong><!--more--><\/p>\n<div class=\"ads-in-post1\"><div id=\"gazdasagportal.hu_fullbanner_wideboard\"><\/div>\r\n<\/div>\n<p>    Bang\u00f3n\u00e9 Borb\u00e9ly Ildik\u00f3, az ellenz\u00e9ki p\u00e1rt orsz\u00e1ggy\u0171l\u00e9si k\u00e9pvisel\u0151je szombaton, Budapesten tartott sajt\u00f3t\u00e1j\u00e9koztat\u00f3j\u00e1n azt is mondta, hogy a Minisztereln\u00f6ks\u00e9get vezet\u0151 L\u00e1z\u00e1r J\u00e1nos \u00f6sszekeveri a k\u00f6zszolg\u00e1latot a rabszolgas\u00e1ggal, &#8222;fenyeget\u00e9seivel&#8221; pedig t\u00f6nkreteszi a t\u00e1rc\u00e1n\u00e1l dolgoz\u00f3k csal\u00e1di \u00e9let\u00e9t.<br \/>\n    Az MSZP j\u00f3l tudja, hogy ez csak egy k\u00eds\u00e9rleti terv &#8211; jegyezte meg a politikus, aki szerint a kabinet a mostani l\u00e9p\u00e9ssel azt is vizsg\u00e1lhatja, milyen megtakar\u00edt\u00e1st \u00e9rhetne el, ha sz\u00e9lesebb k\u00f6rben bevezetn\u00e9 a 10-12 \u00f3r\u00e1s munkanapokat.<br \/>\n    &#8222;A korrupt korm\u00e1ny m\u00e1r az emberek b\u00e9r\u00e9t akarja meglopni&#8221; &#8211; fogalmazott Bang\u00f3n\u00e9 Borb\u00e9ly Ildik\u00f3, szerinte ugyanis az \u00edgy megsp\u00f3rolt p\u00e9nzt a &#8222;haverjai&#8221; k\u00f6z\u00f6tt osztan\u00e1 fel ez a kabinet.<br \/>\n    Az ellenz\u00e9ki politikus bejelentette, az MSZP k\u00e9sz jogi seg\u00edts\u00e9get ny\u00fajtani a fizetetlen t\u00falmunka miatt t\u00e1voz\u00f3 k\u00f6zszolg\u00e1knak, tov\u00e1bb\u00e1 mindenkinek azt \u00fczeni, az internetad\u00f3 \u00fcgy\u00e9hez hasonl\u00f3an pr\u00f3b\u00e1lja ebben a k\u00e9rd\u00e9sben is megh\u00e1tr\u00e1l\u00e1sra k\u00e9sztetni a korm\u00e1nyt.<br \/>\n    A Magyar Nemzet kedden \u00edrt arr\u00f3l, hogy \u00e9rtes\u00fcl\u00e9seik szerint t\u00edz\u00f3r\u00e1s munkarendre \u00e1llhat \u00e1t t\u00f6bb miniszt\u00e9rium, illetve h\u00e1tt\u00e9rint\u00e9zm\u00e9ny is. K\u00f6z\u00f6lt\u00e9k: a L\u00e1z\u00e1r J\u00e1nos vezette Minisztereln\u00f6ks\u00e9gn\u00e9l m\u00e1r eddig is napi t\u00edz \u00f3r\u00e1t dolgoztak.<br \/>\n    A Minisztereln\u00f6ks\u00e9get vezet\u0151 miniszter az MTI-hez aznap eljuttatott k\u00f6zlem\u00e9ny\u00e9ben \u00fagy reag\u00e1lt: a Minisztereln\u00f6ks\u00e9g a korm\u00e1ny munk\u00e1j\u00e1nak \u00f6sszehangol\u00e1s\u00e1\u00e9rt, d\u00f6nt\u00e9seinek el\u0151k\u00e9sz\u00edt\u00e9s\u00e9\u00e9rt \u00e9s v\u00e9grehajt\u00e1s\u00e1\u00e9rt felel\u0151s szervezetk\u00e9nt a magyar k\u00f6zigazgat\u00e1si rendszer egyik legfontosabb, legnagyobb felel\u0151ss\u00e9g\u0171 int\u00e9zm\u00e9nye.<br \/>\n    L\u00e1z\u00e1r J\u00e1nos megjegyezte: minden munkat\u00e1rs\u00e1val egy\u00fctt a j\u00f6v\u0151ben is azon dolgoznak &#8211; ha kell, akkor nem napi t\u00edz, hanem tizenk\u00e9t \u00f3r\u00e1n \u00e1t -, hogy Magyarorsz\u00e1g K\u00f6z\u00e9p-Eur\u00f3pa legdinamikusabban fejl\u0151d\u0151 orsz\u00e1ga legyen.     Aki ott dolgozik, tudja, hogy &#8222;els\u0151sorban szolg\u00e1latot \u00e9s nem munk\u00e1t&#8221; v\u00e1llal &#8211; sz\u00f6gezte le.<br \/>\n    Kurucz \u00c9va korm\u00e1nysz\u00f3viv\u0151 a H\u00edr Tv-nek azt mondta: &#8222;ami\u00f3ta L\u00e1z\u00e1r J\u00e1nos el\u0151bb \u00e1llamtitk\u00e1rk\u00e9nt, majd miniszterk\u00e9nt a minisztereln\u00f6ks\u00e9get vezeti, az\u00f3ta 7.30-t\u00f3l 17.30-ig tart a munkaid\u0151, ezt a munkav\u00e1llal\u00f3k meg\u00e9rtett\u00e9k \u00e9s elfogadt\u00e1k&#8221;.(MTI)<\/p>\n","protected":false},"excerpt":{"rendered":"<p>Az MSZP szerint az embereknek most kell felemelni\u00fck a hangjukat a Minisztereln\u00f6ks\u00e9gen bejelentett fizetetlen t\u00falmunka ellen, k\u00fcl\u00f6nben hamarosan mindenki hasonl\u00f3 helyzetben tal\u00e1lhatja mag\u00e1t.<\/p>\n","protected":false},"author":1,"featured_media":0,"comment_status":"open","ping_status":"closed","sticky":false,"template":"","format":"standard","meta":[],"categories":[18],"tags":[],"_links":{"self":[{"href":"https:\/\/gazdasagportal.hu\/index.php\/wp-json\/wp\/v2\/posts\/51254"}],"collection":[{"href":"https:\/\/gazdasagportal.hu\/index.php\/wp-json\/wp\/v2\/posts"}],"about":[{"href":"https:\/\/gazdasagportal.hu\/index.php\/wp-json\/wp\/v2\/types\/post"}],"author":[{"embeddable":true,"href":"https:\/\/gazdasagportal.hu\/index.php\/wp-json\/wp\/v2\/users\/1"}],"replies":[{"embeddable":true,"href":"https:\/\/gazdasagportal.hu\/index.php\/wp-json\/wp\/v2\/comments?post=51254"}],"version-history":[{"count":1,"href":"https:\/\/gazdasagportal.hu\/index.php\/wp-json\/wp\/v2\/posts\/51254\/revisions"}],"predecessor-version":[{"id":51255,"href":"https:\/\/gazdasagportal.hu\/index.php\/wp-json\/wp\/v2\/posts\/51254\/revisions\/51255"}],"wp:attachment":[{"href":"https:\/\/gazdasagportal.hu\/index.php\/wp-json\/wp\/v2\/media?parent=51254"}],"wp:term":[{"taxonomy":"category","embeddable":true,"href":"https:\/\/gazdasagportal.hu\/index.php\/wp-json\/wp\/v2\/categories?post=51254"},{"taxonomy":"post_tag","embeddable":true,"href":"https:\/\/gazdasagportal.hu\/index.php\/wp-json\/wp\/v2\/tags?post=51254"}],"curies":[{"name":"wp","href":"https:\/\/api.w.org\/{rel}","templated":true}]}}