{"id":51237,"date":"2014-11-29T21:00:22","date_gmt":"2014-11-29T20:00:22","guid":{"rendered":"http:\/\/stockportal.hu\/?p=51237"},"modified":"2014-11-29T21:00:22","modified_gmt":"2014-11-29T20:00:22","slug":"egri-voros-es-madi-feher-lesz-debrecen-varos-bora-2015-ben","status":"publish","type":"post","link":"https:\/\/gazdasagportal.hu\/index.php\/egri-voros-es-madi-feher-lesz-debrecen-varos-bora-2015-ben\/","title":{"rendered":"Egri v\u00f6r\u00f6s \u00e9s m\u00e1di feh\u00e9r lesz Debrecen v\u00e1ros bora 2015-ben"},"content":{"rendered":"<p><strong>A Szent Tam\u00e1s pinc\u00e9szet 2013-as \u00e9vj\u00e1rat\u00fa M\u00c1D Furmintja \u00e9s a St. Andrea pinc\u00e9szet 2012-es \u00e9vj\u00e1rat\u00fa, \u00c1ld\u00e1s nev\u0171 egri bikav\u00e9re lesz 2015-ben Debrecen v\u00e1ros feh\u00e9r, illetve v\u00f6r\u00f6s bora &#8211; jelentette be Papp L\u00e1szl\u00f3, a v\u00e1ros polg\u00e1rmestere szombaton a III. Debreceni Bormustra megnyit\u00f3j\u00e1n.<\/strong><!--more--><\/p>\n<div class=\"ads-in-post1\"><div id=\"gazdasagportal.hu_fullbanner_wideboard\"><\/div>\r\n<\/div>\n<p>    &#8222;M\u00e1r nem bort iszik, aki \u00e9lvezni tudja azt, hanem titkokat&#8221; &#8211; id\u00e9zte Salvador Dalit a D\u00e9ri M\u00fazeumban tartott rendezv\u00e9nyen Papp L\u00e1szl\u00f3.<br \/>\n    Hozz\u00e1tette: egy nagyon r\u00e9gi hagyom\u00e1nyt eleven\u00edtenek fel, amikor ism\u00e9t lesz Debrecen v\u00e1rosnak bora.<br \/>\n    A magyar bor \u00e9s borkult\u00fara nem idegen Debrecent\u0151l: t\u00f6rt\u00e9nelmi t\u00e9ny, hogy \u00c9rmell\u00e9k \u00e9vsz\u00e1zadokon \u00e1t a v\u00e1ros sz\u0151l\u0151skertje volt. Az eg\u00e9sz K\u00e1rp\u00e1t-medenc\u00e9ben el\u0151sz\u00f6r, a Debrecent\u0151l alig 40 kilom\u00e9terre fekv\u0151 Bihardi\u00f3szegen alap\u00edtottak 1870-ben vincell\u00e9r iskol\u00e1t. Az pedig rangot, megbecs\u00fcl\u00e9st, tekint\u00e9lyt jelentett a m\u00f3dos debreceni polg\u00e1rok k\u00f6r\u00e9ben, ha sz\u0151l\u0151j\u00fck volt az \u00c9rmell\u00e9ken &#8211; jegyezte meg a polg\u00e1rmester, hozz\u00e1t\u00e9ve: ez\u00e9rt \u00e9rzi Debrecen v\u00e1ros vezet\u00e9se fontosnak, hogy ezzel a magas preszt\u00edzs\u0171 c\u00edmmel is t\u00e1mogassa a magyar bor\u00e1szatot a K\u00e1rp\u00e1t-medenc\u00e9ben.<br \/>\n    A Debrecen V\u00e1ros Bora c\u00edmk\u00e9vel ell\u00e1tott borok ugyanis egy\u00e9rtelm\u0171en a hagyom\u00e1ny tisztelete \u00e9s felel\u0151ss\u00e9ge mellett, az \u00e9rt\u00e9kk\u00f6zpont\u00fas\u00e1got k\u00e9pviselik. Annak \u00e9rdek\u00e9ben, hogy nemcsak a belf\u00f6ldi, hanem a k\u00fclf\u00f6ldi kapcsolatokban is j\u00f3 \u00fczenetk\u00f6zvet\u00edt\u0151 legyen \u00e9s er\u0151s\u00edtse a v\u00e1ros marketingj\u00e9t, angolul is olvashat\u00f3 a c\u00edmk\u00e9n a felirat.<br \/>\n    Debrecen v\u00e1ros vezet\u00e9se abban is b\u00edzik, hogy az ilyen c\u00edmk\u00e9vel ell\u00e1tott borokat t\u00f6bb debreceni \u00e9tterem fogja borlapj\u00e1ra, vagy t\u00f6bb debreceni csal\u00e1d fogja \u00fcnnepi asztal\u00e1ra tenni. Nemcsak kimagasl\u00f3 min\u0151s\u00e9g\u00fck \u00e9s j\u00f3 \u00e1r\/\u00e9rt\u00e9k ar\u00e1nyuk miatt, hanem mert mindannyian b\u00fcszk\u00e9k lehet\u00fcnk arra, hogy ezt a megtisztel\u0151 c\u00edmet viseli: Debrecen V\u00e1ros Bora &#8211; ismertette Papp L\u00e1szl\u00f3.<br \/>\n    Elmondta azt is: Debrecen v\u00e1ros bor\u00e1t minden \u00e9v v\u00e9g\u00e9n a Debreceni Bormustr\u00e1n jelentik be. A kiv\u00e1laszt\u00e1sban a Debreceni Boroz\u00f3 c\u00edm\u0171 szakfoly\u00f3irat munkat\u00e1rsainak b\u00edr\u00e1lat\u00e1ra \u00e9s aj\u00e1nl\u00e1s\u00e1ra t\u00e1maszkodunk, ezzel is elismerve a magyar borkult\u00far\u00e1\u00e9rt folytatott \u00f6nk\u00e9ntes munk\u00e1jukat.<br \/>\n    Debrecen v\u00e1ros bor\u00e1nak els\u0151 palackjait Papp L\u00e1szl\u00f3 Debrecen, Habis L\u00e1szl\u00f3 Eger \u00e9s Tat\u00e1rka J\u00f3zsef, M\u00e1d polg\u00e1rmestere l\u00e1tta el k\u00e9zjegy\u00e9vel. A v\u00e1ros borait ifj. Szepsy Istv\u00e1n, a Szent Tam\u00e1s pinc\u00e9szet \u00e9s ifj. L\u0151rincz Gy\u00f6rgy, a St. Andrea pinc\u00e9szet bor\u00e1sza mutatta be.<br \/>\n    A III. Debreceni Bormustr\u00e1n a Debreceni Boroz\u00f3 c\u00edm\u0171 foly\u00f3irat tesztjein legjobban szerepl\u0151 TOP20 bor\u00e1szat &#8211; Thummerer Pinc\u00e9szet, G\u00e1l Tibor Pinc\u00e9szet, Orsolya Pinc\u00e9szet, Besenyei Pinc\u00e9szet, Kov\u00e1cs Nimr\u00f3d Pinc\u00e9szet, Gr\u00f3f Buttler Pinc\u00e9szet, St. Andrea Pinc\u00e9szet, Egri Borv\u00e1r &#8211; T\u00f3th Ferenc Pinc\u00e9szet, Csernyik Pince, Sz\u0151ke M\u00e1ty\u00e1s \u00e9s Zolt\u00e1n Pinc\u00e9szet, Babiczki Pinc\u00e9szet, Mezei Pinc\u00e9szet, Szent Tam\u00e1s Pinc\u00e9szet, Diszn\u00f3k\u0151 Pinc\u00e9szet, Tokaj Nobilis Pinc\u00e9szet, Tokaj-H\u00e9tsz\u0151l\u0151 Sz\u0151l\u0151birtok, Holdv\u00f6lgy Birtok, B\u00e9res Sz\u0151l\u0151birtok, Pendits Sz\u0151l\u0151birtok, Basilicus Pinc\u00e9szet &#8211; 75 kimagasl\u00f3 min\u0151s\u00e9g\u0171 bor\u00e1t k\u00f3stolhatt\u00e1k meg az \u00e9rdekl\u0151d\u0151k. A bormustra d\u00edszvend\u00e9ge az id\u00e9n a badacsonyi borvid\u00e9k n\u00e9gy pinc\u00e9szete, a M\u00e1lik Pince, a Csob\u00e1nci Bormanufakt\u00fara, a Borb\u00e9ly Pinc\u00e9szet \u00e9s a Laposa Csal\u00e1di Birtok volt.(MTI)<\/p>\n","protected":false},"excerpt":{"rendered":"<p>A Szent Tam\u00e1s pinc\u00e9szet 2013-as \u00e9vj\u00e1rat\u00fa M\u00c1D Furmintja \u00e9s a St. Andrea pinc\u00e9szet 2012-es \u00e9vj\u00e1rat\u00fa, \u00c1ld\u00e1s nev\u0171 egri bikav\u00e9re lesz 2015-ben Debrecen v\u00e1ros feh\u00e9r, illetve v\u00f6r\u00f6s bora &#8211; jelentette be Papp L\u00e1szl\u00f3, a v\u00e1ros polg\u00e1rmestere szombaton a III. Debreceni Bormustra megnyit\u00f3j\u00e1n.<\/p>\n","protected":false},"author":1,"featured_media":0,"comment_status":"open","ping_status":"closed","sticky":false,"template":"","format":"standard","meta":[],"categories":[4],"tags":[],"_links":{"self":[{"href":"https:\/\/gazdasagportal.hu\/index.php\/wp-json\/wp\/v2\/posts\/51237"}],"collection":[{"href":"https:\/\/gazdasagportal.hu\/index.php\/wp-json\/wp\/v2\/posts"}],"about":[{"href":"https:\/\/gazdasagportal.hu\/index.php\/wp-json\/wp\/v2\/types\/post"}],"author":[{"embeddable":true,"href":"https:\/\/gazdasagportal.hu\/index.php\/wp-json\/wp\/v2\/users\/1"}],"replies":[{"embeddable":true,"href":"https:\/\/gazdasagportal.hu\/index.php\/wp-json\/wp\/v2\/comments?post=51237"}],"version-history":[{"count":1,"href":"https:\/\/gazdasagportal.hu\/index.php\/wp-json\/wp\/v2\/posts\/51237\/revisions"}],"predecessor-version":[{"id":51238,"href":"https:\/\/gazdasagportal.hu\/index.php\/wp-json\/wp\/v2\/posts\/51237\/revisions\/51238"}],"wp:attachment":[{"href":"https:\/\/gazdasagportal.hu\/index.php\/wp-json\/wp\/v2\/media?parent=51237"}],"wp:term":[{"taxonomy":"category","embeddable":true,"href":"https:\/\/gazdasagportal.hu\/index.php\/wp-json\/wp\/v2\/categories?post=51237"},{"taxonomy":"post_tag","embeddable":true,"href":"https:\/\/gazdasagportal.hu\/index.php\/wp-json\/wp\/v2\/tags?post=51237"}],"curies":[{"name":"wp","href":"https:\/\/api.w.org\/{rel}","templated":true}]}}