{"id":51010,"date":"2014-11-27T09:40:38","date_gmt":"2014-11-27T08:40:38","guid":{"rendered":"http:\/\/stockportal.hu\/?p=51010"},"modified":"2014-11-27T09:40:38","modified_gmt":"2014-11-27T08:40:38","slug":"71-szazalekra-csokkent-a-munkanelkulisegi-rata","status":"publish","type":"post","link":"https:\/\/gazdasagportal.hu\/index.php\/71-szazalekra-csokkent-a-munkanelkulisegi-rata\/","title":{"rendered":"7,1 sz\u00e1zal\u00e9kra cs\u00f6kkent a munkan\u00e9lk\u00fclis\u00e9gi r\u00e1ta"},"content":{"rendered":"<p><strong>A j\u00falius-szeptemberi 7,4 sz\u00e1zal\u00e9kr\u00f3l 7,1 sz\u00e1zal\u00e9kra cs\u00f6kkent a munkan\u00e9lk\u00fclis\u00e9gi r\u00e1ta augusztus-okt\u00f3berben, \u00edgy a 15-74 \u00e9ves koroszt\u00e1lyban 319 ezer munkan\u00e9lk\u00fcli volt, 114 ezerrel kevesebb az egy \u00e9vvel kor\u00e1bbin\u00e1l &#8211; jelentette cs\u00fct\u00f6rt\u00f6k\u00f6n a K\u00f6zponti Statisztikai Hivatal (KSH).<\/strong><!--more--><\/p>\n<div class=\"ads-in-post1\"><div id=\"gazdasagportal.hu_fullbanner_wideboard\"><\/div>\r\n<\/div>\n<p>    Az el\u0151z\u0151 \u00e9v azonos id\u0151szak\u00e1hoz k\u00e9pest jelent\u0151sen, 2,7 sz\u00e1zal\u00e9kponttal cs\u00f6kkent a munkan\u00e9lk\u00fclis\u00e9gi r\u00e1ta augusztus-okt\u00f3berben.<br \/>\n    A munkan\u00e9lk\u00fcliek fele egy \u00e9ve vagy ann\u00e1l r\u00e9gebben keresett \u00e1ll\u00e1st, a munkan\u00e9lk\u00fclis\u00e9g \u00e1tlagos id\u0151tartama pedig t\u00f6bb mint m\u00e1sf\u00e9l \u00e9v, mintegy 19 h\u00f3nap volt a KSH adatai szerint.<br \/>\n    A 15-74 \u00e9ves koroszt\u00e1lyban a f\u00e9rfiak k\u00f6z\u00fcl 164 ezren voltak munkan\u00e9lk\u00fcliek augusztus-okt\u00f3berben, 71 ezerrel kevesebben, mint egy \u00e9vvel ezel\u0151tt. Munkan\u00e9lk\u00fclis\u00e9gi r\u00e1t\u00e1juk 3,1 sz\u00e1zal\u00e9kponttal, 6,7 sz\u00e1zal\u00e9kra cs\u00f6kkent.<br \/>\n    A munkan\u00e9lk\u00fcli n\u0151k 156 ezres l\u00e9tsz\u00e1ma 43 ezerrel alacsonyabb volt az el\u0151z\u0151 \u00e9v azonos id\u0151szak\u00e1ban m\u00e9rtn\u00e9l, munkan\u00e9lk\u00fclis\u00e9gi r\u00e1t\u00e1juk 2,2 sz\u00e1zal\u00e9kponttal 7,6 sz\u00e1zal\u00e9kra cs\u00f6kkent.<br \/>\n    A munkan\u00e9lk\u00fcliek mintegy \u00f6t\u00f6de a munkaer\u0151-piacon csak kis sz\u00e1mban jelenl\u00e9v\u0151 15-24 \u00e9ves koroszt\u00e1lyb\u00f3l ker\u00fclt ki, ezen korcsoport 19,5 sz\u00e1zal\u00e9kos munkan\u00e9lk\u00fclis\u00e9gi r\u00e1t\u00e1ja 7,3 sz\u00e1zal\u00e9kponttal alacsonyabb, mint egy \u00e9vvel ezel\u0151tt.<br \/>\n    A 25-54 \u00e9vesek, vagyis az \u00fagynevezett legjobb munkav\u00e1llal\u00e1si kor\u00faak munkan\u00e9lk\u00fclis\u00e9gi r\u00e1t\u00e1ja 2,5 sz\u00e1zal\u00e9kponttal, 6,2 sz\u00e1zal\u00e9kra, az 55-64 \u00e9vesek\u00e9 1,8 sz\u00e1zal\u00e9kponttal, 5,9 sz\u00e1zal\u00e9kra cs\u00f6kkent.<br \/>\n    A Nemzeti Munka\u00fcgyi Hivatal adminisztrat\u00edv adatai szerint 2014. okt\u00f3ber v\u00e9g\u00e9n 395 200 nyilv\u00e1ntartott \u00e1ll\u00e1skeres\u0151 volt, ami t\u00f6bb mint 19 sz\u00e1zal\u00e9kos m\u00e9rs\u00e9kl\u0151d\u00e9s 2013 okt\u00f3ber\u00e9hez k\u00e9pest.(MTI)<\/p>\n","protected":false},"excerpt":{"rendered":"<p>A j\u00falius-szeptemberi 7,4 sz\u00e1zal\u00e9kr\u00f3l 7,1 sz\u00e1zal\u00e9kra cs\u00f6kkent a munkan\u00e9lk\u00fclis\u00e9gi r\u00e1ta augusztus-okt\u00f3berben, \u00edgy a 15-74 \u00e9ves koroszt\u00e1lyban 319 ezer munkan\u00e9lk\u00fcli volt, 114 ezerrel kevesebb az egy \u00e9vvel kor\u00e1bbin\u00e1l &#8211; jelentette cs\u00fct\u00f6rt\u00f6k\u00f6n a K\u00f6zponti Statisztikai Hivatal (KSH).<\/p>\n","protected":false},"author":1,"featured_media":0,"comment_status":"open","ping_status":"closed","sticky":false,"template":"","format":"standard","meta":[],"categories":[19],"tags":[],"_links":{"self":[{"href":"https:\/\/gazdasagportal.hu\/index.php\/wp-json\/wp\/v2\/posts\/51010"}],"collection":[{"href":"https:\/\/gazdasagportal.hu\/index.php\/wp-json\/wp\/v2\/posts"}],"about":[{"href":"https:\/\/gazdasagportal.hu\/index.php\/wp-json\/wp\/v2\/types\/post"}],"author":[{"embeddable":true,"href":"https:\/\/gazdasagportal.hu\/index.php\/wp-json\/wp\/v2\/users\/1"}],"replies":[{"embeddable":true,"href":"https:\/\/gazdasagportal.hu\/index.php\/wp-json\/wp\/v2\/comments?post=51010"}],"version-history":[{"count":1,"href":"https:\/\/gazdasagportal.hu\/index.php\/wp-json\/wp\/v2\/posts\/51010\/revisions"}],"predecessor-version":[{"id":51011,"href":"https:\/\/gazdasagportal.hu\/index.php\/wp-json\/wp\/v2\/posts\/51010\/revisions\/51011"}],"wp:attachment":[{"href":"https:\/\/gazdasagportal.hu\/index.php\/wp-json\/wp\/v2\/media?parent=51010"}],"wp:term":[{"taxonomy":"category","embeddable":true,"href":"https:\/\/gazdasagportal.hu\/index.php\/wp-json\/wp\/v2\/categories?post=51010"},{"taxonomy":"post_tag","embeddable":true,"href":"https:\/\/gazdasagportal.hu\/index.php\/wp-json\/wp\/v2\/tags?post=51010"}],"curies":[{"name":"wp","href":"https:\/\/api.w.org\/{rel}","templated":true}]}}