{"id":50736,"date":"2014-11-25T14:15:24","date_gmt":"2014-11-25T13:15:24","guid":{"rendered":"http:\/\/stockportal.hu\/?p=50736"},"modified":"2014-11-25T14:15:24","modified_gmt":"2014-11-25T13:15:24","slug":"a-jobbik-mentesitene-az-iparuzesi-alol-a-haziorvosokat","status":"publish","type":"post","link":"https:\/\/gazdasagportal.hu\/index.php\/a-jobbik-mentesitene-az-iparuzesi-alol-a-haziorvosokat\/","title":{"rendered":"A Jobbik mentes\u00edten\u00e9 az ipar\u0171z\u00e9si al\u00f3l a h\u00e1ziorvosokat"},"content":{"rendered":"<p><strong>A Jobbik azt javasolja, hogy a h\u00e1ziorvosoknak, h\u00e1zi gyermekorvosoknak \u00e9s az alapell\u00e1t\u00e1sban dolgoz\u00f3 fogorvosoknak ne kelljen helyi ipar\u0171z\u00e9si ad\u00f3t fizetni\u00fck.<\/strong><!--more--><\/p>\n<div class=\"ads-in-post1\"><div id=\"gazdasagportal.hu_fullbanner_wideboard\"><\/div>\r\n<\/div>\n<p>    Luk\u00e1cs L\u00e1szl\u00f3 Gy\u00f6rgy, a p\u00e1rt orsz\u00e1ggy\u0171l\u00e9si k\u00e9pvisel\u0151je keddi sajt\u00f3t\u00e1j\u00e9koztat\u00f3j\u00e1n azt mondta: a parlamentnek beny\u00fajtott ind\u00edtv\u00e1nya m\u00f6g\u00f6tt szakmai akarat van, a c\u00e9l pedig a finansz\u00edroz\u00e1sban h\u00e1tr\u00e1nyosan \u00e9rintett h\u00e1ziorvosok seg\u00edt\u00e9se.<br \/>\n    Az ellenz\u00e9ki politikus \u00fcdv\u00f6z\u00f6lte, hogy a korm\u00e1ny extra p\u00e9nzeket sz\u00e1n az alapell\u00e1t\u00e1s meger\u0151s\u00edt\u00e9s\u00e9re, azonban szerinte ezt &#8222;meg lehetne fejelni&#8221; a helyi ad\u00f3kr\u00f3l sz\u00f3l\u00f3 t\u00f6rv\u00e9ny m\u00f3dos\u00edt\u00e1s\u00e1val.<br \/>\n    A Jobbik sz\u00e1m\u00edt\u00e1sai szerint a mentess\u00e9g 1 milli\u00e1rd forintot hagyna az \u00e9rintettekn\u00e9l. Ez szerint\u00fck nem jelent\u0151s kies\u00e9s, de alkalmas lehet a hum\u00e1ner\u0151forr\u00e1s gondok megold\u00e1s\u00e1ra, eszk\u00f6zbeszerz\u00e9sre, a v\u00e1r\u00f3k fel\u00faj\u00edt\u00e1s\u00e1ra.<br \/>\n    Luk\u00e1cs L\u00e1szl\u00f3 Gy\u00f6rgy egy \u00e9letp\u00e1lyamodell elind\u00edt\u00e1s\u00e1t is s\u00fcrgette, jelezve, hogy az tiszt\u00e1bb\u00e1 tenn\u00e9 a fizet\u00e9sek helyezt\u00e9t \u00e9s megakad\u00e1lyozn\u00e1 az elv\u00e1ndorl\u00e1st.<br \/>\n    Sz\u00f3lt arr\u00f3l is, hogy t\u00f6bb forr\u00e1st kell bevonni az eg\u00e9szs\u00e9g\u00fcgyi ingatlanok fejleszt\u00e9s\u00e9be. &#8222;A f\u0171t\u00f6tt talaj\u00fa focip\u00e1ly\u00e1k helyett sokkal sz\u00edvesebben l\u00e1tn\u00e1nk f\u0171t\u00f6tt k\u00f3rtermeket, ahol sokkal gyorsabban l\u00e1badozn\u00e1nak a betegek, ellent\u00e9tben a focip\u00e1ly\u00e1kon lassan t\u00e9bl\u00e1bol\u00f3 focist\u00e1kkal&#8221; &#8211; fogalmazott.(MTI)<\/p>\n","protected":false},"excerpt":{"rendered":"<p>A Jobbik azt javasolja, hogy a h\u00e1ziorvosoknak, h\u00e1zi gyermekorvosoknak \u00e9s az alapell\u00e1t\u00e1sban dolgoz\u00f3 fogorvosoknak ne kelljen helyi ipar\u0171z\u00e9si ad\u00f3t fizetni\u00fck.<\/p>\n","protected":false},"author":1,"featured_media":0,"comment_status":"open","ping_status":"closed","sticky":false,"template":"","format":"standard","meta":[],"categories":[20,18],"tags":[],"_links":{"self":[{"href":"https:\/\/gazdasagportal.hu\/index.php\/wp-json\/wp\/v2\/posts\/50736"}],"collection":[{"href":"https:\/\/gazdasagportal.hu\/index.php\/wp-json\/wp\/v2\/posts"}],"about":[{"href":"https:\/\/gazdasagportal.hu\/index.php\/wp-json\/wp\/v2\/types\/post"}],"author":[{"embeddable":true,"href":"https:\/\/gazdasagportal.hu\/index.php\/wp-json\/wp\/v2\/users\/1"}],"replies":[{"embeddable":true,"href":"https:\/\/gazdasagportal.hu\/index.php\/wp-json\/wp\/v2\/comments?post=50736"}],"version-history":[{"count":1,"href":"https:\/\/gazdasagportal.hu\/index.php\/wp-json\/wp\/v2\/posts\/50736\/revisions"}],"predecessor-version":[{"id":50737,"href":"https:\/\/gazdasagportal.hu\/index.php\/wp-json\/wp\/v2\/posts\/50736\/revisions\/50737"}],"wp:attachment":[{"href":"https:\/\/gazdasagportal.hu\/index.php\/wp-json\/wp\/v2\/media?parent=50736"}],"wp:term":[{"taxonomy":"category","embeddable":true,"href":"https:\/\/gazdasagportal.hu\/index.php\/wp-json\/wp\/v2\/categories?post=50736"},{"taxonomy":"post_tag","embeddable":true,"href":"https:\/\/gazdasagportal.hu\/index.php\/wp-json\/wp\/v2\/tags?post=50736"}],"curies":[{"name":"wp","href":"https:\/\/api.w.org\/{rel}","templated":true}]}}