{"id":50671,"date":"2014-11-25T10:18:11","date_gmt":"2014-11-25T09:18:11","guid":{"rendered":"http:\/\/stockportal.hu\/?p=50671"},"modified":"2014-11-25T10:18:11","modified_gmt":"2014-11-25T09:18:11","slug":"nem-banktitok-a-korabban-partirodara-felvett-mfb-kolcson","status":"publish","type":"post","link":"https:\/\/gazdasagportal.hu\/index.php\/nem-banktitok-a-korabban-partirodara-felvett-mfb-kolcson\/","title":{"rendered":"Nem banktitok a kor\u00e1bban p\u00e1rtirod\u00e1ra felvett MFB-k\u00f6lcs\u00f6n"},"content":{"rendered":"<p><strong>A j\u00f6v\u0151ben nem min\u0151s\u00fclnek banktitoknak a kor\u00e1bban p\u00e1rtirod\u00e1ra felvett MFB-k\u00f6lcs\u00f6n\u00f6k adatai &#8211; d\u00f6nt\u00f6tt a Magyar Fejleszt\u00e9si Bank Zrt.-r\u0151l sz\u00f3l\u00f3 t\u00f6rv\u00e9ny m\u00f3dos\u00edt\u00e1s\u00e1val az Orsz\u00e1ggy\u0171l\u00e9s kedden.<\/strong><!--more--><\/p>\n<div class=\"ads-in-post1\"><div id=\"gazdasagportal.hu_fullbanner_wideboard\"><\/div>\r\n<\/div>\n<p>    A fideszes javaslatot a parlament 134 igen szavazattal, 20 nem ellen\u00e9ben \u00e9s 2 tart\u00f3zkod\u00e1s mellett hagyta j\u00f3v\u00e1.<br \/>\n    Az el\u0151terjeszt\u0151k &#8211; k\u00f6zt\u00fck L\u00e1z\u00e1r J\u00e1nos, a fejleszt\u00e9si bank fel\u00fcgyelet\u00e9rt is felel\u0151s Minisztereln\u00f6ks\u00e9g<br \/>\nvezet\u0151je &#8211; a k\u00f6z\u00fcgyek \u00e1tl\u00e1that\u00f3s\u00e1g\u00e1nak biztos\u00edt\u00e1s\u00e1val indokolt\u00e1k javaslatukat.<br \/>\n    A t\u00f6rv\u00e9ny a kihirdet\u00e9st k\u00f6vet\u0151 napon l\u00e9p hat\u00e1lyba, \u00e9s rendelkez\u00e9seit a m\u00e1r megk\u00f6t\u00f6tt \u00fcgyletekre is alkalmazni kell.<br \/>\n    A 2007-es vagyont\u00f6rv\u00e9ny adott lehet\u0151s\u00e9get arra, hogy a parlamenti p\u00e1rtok &#8211; \u00e1llami kezess\u00e9gv\u00e1llal\u00e1s mellett &#8211; kedvezm\u00e9nyes MFB-k\u00f6lcs\u00f6nnel m\u0171k\u00f6d\u00e9si c\u00e9l\u00fa ingatlanokat v\u00e1s\u00e1roljanak. A lehet\u0151s\u00e9ggel \u00e9ltek is a p\u00e1rtok, az elm\u00falt id\u0151szakban azonban t\u00f6bbsz\u00f6r is t\u00e9ma volt az, hogy az SZDSZ nem fizette vissza a hitelt. A jobbikos Szil\u00e1gyi Gy\u00f6rgy kor\u00e1bban feljelent\u00e9st is tett a t\u00f6rt\u00e9ntek miatt. A F\u0151v\u00e1rosi F\u0151\u00fcgy\u00e9szs\u00e9g m\u00e1rciusban azt k\u00f6z\u00f6lte az MTI-vel, hogy a<br \/>\nIX. ker\u00fcleti \u00fcgy\u00e9szs\u00e9g k\u00fcl\u00f6n\u00f6sen nagy k\u00e1rt okoz\u00f3 csal\u00e1s b\u0171ntett\u00e9nek gyan\u00faja miatt rendelt el nyomoz\u00e1st az SZDSZ tartoz\u00e1s\u00e1val \u00f6sszef\u00fcgg\u00e9sben. (MTI)<\/p>\n","protected":false},"excerpt":{"rendered":"<p>A j\u00f6v\u0151ben nem min\u0151s\u00fclnek banktitoknak a kor\u00e1bban p\u00e1rtirod\u00e1ra felvett MFB-k\u00f6lcs\u00f6n\u00f6k adatai &#8211; d\u00f6nt\u00f6tt a Magyar Fejleszt\u00e9si Bank Zrt.-r\u0151l sz\u00f3l\u00f3 t\u00f6rv\u00e9ny m\u00f3dos\u00edt\u00e1s\u00e1val az Orsz\u00e1ggy\u0171l\u00e9s kedden.<\/p>\n","protected":false},"author":1,"featured_media":0,"comment_status":"open","ping_status":"closed","sticky":false,"template":"","format":"standard","meta":[],"categories":[1],"tags":[],"_links":{"self":[{"href":"https:\/\/gazdasagportal.hu\/index.php\/wp-json\/wp\/v2\/posts\/50671"}],"collection":[{"href":"https:\/\/gazdasagportal.hu\/index.php\/wp-json\/wp\/v2\/posts"}],"about":[{"href":"https:\/\/gazdasagportal.hu\/index.php\/wp-json\/wp\/v2\/types\/post"}],"author":[{"embeddable":true,"href":"https:\/\/gazdasagportal.hu\/index.php\/wp-json\/wp\/v2\/users\/1"}],"replies":[{"embeddable":true,"href":"https:\/\/gazdasagportal.hu\/index.php\/wp-json\/wp\/v2\/comments?post=50671"}],"version-history":[{"count":1,"href":"https:\/\/gazdasagportal.hu\/index.php\/wp-json\/wp\/v2\/posts\/50671\/revisions"}],"predecessor-version":[{"id":50672,"href":"https:\/\/gazdasagportal.hu\/index.php\/wp-json\/wp\/v2\/posts\/50671\/revisions\/50672"}],"wp:attachment":[{"href":"https:\/\/gazdasagportal.hu\/index.php\/wp-json\/wp\/v2\/media?parent=50671"}],"wp:term":[{"taxonomy":"category","embeddable":true,"href":"https:\/\/gazdasagportal.hu\/index.php\/wp-json\/wp\/v2\/categories?post=50671"},{"taxonomy":"post_tag","embeddable":true,"href":"https:\/\/gazdasagportal.hu\/index.php\/wp-json\/wp\/v2\/tags?post=50671"}],"curies":[{"name":"wp","href":"https:\/\/api.w.org\/{rel}","templated":true}]}}