{"id":50669,"date":"2014-11-25T10:00:21","date_gmt":"2014-11-25T09:00:21","guid":{"rendered":"http:\/\/stockportal.hu\/?p=50669"},"modified":"2014-11-25T10:00:21","modified_gmt":"2014-11-25T09:00:21","slug":"devizahitelek-pm-a-forintositas-nem-a-valoban-raszorulokon-segit","status":"publish","type":"post","link":"https:\/\/gazdasagportal.hu\/index.php\/devizahitelek-pm-a-forintositas-nem-a-valoban-raszorulokon-segit\/","title":{"rendered":"Devizahitelek &#8211; PM: a forintos\u00edt\u00e1s nem a val\u00f3ban r\u00e1szorul\u00f3kon seg\u00edt"},"content":{"rendered":"<p><strong>A P\u00e1rbesz\u00e9d Magyarorsz\u00e1g\u00e9rt meggy\u0151z\u0151d\u00e9se szerint a devizahitelek forintos\u00edt\u00e1s\u00e1r\u00f3l sz\u00f3l\u00f3, kedden elfogadott t\u00f6rv\u00e9ny \u00e9ppen azokon nem fog seg\u00edteni, akik erre a legjobban r\u00e1szorulnak.<\/strong><!--more--><\/p>\n<div class=\"ads-in-post1\"><div id=\"gazdasagportal.hu_fullbanner_wideboard\"><\/div>\r\n<\/div>\n<p>    Err\u0151l a p\u00e1rt politikusa, Szab\u00f3 T\u00edmea f\u00fcggetlen k\u00e9pvisel\u0151 besz\u00e9lt Budapesten, sajt\u00f3t\u00e1j\u00e9koztat\u00f3n.<br \/>\n    A PM t\u00e1rseln\u00f6ke azt mondta, hogy a forintos\u00edt\u00e1s lehet\u0151s\u00e9g\u00e9t t\u00e1mogatn\u00e1k, de szerint\u00fck b\u0151v\u00edteni kellett volna azok k\u00f6r\u00e9t, akiknek nem k\u00f6telez\u0151 \u00e1tv\u00e1ltani a hitel\u00fcket.<br \/>\n    A n\u0151k elleni er\u0151szak felsz\u00e1mol\u00e1s\u00e1nak nemzetk\u00f6zi napja miatt \u00f6sszeh\u00edvott sajt\u00f3t\u00e1j\u00e9koztat\u00f3 elej\u00e9n a k\u00e9pvisel\u0151 meggy\u00fajtott k\u00e9t m\u00e9csest az \u00e1ldozatok eml\u00e9k\u00e9re. Szab\u00f3 T\u00edmea hangs\u00falyozta, hogy Magyarorsz\u00e1gon m\u00e1r minden \u00f6t\u00f6dik n\u0151 elszenvedett csal\u00e1don bel\u00fcli er\u0151szakot, aminek k\u00f6vetkezt\u00e9ben minden h\u00e9ten egy n\u0151 \u00e9s minden h\u00f3napban egy gyermek hal meg.<br \/>\n    Szab\u00f3 T\u00edmea felsz\u00f3l\u00edtotta a korm\u00e1nyt, hogy min\u00e9l hamarabb ratifik\u00e1lja az ENSZ Isztambuli Egyezm\u00e9ny\u00e9t, amelynek a n\u0151k ellen ir\u00e1nyul\u00f3 er\u0151szak felsz\u00e1mol\u00e1sa a c\u00e9lja.(MTI9<\/p>\n","protected":false},"excerpt":{"rendered":"<p>A P\u00e1rbesz\u00e9d Magyarorsz\u00e1g\u00e9rt meggy\u0151z\u0151d\u00e9se szerint a devizahitelek forintos\u00edt\u00e1s\u00e1r\u00f3l sz\u00f3l\u00f3, kedden elfogadott t\u00f6rv\u00e9ny \u00e9ppen azokon nem fog seg\u00edteni, akik erre a legjobban r\u00e1szorulnak.<\/p>\n","protected":false},"author":1,"featured_media":0,"comment_status":"open","ping_status":"closed","sticky":false,"template":"","format":"standard","meta":[],"categories":[19,112],"tags":[84,322],"_links":{"self":[{"href":"https:\/\/gazdasagportal.hu\/index.php\/wp-json\/wp\/v2\/posts\/50669"}],"collection":[{"href":"https:\/\/gazdasagportal.hu\/index.php\/wp-json\/wp\/v2\/posts"}],"about":[{"href":"https:\/\/gazdasagportal.hu\/index.php\/wp-json\/wp\/v2\/types\/post"}],"author":[{"embeddable":true,"href":"https:\/\/gazdasagportal.hu\/index.php\/wp-json\/wp\/v2\/users\/1"}],"replies":[{"embeddable":true,"href":"https:\/\/gazdasagportal.hu\/index.php\/wp-json\/wp\/v2\/comments?post=50669"}],"version-history":[{"count":1,"href":"https:\/\/gazdasagportal.hu\/index.php\/wp-json\/wp\/v2\/posts\/50669\/revisions"}],"predecessor-version":[{"id":50670,"href":"https:\/\/gazdasagportal.hu\/index.php\/wp-json\/wp\/v2\/posts\/50669\/revisions\/50670"}],"wp:attachment":[{"href":"https:\/\/gazdasagportal.hu\/index.php\/wp-json\/wp\/v2\/media?parent=50669"}],"wp:term":[{"taxonomy":"category","embeddable":true,"href":"https:\/\/gazdasagportal.hu\/index.php\/wp-json\/wp\/v2\/categories?post=50669"},{"taxonomy":"post_tag","embeddable":true,"href":"https:\/\/gazdasagportal.hu\/index.php\/wp-json\/wp\/v2\/tags?post=50669"}],"curies":[{"name":"wp","href":"https:\/\/api.w.org\/{rel}","templated":true}]}}