{"id":50507,"date":"2014-11-23T14:36:25","date_gmt":"2014-11-23T13:36:25","guid":{"rendered":"http:\/\/stockportal.hu\/?p=50507"},"modified":"2014-11-23T12:59:11","modified_gmt":"2014-11-23T11:59:11","slug":"eu-munkavallalas-london-evekre-megvonna-a-szocialis-juttatasokat-az-eu-munkavallaloktol","status":"publish","type":"post","link":"https:\/\/gazdasagportal.hu\/index.php\/eu-munkavallalas-london-evekre-megvonna-a-szocialis-juttatasokat-az-eu-munkavallaloktol\/","title":{"rendered":"EU-munkav\u00e1llal\u00e1s &#8211; London \u00e9vekre megvonn\u00e1 a szoci\u00e1lis juttat\u00e1sokat az EU-munkav\u00e1llal\u00f3kt\u00f3l"},"content":{"rendered":"<p><strong>T\u00f6bb \u00e9vre megvonna minden b\u00e9rkieg\u00e9sz\u00edt\u0151 szoci\u00e1lis juttat\u00e1st a brit korm\u00e1ny az Eur\u00f3pai Uni\u00f3 m\u00e1s orsz\u00e1gaib\u00f3l \u00e9rkez\u0151 munkav\u00e1llal\u00f3kt\u00f3l, ezzel is cs\u00f6kkentve a nagy-britanniai bev\u00e1ndorl\u00e1s vonzerej\u00e9t &#8211; \u00edrta a The Sunday Times.<\/strong><!--more--><\/p>\n<div class=\"ads-in-post1\"><div id=\"gazdasagportal.hu_fullbanner_wideboard\"><\/div>\r\n<\/div>\n<p>    A tekint\u00e9lyes vas\u00e1rnapi konzervat\u00edv brit lap korm\u00e1nyzati forr\u00e1sokb\u00f3l sz\u00e1rmaz\u00f3 \u00e9rtes\u00fcl\u00e9sei szerint David Cameron minisztereln\u00f6k \u00e9s st\u00e1bja az Open Europe nev\u0171 londoni kutat\u00f3int\u00e9zet h\u00e9tf\u0151n megjelen\u0151 javaslatcsomagja alapj\u00e1n dolgozik a szigor\u00edt\u00e1si terveken.<br \/>\n    Az int\u00e9zet &#8211; amelynek tanulm\u00e1ny\u00e1ba a lap el\u0151zetesen betekint\u00e9st nyert &#8211; azt javasolja, hogy a k\u00fclf\u00f6ldi EU-munkav\u00e1llal\u00f3k az elhelyezked\u00e9s\u00fck ut\u00e1ni egy-\u00f6t \u00e9v k\u00f6z\u00f6tti id\u0151szakban ne vehessenek ig\u00e9nybe b\u00e9ren k\u00edv\u00fcli szoci\u00e1lis juttat\u00e1sokat, p\u00e9ld\u00e1ul ad\u00f3j\u00f3v\u00e1\u00edr\u00e1st vagy lakhat\u00e1si hozz\u00e1j\u00e1rul\u00e1st. Az Open Europe szak\u00e9rt\u0151i k\u00e9t-h\u00e1rom \u00e9vi \u00e1tmeneti tilalmi id\u0151t tartanak &#8222;politikailag kivitelezhet\u0151nek&#8221;.<br \/>\n    A c\u00e9l az, hogy sok olyan EU-\u00e1llampolg\u00e1r, akinek a jelenlegi szab\u00e1lyoz\u00e1sok alapj\u00e1n m\u00e9g a t\u00f6rv\u00e9nyes brit minim\u00e1lb\u00e9rt megkeresve is vonz\u00f3 lenne a nagy-britanniai munkav\u00e1llal\u00e1s, ne j\u00e1rjon annyira j\u00f3l anyagilag, mint most.<br \/>\n    A tanulm\u00e1ny kimutatja, hogy p\u00e9ld\u00e1ul egy spanyol bev\u00e1ndorl\u00f3, aki Nagy-Britanni\u00e1ban a brit minim\u00e1lb\u00e9r\u00e9rt dolgozik, a juttat\u00e1sokkal egy\u00fctt \u00e1tlagosan 290,28 fontot (115 ezer forintot) keres hetente, 76,21 fonttal t\u00f6bbet, mint otthon. Ha megfosztj\u00e1k a munkav\u00e1llal\u00e1shoz k\u00f6t\u0151d\u0151 szoci\u00e1lis kedvezm\u00e9nyekt\u0151l, akkor heti nagy-britanniai j\u00f6vedelme 196,51 fontra (nem eg\u00e9szen 76 ezer forintra) cs\u00f6kkenne, ami viszont m\u00e1r heti 17,56 fontos vesztes\u00e9g lenne az otthon megszerezhet\u0151 \u00e1tlagos minim\u00e1lkeresethez k\u00e9pest.<br \/>\n    Az Open Europe elemz\u00e9se szerint a kelet-eur\u00f3pai munkav\u00e1llal\u00f3k eset\u00e9ben m\u00e9g sokkal nagyobb a nagy-britanniai munkav\u00e1llal\u00e1s b\u00e9rel\u0151nye. A h\u00e1z szak\u00e9rt\u0151inek sz\u00e1m\u00edt\u00e1sai szerint egy lengyel munkav\u00e1llal\u00f3 hetente \u00e1tlagosan 176,27 fonttal (68 ezer forinttal) keres t\u00f6bbet, mint otthon. Az alkalmazottaknak j\u00e1r\u00f3 brit szoci\u00e1lis kedvezm\u00e9nyek megvon\u00e1s\u00e1val ez a b\u00e9rel\u0151ny 82,50 fontra, vagyis a fel\u00e9re cs\u00f6kkenne.<br \/>\n    Pawel Swidlicki, az Open Europe K\u00f6z\u00e9p- \u00e9s Kelet-Eur\u00f3p\u00e1ra szakosodott elemz\u0151je a The Sunday Timesnak elmondta: a Nagy-Britanni\u00e1ban alkalmazott b\u00e9rkieg\u00e9sz\u00edt\u0151 szoci\u00e1lis juttat\u00e1sok rendszer\u00e9t arra tervezt\u00e9k, hogy \u00f6szt\u00f6n\u00f6zze a szoci\u00e1lis seg\u00e9lyeken \u00e9l\u0151k munk\u00e1ba \u00e1ll\u00e1s\u00e1t, \u00e1m jelenlegi form\u00e1j\u00e1ban gyakorlatilag brit k\u00f6lts\u00e9gvet\u00e9si t\u00e1mogat\u00e1st ny\u00fajt az EU-t\u00e1rs\u00e1llamokb\u00f3l \u00e9rkez\u0151 munkav\u00e1llal\u00f3knak is alacsony b\u00e9rez\u00e9s\u0171 nagy-britanniai \u00e1ll\u00e1sok bet\u00f6lt\u00e9s\u00e9hez.<br \/>\n    A brit lap \u00e9rtes\u00fcl\u00e9sei szerint David Cameron minisztereln\u00f6k v\u00e1rhat\u00f3an a h\u00e9t m\u00e1sodik fel\u00e9ben megtartja r\u00e9g\u00f3ta fesz\u00fclt figyelemmel v\u00e1rt besz\u00e9d\u00e9t, amelyben az EU-bev\u00e1ndorl\u00e1s szab\u00e1lyainak szigor\u00edt\u00e1si terveit ismerteti.<br \/>\n    A korm\u00e1nyz\u00f3 brit Konzervat\u00edv P\u00e1rton bel\u00fcl k\u00fcl\u00f6n\u00f6sen az\u00f3ta er\u0151s\u00f6dtek fel az EU-bev\u00e1ndorl\u00e1s korl\u00e1toz\u00e1s\u00e1t szorgalmaz\u00f3 hangok, hogy az Egyes\u00fclt Kir\u00e1lys\u00e1g F\u00fcggetlens\u00e9gi P\u00e1rtja (UKIP) &#8211; amelynek politikai programja Nagy-Britannia kil\u00e9p\u00e9se az EU-b\u00f3l \u00e9s az uni\u00f3s \u00e1llampolg\u00e1rok szabad munkav\u00e1llal\u00e1s\u00e1nak megsz\u00fcntet\u00e9se &#8211; m\u00e1jusban megnyerte a brit eur\u00f3pai parlamenti v\u00e1laszt\u00e1sokat, nemr\u00e9giben pedig k\u00e9t id\u0151k\u00f6zi v\u00e1laszt\u00e1son is gy\u0151zelmet aratott, megszerezve els\u0151 k\u00e9t k\u00e9pvisel\u0151i mand\u00e1tum\u00e1t a brit parlamentben.<br \/>\n    David Cameron az ut\u00f3bbi hetekben t\u00f6bb nyilatkozat\u00e1ban is kijelentette, hogy nem lehet korl\u00e1tlan jognak tekinteni az Eur\u00f3pai Uni\u00f3n bel\u00fcli szabad munkaer\u0151mozg\u00e1st. A korm\u00e1nyf\u0151 a Konzervat\u00edv P\u00e1rt nemr\u00e9giben tartott \u00e9ves kongresszus\u00e1n azt mondta, hogy a bev\u00e1ndorl\u00e1s szigor\u00edt\u00e1s\u00e1nak k\u00e9rd\u00e9s\u00e9ben nem fogad el nemleges v\u00e1laszt Br\u00fcsszelt\u0151l.(MTI)<\/p>\n","protected":false},"excerpt":{"rendered":"<p>T\u00f6bb \u00e9vre megvonna minden b\u00e9rkieg\u00e9sz\u00edt\u0151 szoci\u00e1lis juttat\u00e1st a brit korm\u00e1ny az Eur\u00f3pai Uni\u00f3 m\u00e1s orsz\u00e1gaib\u00f3l \u00e9rkez\u0151 munkav\u00e1llal\u00f3kt\u00f3l, ezzel is cs\u00f6kkentve a nagy-britanniai bev\u00e1ndorl\u00e1s vonzerej\u00e9t &#8211; \u00edrta a The Sunday Times.<\/p>\n","protected":false},"author":1,"featured_media":0,"comment_status":"open","ping_status":"closed","sticky":false,"template":"","format":"standard","meta":[],"categories":[1],"tags":[],"_links":{"self":[{"href":"https:\/\/gazdasagportal.hu\/index.php\/wp-json\/wp\/v2\/posts\/50507"}],"collection":[{"href":"https:\/\/gazdasagportal.hu\/index.php\/wp-json\/wp\/v2\/posts"}],"about":[{"href":"https:\/\/gazdasagportal.hu\/index.php\/wp-json\/wp\/v2\/types\/post"}],"author":[{"embeddable":true,"href":"https:\/\/gazdasagportal.hu\/index.php\/wp-json\/wp\/v2\/users\/1"}],"replies":[{"embeddable":true,"href":"https:\/\/gazdasagportal.hu\/index.php\/wp-json\/wp\/v2\/comments?post=50507"}],"version-history":[{"count":1,"href":"https:\/\/gazdasagportal.hu\/index.php\/wp-json\/wp\/v2\/posts\/50507\/revisions"}],"predecessor-version":[{"id":50508,"href":"https:\/\/gazdasagportal.hu\/index.php\/wp-json\/wp\/v2\/posts\/50507\/revisions\/50508"}],"wp:attachment":[{"href":"https:\/\/gazdasagportal.hu\/index.php\/wp-json\/wp\/v2\/media?parent=50507"}],"wp:term":[{"taxonomy":"category","embeddable":true,"href":"https:\/\/gazdasagportal.hu\/index.php\/wp-json\/wp\/v2\/categories?post=50507"},{"taxonomy":"post_tag","embeddable":true,"href":"https:\/\/gazdasagportal.hu\/index.php\/wp-json\/wp\/v2\/tags?post=50507"}],"curies":[{"name":"wp","href":"https:\/\/api.w.org\/{rel}","templated":true}]}}