{"id":50419,"date":"2014-11-21T16:48:43","date_gmt":"2014-11-21T15:48:43","guid":{"rendered":"http:\/\/stockportal.hu\/?p=50419"},"modified":"2014-11-21T16:48:43","modified_gmt":"2014-11-21T15:48:43","slug":"a-forintositas-nemzetgazdasagi-elonye-hogy-a-kulso-adossagallomany-csokken","status":"publish","type":"post","link":"https:\/\/gazdasagportal.hu\/index.php\/a-forintositas-nemzetgazdasagi-elonye-hogy-a-kulso-adossagallomany-csokken\/","title":{"rendered":"A forintos\u00edt\u00e1s nemzetgazdas\u00e1gi el\u0151nye, hogy a k\u00fcls\u0151 ad\u00f3ss\u00e1g\u00e1llom\u00e1ny cs\u00f6kken"},"content":{"rendered":"<p><strong>A forintos\u00edt\u00e1s nemzetgazdas\u00e1gi el\u0151nye, hogy a k\u00fcls\u0151 ad\u00f3ss\u00e1g\u00e1llom\u00e1ny cs\u00f6kken \u2013 mondta Heged\u0171s \u00c9va, a Gr\u00e1nit Bank vez\u00e9rigazgat\u00f3ja, a bank aleln\u00f6ke a HBLF (Hungarian Business Leaders Forum)konferenci\u00e1j\u00e1n a devizahitelek forintos\u00edt\u00e1s\u00e1val kapcsolatban, \u00e9s ezzel egyet\u00e9rtettek a konferenci\u00e1n r\u00e9sztvev\u0151 banki szak\u00e9rt\u0151k, kor\u00e1bbi banksz\u00f6vets\u00e9gi vezet\u0151k is. Azt is el\u0151nynek nevezt\u00e9k, hogy a l\u00e9p\u00e9ssel a bankrendszerben megsz\u0171nik az egyik legnagyobb bizonytalans\u00e1gi t\u00e9nyez\u0151.<\/strong><!--more--><\/p>\n<div class=\"ads-in-post1\"><div id=\"gazdasagportal.hu_fullbanner_wideboard\"><\/div>\r\n<\/div>\n<p>    Felcsuti P\u00e9ter, a Magyar Banksz\u00f6vets\u00e9g kor\u00e1bbi eln\u00f6ke, a Raiffeisen Bank egykori vez\u00e9rigazgat\u00f3ja elmondta: nagyon furcsa helyzet, hogy azok a hitelint\u00e9zetek, amelyek Szlov\u00e1ki\u00e1ban, Csehorsz\u00e1gban egy\u00e1ltal\u00e1n nem ny\u00fajtottak devizahiteleket, p\u00e9ld\u00e1ul a Raiffeisen, vagy az Intesa le\u00e1nybankjai, ugyanezek a bankok Magyarorsz\u00e1gon moh\u00f3 devizahitelez\u00e9sbe fogtak. Ehhez meg kellene vizsg\u00e1lni, milyen makrogazdas\u00e1gi k\u00f6rnyezetben t\u00f6rt\u00e9nt mindez &#8211; mutatott r\u00e1. Felcsuti P\u00e9ter kiemelte: &#8222;m\u00edtosz&#8221; az, hogy a magyar bankrendszer nagyon nyeres\u00e9ges volt.<br \/>\n    Erdei Tam\u00e1s, az OTP Bank igazgat\u00f3s\u00e1g\u00e1nak tagja, aki szint\u00e9n egy ideig a banksz\u00f6vets\u00e9g eln\u00f6ke volt, hangs\u00falyozta az \u00fczleti f\u00f3rumon: a v\u00e1ls\u00e1g idej\u00e9n nemcsak a lakoss\u00e1gi devizahitelekkel voltak komoly gondok, hanem a v\u00e1llalati hitelportf\u00f3li\u00f3k is romlottak, ennek a terheit viszont a k\u00fclf\u00f6ldi tulajdonosok \u00e1llt\u00e1k. Erdei Tam\u00e1s r\u00e1mutatott: a gazdas\u00e1gi v\u00e1ls\u00e1gban a t\u0151kegondokat a bankok tulajdonosai &#8222;fair m\u00f3don&#8221; rendezt\u00e9k.<br \/>\n    Arr\u00f3l is sz\u00f3lt, hogy a devizahitelez\u00e9s el\u0151sz\u00f6r eur\u00f3ban indult, s nem t\u0171nt kock\u00e1zatosnak, mivel a gazdas\u00e1gpolitika azt k\u00f6zvet\u00edtette a lakoss\u00e1g fel\u00e9, hogy n\u00e9h\u00e1ny \u00e9ven bel\u00fcl az eur\u00f3t bevezetik Magyarorsz\u00e1gon. Erdei Tam\u00e1s szerint nagy k\u00e9rd\u00e9s az, hogy a felz\u00e1rk\u00f3z\u00e1shoz k\u00e9pz\u0151d\u00f6tt-e el\u00e9g hazai forr\u00e1s, a magyar bankrendszer a j\u00f6v\u0151ben csak hazai forr\u00e1sb\u00f3l biztos\u00edtani tudja-e a hitelez\u00e9st, v\u00e9lem\u00e9nye szerint erre a bankrendszer nem lesz k\u00e9pes, mert az \u00e1llam is a lakoss\u00e1gi forintforr\u00e1sok\u00e9rt k\u00fczd.<br \/>\n    Felcsuti P\u00e9ter szerint az eur\u00f3val nem volt probl\u00e9ma, de a sv\u00e1jci frankkal igen, viszont Magyarorsz\u00e1gon az \u00e1llam nem korl\u00e1tozta a frank-hitelek felv\u00e9tel\u00e9t, &#8222;egyfajta fogyaszt\u00f3v\u00e9delmi deficit&#8221; mutatkozott az \u00e1llam r\u00e9sz\u00e9r\u0151l.<br \/>\n    Wolf L\u00e1szl\u00f3, az OTP vez\u00e9rigazgat\u00f3-helyettese elmondta: a devizahitelez\u00e9s indul\u00e1sakor a kamatk\u00fcl\u00f6nb\u00f6zet \u00f6szt\u00f6n\u00f6zte igaz\u00e1b\u00f3l a hitelfelvev\u0151ket, az viszont, hogy devizahitelez\u00e9sn\u00e9l a sv\u00e1jci frank ker\u00fclt d\u00f6nt\u0151 s\u00falyba az eur\u00f3val szemben, nagy hiba volt.<br \/>\n    Ami a \u201efair bankr\u00f3l&#8221; sz\u00f3l\u00f3, az Orsz\u00e1ggy\u0171l\u00e9s \u00e1ltal most t\u00e1rgyalt t\u00f6rv\u00e9nyjavaslatot illeti, Wolf L\u00e1szl\u00f3 megjegyezte: az OTP eddig is ilyen politik\u00e1t folytatott, a t\u00f6rv\u00e9nyjavaslatot pedig sz\u00edvesebben t\u00e1mogatn\u00e1k, ha Magyarorsz\u00e1gon fair szab\u00e1lyoz\u00e1s, fair versenypolitika \u00e9rv\u00e9nyes\u00fclne. Kiemelte: az OTP-n\u00e9l &#8222;azt gondoljuk, mi eddig is fair m\u00f3don kezelt\u00fck az \u00fcgyfeleket&#8221;.<br \/>\n    Heged\u0171s \u00c9va kiemelte: a lakoss\u00e1got &#8222;k\u00e9t sz\u00e1mjegy\u0171 kamattal&#8221; nem lehet finansz\u00edrozni, amikor a devizahitelez\u00e9s elindult, a forinthitelek kamatai k\u00e9tsz\u00e1mjegy\u0171ek voltak. Al\u00e1h\u00fazta: a bankok nem k\u00e9sz\u00fcltek fel a kock\u00e1zatokra, de a fel\u00fcgyelet sem k\u00e9sz\u00edtette fel a bankokat erre. Hozz\u00e1tette: a v\u00e1ls\u00e1g idej\u00e9n m\u00e1r els\u0151sorban k\u00fclf\u00f6ldi hitelekb\u0151l zajlott a hitelez\u00e9s.<br \/>\n    Heged\u0171s \u00c9va kiemelte: aranyszab\u00e1lynak mondhat\u00f3, hogy a lakoss\u00e1got olyan deviz\u00e1ban kell hitelezni, amiben a j\u00f6vedelme keletkezik. R\u00e1mutatott: m\u00e1r 2010-ben elkezd\u0151d\u00f6tt a hitel\/bet\u00e9t ar\u00e1ny cs\u00f6kken\u00e9se.<br \/>\n    Erdei Tam\u00e1s elmondta: a v\u00e1ls\u00e1g ut\u00e1n a tulajdonosok felt\u0151k\u00e9s\u00edtett\u00e9k magyarorsz\u00e1gi bankjaikat. Hozz\u00e1f\u0171zte: amikor a magyar gazdas\u00e1g &#8222;d\u00fcb\u00f6rg\u00f6tt&#8221;, annak finansz\u00edroz\u00e1s\u00e1hoz nyilv\u00e1nval\u00f3an nem k\u00e9pz\u0151d\u00f6tt el\u00e9g belf\u00f6ldi forr\u00e1s, a felz\u00e1rk\u00f3z\u00e1shoz most sem elegend\u0151 a hazai forr\u00e1s &#8211; jegyezte meg.<br \/>\n    Felcsuti P\u00e9ter r\u00e1mutatott: a devizahitel kivezet\u00e9se \u00f6sszess\u00e9g\u00e9ben elfogadhat\u00f3, viszont a korm\u00e1ny n\u00e9gy \u00e9vet k\u00e9slekedett, eddig &#8222;v\u00e9reztette a bankszektort&#8221;, s\u00falyos politikai \u00e9s szakmai hiba volt. Felcsuti P\u00e9ter, aki kor\u00e1bban a Raiffeisen vez\u00e9rigazgat\u00f3ja volt, kiemelte: &#8222;trivi\u00e1lis, hogy a piacos\u00edt\u00e1s nem t\u00f6rt\u00e9nhet m\u00e1s \u00e1rfolyamon, csak piacin\u201d. Azt j\u00f3solta: tavasszal m\u00e1r gyeng\u00e9bb lesz a forint, akkor m\u00e1r \u00f6r\u00fclni fognak a devizahitelesek, ha most el\u00e9gedetlenkednek is a forintos\u00edt\u00e1s \u00e1rfolyama miatt.<br \/>\n    Erdei Tam\u00e1s is \u00fagy v\u00e9lte: a devizaad\u00f3sok helyzet\u00e9t csak ezzel az \u00e1rfolyammal lehet lez\u00e1rni, mert az nem megy, hogy van egy kedvezm\u00e9nyezett r\u00e9teg, az ad\u00f3sok\u00e9, \u00e9s minden teher a bankrendszerre h\u00e1rul, a hazai bankrendszer az elm\u00falt \u00e9vekben k\u00e9tezer milli\u00e1rd forintot bukott el. Aki azt emlegeti, hogy a k\u00fclf\u00f6ldi bankoknak extraprofitjuk volt, nem kalkul\u00e1lja bele, hogy amennyi p\u00e9nzt kivittek osztal\u00e9kk\u00e9nt, annyit be is hoztak a bankok felt\u0151k\u00e9s\u00edt\u00e9s\u00e9re &#8211; tette hozz\u00e1.<br \/>\n    Erdei Tam\u00e1s a k\u00fclf\u00f6ldi tulajdon\u00fa bankok \u00e1llami megv\u00e1s\u00e1rl\u00e1s\u00e1r\u00f3l kifejtette: ha lenne olyan t\u0151ke, amelyik a magyarorsz\u00e1gi bankokban hihetetlen \u00fczletet l\u00e1t k\u00f6z\u00e9p- \u00e9s hossz\u00fat\u00e1von, megveheti valamelyiket, Ha az \u00e1llam teszi ezt, az m\u00e1r k\u00e9ts\u00e9ges, &#8222;vesz\u00e9lyes vizekre evez\u00fcnk, ez nem trafik, itt ki kell fizetni a bet\u00e9teseket&#8221; &#8211; mondta Erdei Tam\u00e1s(MTI)<\/p>\n","protected":false},"excerpt":{"rendered":"<p>A forintos\u00edt\u00e1s nemzetgazdas\u00e1gi el\u0151nye, hogy a k\u00fcls\u0151 ad\u00f3ss\u00e1g\u00e1llom\u00e1ny cs\u00f6kken \u2013 mondta Heged\u0171s \u00c9va, a Gr\u00e1nit Bank vez\u00e9rigazgat\u00f3ja, a bank aleln\u00f6ke a HBLF (Hungarian Business Leaders Forum)konferenci\u00e1j\u00e1n a devizahitelek forintos\u00edt\u00e1s\u00e1val kapcsolatban, \u00e9s ezzel egyet\u00e9rtettek a konferenci\u00e1n r\u00e9sztvev\u0151 banki szak\u00e9rt\u0151k, kor\u00e1bbi banksz\u00f6vets\u00e9gi vezet\u0151k is. Azt is el\u0151nynek nevezt\u00e9k, hogy a l\u00e9p\u00e9ssel a bankrendszerben megsz\u0171nik az egyik legnagyobb &#8230;<\/p>\n","protected":false},"author":1,"featured_media":0,"comment_status":"open","ping_status":"closed","sticky":false,"template":"","format":"standard","meta":[],"categories":[19,112],"tags":[84],"_links":{"self":[{"href":"https:\/\/gazdasagportal.hu\/index.php\/wp-json\/wp\/v2\/posts\/50419"}],"collection":[{"href":"https:\/\/gazdasagportal.hu\/index.php\/wp-json\/wp\/v2\/posts"}],"about":[{"href":"https:\/\/gazdasagportal.hu\/index.php\/wp-json\/wp\/v2\/types\/post"}],"author":[{"embeddable":true,"href":"https:\/\/gazdasagportal.hu\/index.php\/wp-json\/wp\/v2\/users\/1"}],"replies":[{"embeddable":true,"href":"https:\/\/gazdasagportal.hu\/index.php\/wp-json\/wp\/v2\/comments?post=50419"}],"version-history":[{"count":1,"href":"https:\/\/gazdasagportal.hu\/index.php\/wp-json\/wp\/v2\/posts\/50419\/revisions"}],"predecessor-version":[{"id":50420,"href":"https:\/\/gazdasagportal.hu\/index.php\/wp-json\/wp\/v2\/posts\/50419\/revisions\/50420"}],"wp:attachment":[{"href":"https:\/\/gazdasagportal.hu\/index.php\/wp-json\/wp\/v2\/media?parent=50419"}],"wp:term":[{"taxonomy":"category","embeddable":true,"href":"https:\/\/gazdasagportal.hu\/index.php\/wp-json\/wp\/v2\/categories?post=50419"},{"taxonomy":"post_tag","embeddable":true,"href":"https:\/\/gazdasagportal.hu\/index.php\/wp-json\/wp\/v2\/tags?post=50419"}],"curies":[{"name":"wp","href":"https:\/\/api.w.org\/{rel}","templated":true}]}}